{"id":9175,"date":"2025-06-24T08:47:34","date_gmt":"2025-06-24T08:47:34","guid":{"rendered":"https:\/\/trementinalux.com\/Blog\/?p=9175"},"modified":"2025-06-25T15:51:41","modified_gmt":"2025-06-25T15:51:41","slug":"ton-chakra-beat-nos-vamos-a-estrasburgo","status":"publish","type":"post","link":"https:\/\/trementinalux.com\/Blog\/ton-chakra-beat-nos-vamos-a-estrasburgo\/","title":{"rendered":"Ton chakra beat! Nos vamos a Estrasburgo!"},"content":{"rendered":"<p>El festival <strong><a href=\"https:\/\/entendez-voir.fr\/\">Entendez-Voir !<\/a><\/strong> Nos ha invitado a participar del 24 al 29 junio en el Festival de cultura y arte inclusivo que se celebra en Estrasburgo. La Coral Allegro ONCE de la que formo parte, dar\u00e1 un concierto en la Place Kleber y all\u00ed mismo podr\u00e9is encontrar un stand donde muestro mi trayectoria de trabajo art\u00edstico inclusivo de los \u00faltimos a\u00f1os. El domingo impartir\u00e9 el taller \u00abTon chakra beat!\u00bb vinculando yoga y arteterapia, dentro de la l\u00ednea de investigaci\u00f3n con los centros de energ\u00eda en la que me hallo inmersa actualmente y que tanto me ilusiona compartir con vosotr@s.<\/p><p>Aqu\u00ed os dejo el material visual y auditivo. Feliz Verano. Nos vemos dentro. Gracias familia Allegro por este compartir divino y gracias Mireille e Yves por la invitaci\u00f3n y por organizar este bendito y necesario festival.<\/p><p><strong>TREMENTINA LUX<\/strong><\/p><p>Le festival <strong><a href=\"https:\/\/entendez-voir.fr\/\">Entendez-Voir !<\/a><\/strong> nous a convi\u00e9s \u00e0 participer, du 24 au 29 juin, \u00e0 ce bel \u00e9v\u00e9nement d\u00e9di\u00e9 \u00e0 la culture et \u00e0 l\u2019art inclusifs qui se tient \u00e0 Strasbourg. La chorale <strong>Allegro ONCE<\/strong>, dont je fais partie, donnera un concert sur la <strong>Place Kl\u00e9ber<\/strong>, o\u00f9 vous trouverez \u00e9galement un stand pr\u00e9sentant mon parcours artistique inclusif de ces derni\u00e8res ann\u00e9es.<\/p><p>Le dimanche, j\u2019animerai l\u2019atelier <em>\u00ab Ton chakra beat ! \u00bb<\/em>, un moment de partage entre yoga et art-th\u00e9rapie, dans le cadre de ma recherche actuelle sur les centres d\u2019\u00e9nergie \u2014 un chemin qui me passionne et que j\u2019ai grand plaisir \u00e0 partager avec vous.<\/p><p>Je vous laisse ici le mat\u00e9riel visuel et sonore. Bel \u00e9t\u00e9 \u00e0 toutes et tous. On se retrouve \u00e0 l\u2019int\u00e9rieur.<br>Merci \u00e0 la famille Allegro pour cette communion si pr\u00e9cieuse, et merci \u00e0<strong> Mireille et Yves<\/strong> pour l\u2019invitation et pour porter ce festival b\u00e9ni et \u00f4 combien n\u00e9cessaire.<\/p><p><strong>TREMENTINA LUX<\/strong><\/p><p>The <strong><a href=\"https:\/\/entendez-voir.fr\/\">Entendez-Voir!<\/a><\/strong> Festival has kindly invited us to take part in the Inclusive Arts and Culture Festival, taking place in <strong>Strasbourg from June 24th to 29th<\/strong>. As a member of the <strong>Allegro ONCE Choir<\/strong>, I\u2019ll be performing in a concert at <strong>Place Kl\u00e9ber<\/strong>, where you\u2019ll also find a stand showcasing my recent inclusive artistic work and journey over the past years.<\/p><p>On Sunday, I\u2019ll be leading the workshop <em>\u201cTon chakra beat!\u201d<\/em>, combining yoga and art therapy\u2014part of my current research into the body\u2019s energy centers, a path that deeply inspires me and which I\u2019m thrilled to share with all of you. <\/p><p>I Attached the visual and audio material. Wishing you a joyful summer. See you on the inside.<br>My heartfelt thanks to the Allegro family for this divine sharing, and to Mireille and Yves for the invitation and for organizing such a blessed and much-needed festival.<\/p><p><strong>TREMENTINA LUX<\/strong><\/p><figure class=\"wp-block-image size-full is-resized\"><img decoding=\"async\" width=\"1024\" height=\"768\" src=\"https:\/\/trementinalux.com\/Blog\/wp-content\/uploads\/2025\/06\/boton-bandera-francesa.png\" class=\"wp-image-9189\" style=\"width:75px;height:auto\" srcset=\"https:\/\/trementinalux.com\/Blog\/wp-content\/uploads\/2025\/06\/boton-bandera-francesa.png 1024w, https:\/\/trementinalux.com\/Blog\/wp-content\/uploads\/2025\/06\/boton-bandera-francesa-300x225.png 300w, https:\/\/trementinalux.com\/Blog\/wp-content\/uploads\/2025\/06\/boton-bandera-francesa-768x576.png 768w, https:\/\/trementinalux.com\/Blog\/wp-content\/uploads\/2025\/06\/boton-bandera-francesa-580x435.png 580w, https:\/\/trementinalux.com\/Blog\/wp-content\/uploads\/2025\/06\/boton-bandera-francesa-380x285.png 380w, https:\/\/trementinalux.com\/Blog\/wp-content\/uploads\/2025\/06\/boton-bandera-francesa-280x210.png 280w, https:\/\/trementinalux.com\/Blog\/wp-content\/uploads\/2025\/06\/boton-bandera-francesa-600x450.png 600w\" sizes=\"(max-width: 1024px) 100vw, 1024px\" \/><\/figure><figure class=\"wp-block-audio\"><audio controls src=\"http:\/\/trementinalux.com\/Blog\/wp-content\/uploads\/2025\/06\/TON-CHAKRA-BEAT_FRANCES_PRES.m4a\"><\/audio><\/figure><figure class=\"wp-block-audio\"><audio controls src=\"http:\/\/trementinalux.com\/Blog\/wp-content\/uploads\/2025\/06\/TON-CHAKRA-BEAT_1_7_FRANCES_CHAKRAS.m4a\"><\/audio><\/figure><figure class=\"wp-block-image size-full is-resized\"><img decoding=\"async\" width=\"607\" height=\"621\" src=\"http:\/\/trementinalux.com\/Blog\/wp-content\/uploads\/2021\/08\/BOTON-ESPANOL.jpg\" alt=\"\" class=\"wp-image-8160\" style=\"width:57px;height:auto\" srcset=\"https:\/\/trementinalux.com\/Blog\/wp-content\/uploads\/2021\/08\/BOTON-ESPANOL.jpg 607w, https:\/\/trementinalux.com\/Blog\/wp-content\/uploads\/2021\/08\/BOTON-ESPANOL-293x300.jpg 293w, https:\/\/trementinalux.com\/Blog\/wp-content\/uploads\/2021\/08\/BOTON-ESPANOL-580x593.jpg 580w, https:\/\/trementinalux.com\/Blog\/wp-content\/uploads\/2021\/08\/BOTON-ESPANOL-380x389.jpg 380w, https:\/\/trementinalux.com\/Blog\/wp-content\/uploads\/2021\/08\/BOTON-ESPANOL-280x286.jpg 280w\" sizes=\"(max-width: 607px) 100vw, 607px\" \/><\/figure><figure class=\"wp-block-audio\"><audio controls src=\"http:\/\/trementinalux.com\/Blog\/wp-content\/uploads\/2025\/06\/TON-CHAKRA-BEAT_ESPANOL_PRES.m4a\"><\/audio><\/figure><figure class=\"wp-block-audio\"><audio controls src=\"http:\/\/trementinalux.com\/Blog\/wp-content\/uploads\/2025\/06\/TON-CHAKRA-BEAT_ESPANOL_CHAKRAS.m4a\"><\/audio><\/figure><figure class=\"wp-block-image size-large\"><img decoding=\"async\" width=\"640\" height=\"1600\" src=\"https:\/\/trementinalux.com\/Blog\/wp-content\/uploads\/2025\/06\/TON-CHAKRA-BEAT_PANCARTA-640x1600.jpg\" alt=\"\" class=\"wp-image-9176\" srcset=\"https:\/\/trementinalux.com\/Blog\/wp-content\/uploads\/2025\/06\/TON-CHAKRA-BEAT_PANCARTA-640x1600.jpg 640w, https:\/\/trementinalux.com\/Blog\/wp-content\/uploads\/2025\/06\/TON-CHAKRA-BEAT_PANCARTA-120x300.jpg 120w, https:\/\/trementinalux.com\/Blog\/wp-content\/uploads\/2025\/06\/TON-CHAKRA-BEAT_PANCARTA-768x1920.jpg 768w, https:\/\/trementinalux.com\/Blog\/wp-content\/uploads\/2025\/06\/TON-CHAKRA-BEAT_PANCARTA-614x1536.jpg 614w, https:\/\/trementinalux.com\/Blog\/wp-content\/uploads\/2025\/06\/TON-CHAKRA-BEAT_PANCARTA-819x2048.jpg 819w, https:\/\/trementinalux.com\/Blog\/wp-content\/uploads\/2025\/06\/TON-CHAKRA-BEAT_PANCARTA-580x1450.jpg 580w, https:\/\/trementinalux.com\/Blog\/wp-content\/uploads\/2025\/06\/TON-CHAKRA-BEAT_PANCARTA-380x950.jpg 380w, https:\/\/trementinalux.com\/Blog\/wp-content\/uploads\/2025\/06\/TON-CHAKRA-BEAT_PANCARTA-280x700.jpg 280w, https:\/\/trementinalux.com\/Blog\/wp-content\/uploads\/2025\/06\/TON-CHAKRA-BEAT_PANCARTA-1180x2950.jpg 1180w, https:\/\/trementinalux.com\/Blog\/wp-content\/uploads\/2025\/06\/TON-CHAKRA-BEAT_PANCARTA-600x1500.jpg 600w, https:\/\/trementinalux.com\/Blog\/wp-content\/uploads\/2025\/06\/TON-CHAKRA-BEAT_PANCARTA-scaled.jpg 1024w\" sizes=\"(max-width: 640px) 100vw, 640px\" \/><\/figure><p><\/p>","protected":false},"excerpt":{"rendered":"<p>El festival Entendez-Voir ! Nos ha invitado a participar del 24 al 29 junio en el Festival de cultura y arte inclusivo que se celebra en Estrasburgo. La Coral Allegro ONCE de la que formo parte, dar\u00e1 un concierto en la Place Kleber y all\u00ed mismo podr\u00e9is encontrar un stand donde muestro mi trayectoria de [&hellip;]<\/p>\n","protected":false},"author":1,"featured_media":9177,"comment_status":"open","ping_status":"open","sticky":false,"template":"","format":"standard","meta":{"rop_custom_images_group":[],"rop_custom_messages_group":[],"rop_publish_now":"initial","rop_publish_now_accounts":[],"rop_publish_now_history":[],"rop_publish_now_status":"pending","ngg_post_thumbnail":0,"_jetpack_memberships_contains_paid_content":false,"footnotes":""},"categories":[429,8,11,367],"tags":[430,431],"class_list":["post-9175","post","type-post","status-publish","format-standard","has-post-thumbnail","hentry","category-arte-inclusivo","category-arte-y-otras-delicias-vindicativas","category-conciertos","category-ecofeminismo","tag-arte-inclusivo","tag-yoga-y-arteterapia"],"jetpack_featured_media_url":"https:\/\/trementinalux.com\/Blog\/wp-content\/uploads\/2025\/06\/TON-CHAKRA-BEAT-scaled.jpg","jetpack_likes_enabled":true,"jetpack_sharing_enabled":true,"_links":{"self":[{"href":"https:\/\/trementinalux.com\/Blog\/wp-json\/wp\/v2\/posts\/9175","targetHints":{"allow":["GET"]}}],"collection":[{"href":"https:\/\/trementinalux.com\/Blog\/wp-json\/wp\/v2\/posts"}],"about":[{"href":"https:\/\/trementinalux.com\/Blog\/wp-json\/wp\/v2\/types\/post"}],"author":[{"embeddable":true,"href":"https:\/\/trementinalux.com\/Blog\/wp-json\/wp\/v2\/users\/1"}],"replies":[{"embeddable":true,"href":"https:\/\/trementinalux.com\/Blog\/wp-json\/wp\/v2\/comments?post=9175"}],"version-history":[{"count":5,"href":"https:\/\/trementinalux.com\/Blog\/wp-json\/wp\/v2\/posts\/9175\/revisions"}],"predecessor-version":[{"id":9191,"href":"https:\/\/trementinalux.com\/Blog\/wp-json\/wp\/v2\/posts\/9175\/revisions\/9191"}],"wp:featuredmedia":[{"embeddable":true,"href":"https:\/\/trementinalux.com\/Blog\/wp-json\/wp\/v2\/media\/9177"}],"wp:attachment":[{"href":"https:\/\/trementinalux.com\/Blog\/wp-json\/wp\/v2\/media?parent=9175"}],"wp:term":[{"taxonomy":"category","embeddable":true,"href":"https:\/\/trementinalux.com\/Blog\/wp-json\/wp\/v2\/categories?post=9175"},{"taxonomy":"post_tag","embeddable":true,"href":"https:\/\/trementinalux.com\/Blog\/wp-json\/wp\/v2\/tags?post=9175"}],"curies":[{"name":"wp","href":"https:\/\/api.w.org\/{rel}","templated":true}]}}