{"id":9096,"date":"2024-11-05T12:42:58","date_gmt":"2024-11-05T12:42:58","guid":{"rendered":"https:\/\/trementinalux.com\/Blog\/?p=9096"},"modified":"2024-11-05T12:43:01","modified_gmt":"2024-11-05T12:43:01","slug":"testime-retrato-colectivo-de-las-almas-libres-desaparecidas-en-la-dana","status":"publish","type":"post","link":"https:\/\/trementinalux.com\/Blog\/testime-retrato-colectivo-de-las-almas-libres-desaparecidas-en-la-dana\/","title":{"rendered":"T\u2019ESTIME. Retrato colectivo de las almas libres desaparecidas en la DANA"},"content":{"rendered":"<p><span style=\"color:#b7734e\" class=\"has-inline-color\"><strong>ENLACE AL \u00c1LBUM AQU<\/strong><\/span><strong><span style=\"color:#b7734e\" class=\"has-inline-color\">\u00cd:<\/span><\/strong> <a href=\"https:\/\/photos.app.goo.gl\/mA35ydh4dF6T2spU7\" data-type=\"URL\" data-id=\"https:\/\/photos.app.goo.gl\/mA35ydh4dF6T2spU7\">https:\/\/photos.app.goo.gl\/mA35ydh4dF6T2spU7<\/a><\/p><p><strong><span class=\"has-inline-color has-black-color\">T\u2019ESTIME es un proyecto de intervenci\u00f3n arteterap\u00e9utica cuyo objetivo es reunir las imagenes de las personas que han desaparecido o fallecido tras la DANA de Val\u00e8ncia para enviarles amor y restaturar la armon\u00eda. Porque hasta ahora esas \u00bfm\u00e1s de 2.000 personas\u2026? son invisibles. Y esto causa dolor e impotencia. T\u2019estime en Valenciano significa te amo<\/span><\/strong>.<\/p><p><strong>T\u2019ESTIME<\/strong> es un \u00e1lbum de fotos abierto para que mediante la CO-CREACI\u00d3N, todas las personas afectadas pod\u00e1is subir la foto m\u00e1s hermosa de la persona que no encontr\u00e1is o que ha hecho el tr\u00e1nsito sin poder despedirse. Esta es la fase documental.&nbsp;<\/p><p><strong>\u00bfC\u00f3mo funciona?<\/strong><\/p><ol class=\"wp-block-list\" type=\"1\"><li>Elige la foto. Solo una imagen por persona, por favor.<\/li><li>Sube la imagen a este \u00e1lbum de fotos compartido.<\/li><li>En los comentarios de la foto, publica la informaci\u00f3n que consideres necesaria para enviarle fuerza y restaurar la armon\u00eda. Puede ser un dato muy sencillo sobre lo que m\u00e1s le gustaba hacer y su nombre, lo que desees.<\/li><\/ol><p><strong>\u00bfQui\u00e9n soy y por qu\u00e9 lanzo esta iniciativa?<\/strong><\/p><p><strong>Mi nombre es TREMENTINA LUX.<\/strong> Soy valenciana y artista pl\u00e1stica interdisciplinar. Realizo proyectos de intervenci\u00f3n social arteterap\u00e9utica. En los \u00faltimos a\u00f1os, en el Barrio del Carmen de Val\u00e8ncia, he realizado Fallas infantiles que han sido Premi de Fallas Inclusivas, Igualitarias y Diversas, de Sostenibilidad, Ingenio y Gracia, de Innovaci\u00f3n y Experimentaci\u00f3n. Me interesa la comunicaci\u00f3n entre \u00e1rboles y humanos. A lo mejor, fuiste de una de las 8.300 personas que visitaron OPEN BEDS en el Almud\u00edn de Valencia, una exposici\u00f3n entre India y Valencia sobre el amor y el matrimonio. <strong>T\u2019ESTIME<\/strong> &nbsp;se enmarca en LA SECUENCIA DEL AMOR UNIVERSAL, una serie de retratos que pint\u00e9 para hacer aparecer a personas desaparecidas. Esta es mi trayectoria, soy mejor con el arte que con la pala.<\/p><p><strong>T\u2019ESTIME<\/strong>, <strong>Retrato colectivo de las almas libres desaparecidas en la DANA,<\/strong> es mi aportaci\u00f3n para visibilizar a las personas que est\u00e1n sin estar. Quiero hacer un tapiz visual que les d\u00e9 la dimensi\u00f3n que merecen. Quiero enviarles el amor y la fuerza de la colectividad. Porque est\u00e9n donde est\u00e9n, la necesitan para transitar. Necesitan nuestra memoria, necesitan ser presencia y ser libertad.<\/p><p>Gracias y un abrazo descomunal<\/p><p><strong>TREMENTINA LUX.<\/strong><\/p><p>#testimeretratocolectivo<\/p><p><strong>IMPORTANTE<\/strong>: Cuando subes la foto al proyecto <strong>T\u2019ESTIME<\/strong> aceptas la cesi\u00f3n de derechos de imagen y consientes que se difunda y se imprima dentro del proyecto <strong>T\u2019ESTIME.<\/strong> Ten en cuenta que todos los datos de este \u00e1lbum son p\u00fablicos. <strong>Por favor:<\/strong> haz de ellos un uso RESPETUOSO Y CONSCIENTE. Si en alg\u00fan momento deseas retirarla eres libre de hacerlo. GRACIAS.<\/p>","protected":false},"excerpt":{"rendered":"<p>ENLACE AL \u00c1LBUM AQU\u00cd: https:\/\/photos.app.goo.gl\/mA35ydh4dF6T2spU7 T\u2019ESTIME es un proyecto de intervenci\u00f3n arteterap\u00e9utica cuyo objetivo es reunir las imagenes de las personas que han desaparecido o fallecido tras la DANA de Val\u00e8ncia para enviarles amor y restaturar la armon\u00eda. Porque hasta ahora esas \u00bfm\u00e1s de 2.000 personas\u2026? son invisibles. Y esto causa dolor e impotencia. T\u2019estime [&hellip;]<\/p>\n","protected":false},"author":1,"featured_media":9098,"comment_status":"open","ping_status":"open","sticky":false,"template":"","format":"standard","meta":{"rop_custom_images_group":[],"rop_custom_messages_group":[],"rop_publish_now":"initial","rop_publish_now_accounts":[],"rop_publish_now_history":[],"rop_publish_now_status":"pending","ngg_post_thumbnail":0,"_jetpack_memberships_contains_paid_content":false,"footnotes":""},"categories":[8,366,367,300],"tags":[],"class_list":["post-9096","post","type-post","status-publish","format-standard","has-post-thumbnail","hentry","category-arte-y-otras-delicias-vindicativas","category-climate-change","category-ecofeminismo","category-secuenciadelamoruniversal"],"jetpack_featured_media_url":"https:\/\/trementinalux.com\/Blog\/wp-content\/uploads\/2024\/11\/TESTIME_2.jpg","jetpack_likes_enabled":true,"jetpack_sharing_enabled":true,"_links":{"self":[{"href":"https:\/\/trementinalux.com\/Blog\/wp-json\/wp\/v2\/posts\/9096","targetHints":{"allow":["GET"]}}],"collection":[{"href":"https:\/\/trementinalux.com\/Blog\/wp-json\/wp\/v2\/posts"}],"about":[{"href":"https:\/\/trementinalux.com\/Blog\/wp-json\/wp\/v2\/types\/post"}],"author":[{"embeddable":true,"href":"https:\/\/trementinalux.com\/Blog\/wp-json\/wp\/v2\/users\/1"}],"replies":[{"embeddable":true,"href":"https:\/\/trementinalux.com\/Blog\/wp-json\/wp\/v2\/comments?post=9096"}],"version-history":[{"count":10,"href":"https:\/\/trementinalux.com\/Blog\/wp-json\/wp\/v2\/posts\/9096\/revisions"}],"predecessor-version":[{"id":9109,"href":"https:\/\/trementinalux.com\/Blog\/wp-json\/wp\/v2\/posts\/9096\/revisions\/9109"}],"wp:featuredmedia":[{"embeddable":true,"href":"https:\/\/trementinalux.com\/Blog\/wp-json\/wp\/v2\/media\/9098"}],"wp:attachment":[{"href":"https:\/\/trementinalux.com\/Blog\/wp-json\/wp\/v2\/media?parent=9096"}],"wp:term":[{"taxonomy":"category","embeddable":true,"href":"https:\/\/trementinalux.com\/Blog\/wp-json\/wp\/v2\/categories?post=9096"},{"taxonomy":"post_tag","embeddable":true,"href":"https:\/\/trementinalux.com\/Blog\/wp-json\/wp\/v2\/tags?post=9096"}],"curies":[{"name":"wp","href":"https:\/\/api.w.org\/{rel}","templated":true}]}}