{"id":9069,"date":"2024-11-02T19:39:54","date_gmt":"2024-11-02T19:39:54","guid":{"rendered":"https:\/\/trementinalux.com\/Blog\/?p=9069"},"modified":"2024-11-02T21:27:09","modified_gmt":"2024-11-02T21:27:09","slug":"sols-el-poble-salva-el-poble","status":"publish","type":"post","link":"https:\/\/trementinalux.com\/Blog\/sols-el-poble-salva-el-poble\/","title":{"rendered":"SOLS EL POBLE SALVA EL POBLE"},"content":{"rendered":"<p>Hace mucho que no escribo. Me dedico a estudiar. Hace cuatro d\u00edas que tampoco estudio. Me pongo en la piel de las aguas que vinieron Val\u00e8ncia abajo sin encontrar remanso, en la piel de la tierra hermosa que no suda, tan sellada y mancillada por nuestro asfalto, en el llanto de los \u00e1ngeles que reprimimos para que sonr\u00edan los turistas y se sequen las flores de los olivos y los almendros, en las l\u00e1grimas de sus berrinches desconsolados, en la piel de quienes contaron sin palabras este martes antes de Todos Santos y de quienes no lo cuentan ya. Me transformo en la esencia de los puentes sorprendidos por Madre Tierra rompiendo aguas, dilapindado coches como juguetes rotos. Me pongo en la corteza de los \u00e1rboles que nos miran compasivos, aliados a quienes torturamos en la calma pero a los que a\u00fan primitivamente sabemos abrazarnos, como a un padre amado que nos salva, en medio de la tormenta. <\/p><p><\/p><p>En todas esas pieles me pongo y me recompongo. En todos esos lodos y todos esos barros llenos a\u00fan de almas libres que se zafaron de la caja. En todas esas p\u00e9rdidas y encuentros, en ese peregrinaje de escobas y restos y alimentos enlatados cruzando el puente que nos conecta con lo sagrado, en ese tr\u00e1nsito hacia el otro mundo me enfundo y lato. En ese sonido de las botas en el fango que tiene algo de encarnado. En esta apasionante energ\u00eda unificadora de renovaci\u00f3n de la armon\u00eda que ha cambiado de cuajo tantas vidas este octubre que acaba en cuatro, que se lleva sin so\u00f1arlo cuerpos, arrozales, huertas y riberas. Y sin embargo inquieta, como mi gato y el perrito de mi amiga que maullaban y ladraban oliendo el agua, as\u00ed a veces me viene la sensaci\u00f3n de ser un pueblo gobernado por psic\u00f3patas. Y cedo el paso a la esencia, a lo que importa, a lo que permanece y se regenera: la sublime naturaleza, tambi\u00e9n la nuestra, que nos recuerda el camino a seguir. Ahora solo hay que escucharla. Por m\u00e1s que rujan los motores y las cajas registradoras, qu\u00e9date con el silencio de las noches poco iluminadas y con el aire fresco de la ma\u00f1ana soleada. Con las buenas compa\u00f1\u00edas y la confianza intacta. Abraza, r\u00ede, empatiza, ama. <\/p><p>Gr\u00e0cies gran poble per ser tan sols poble que salva al poble. <\/p><p>Y a las personas que desabastec\u00e9is los supermercados, por favor pensad que a\u00fan quedan dos meses para invitarnos en Navidad<\/p><p>TREMENTINA LUX<\/p><p>RESPECTO A LA IMAGEN: Pod\u00e9is usar esta imagen para automprimiros camisetas. La tipograf\u00eda \u00abRefugio\u00bb que he utilizado para componerla est\u00e1 inspirada en el cartel \u00abRefugio\u00bb situado en los refugios valencianos en \u00e9poca de la guerra donde nuestras familias se refugiaban de los bombardeos. El peque\u00f1o Barrio del Carmen cuenta todav\u00eda con varios de ellos y es para nuestro pueblo una tipograf\u00eda muy querida y emblematica. En 2006 Kike Correcher complet\u00f3 los car\u00e1cteres que faltaban. Desde aqu\u00ed nuestra gratitud infinita. Me ha parecido oportuno recordar que las personas y los \u00e1rboles somos nuestro propio, \u00fanico e inmenso refugio.<\/p><p><strong>SOLS EL POBLE SALVA EL POBLE<\/strong><\/p><p>Fa molt que no escric. Em dedique a estudiar. Fa quatre dies que tampoc estudie. Em pose en la pell de les aig\u00fces que van vindre a Val\u00e8ncia cap a baix sense trobar rec\u00e9s, en la pell de la terra bella que no sua, tan segellada i tacada pel nostre asfalt, en el plor dels \u00e0ngels que reprimim perqu\u00e8 somriguen els turistes i s&#8217;assequen les flors de les oliveres i els ametlers, en les ll\u00e0grimes de les seues enrabiades sense consol, en la pell dels qui van contar sense paraules aquest dimarts abans de Tots Sants i dels qui no ho contaran ja. Em transforme en l&#8217;ess\u00e8ncia dels ponts sorpresos per Mare Terra trencant aig\u00fces, malbaratant cotxes com a joguets trencats. Em pose en l&#8217;escor\u00e7a dels arbres que ens miren compassius, aliats als qui torturem en la calma per\u00f2 als qui encara primitivament sabem abra\u00e7ar-nos, com a un pare estimat que ens salva, enmig de la tempesta.<\/p><p><br>En totes eixes pells em pose i em recomponc. En tots eixos llots i tots eixos fangs plens encara d&#8217;\u00e0nimes lliures que es van desfer de la caixa. En totes eixes p\u00e8rdues i trobades, en eixe pelegrinatge de graneres i restes i aliments enllaunats creuant el pont que ens connecta amb el sagrat, en eixe tr\u00e0nsit cap a l&#8217;altre m\u00f3n m&#8217;enfunde i lat. En eixe so de les botes en el fang que t\u00e9 alguna cosa d&#8217;encarnat. En aquesta apassionant energia unificadora de renovaci\u00f3 de l&#8217;harmonia que ha canviat d&#8217;arrel tantes vides aquest octubre que acaba en quatre, que s&#8217;emporta sense somiar-ho cossos, arrossars, hortes i riberes. I no obstant aix\u00f2 inquieta, com el meu gat i el gosset de la meua amiga que miolaven i bordaven olorant l&#8217;aigua, aix\u00ed a vegades em ve la sensaci\u00f3 de ser un poble governat per psic\u00f2pates. I done pas a l&#8217;ess\u00e8ncia, al que importa, al que roman i es regenera: la sublim naturalesa, tamb\u00e9 la nostra, que ens recorda el cam\u00ed a seguir. Ara nom\u00e9s cal escoltar-la. Per m\u00e9s que rugisquen els motors i les caixes registradores, queda&#8217;t amb el silenci de les nits poc il\u00b7luminades i amb l&#8217;aire fresc del mat\u00ed assolellat. Amb les bones companyies i la confian\u00e7a intacta. Abra\u00e7a, riu, empatitza, estima.<\/p><p><br>Gr\u00e0cies gran poble per ser tan sols poble que salva al poble.<\/p><p>I a les persones que desabastiu els supermercats, per favor penseu que encara queden dos mesos per a convidar-nos per Nadal<\/p><p><br>RESPECTE A LA IMATGE: Podeu usar aquesta imatge per a fer-vos samarretes. La tipografia \u00abRefugi\u00bb que he utilitzat per a compondre-la est\u00e0 inspirada en el cartell \u00abRefugi\u00bb situat en els refugis valencians en \u00e8poca de la guerra on les nostres fam\u00edlies es refugiaven dels bombardejos. El xicotet Barri del Carme compta encara amb diversos d&#8217;ells i \u00e9s per al nostre poble una tipografia molt volguda i emblematica. En 2006 Kike Correcher va completar els car\u00e0cters que faltaven. Des d&#8217;ac\u00ed la nostra gratitud infinita. M&#8217;ha semblat oport\u00fa recordar que les persones i els arbres som el nostre propi, \u00fanic i immens refugi.<\/p><p><strong>#solselpoblesalvaelpoble<\/strong><\/p>","protected":false},"excerpt":{"rendered":"<p>Hace mucho que no escribo. Me dedico a estudiar. Hace cuatro d\u00edas que tampoco estudio. Me pongo en la piel de las aguas que vinieron Val\u00e8ncia abajo sin encontrar remanso, en la piel de la tierra hermosa que no suda, tan sellada y mancillada por nuestro asfalto, en el llanto de los \u00e1ngeles que reprimimos [&hellip;]<\/p>\n","protected":false},"author":1,"featured_media":9070,"comment_status":"open","ping_status":"open","sticky":false,"template":"","format":"standard","meta":{"rop_custom_images_group":[],"rop_custom_messages_group":[],"rop_publish_now":"initial","rop_publish_now_accounts":[],"rop_publish_now_history":[],"rop_publish_now_status":"pending","ngg_post_thumbnail":0,"_jetpack_memberships_contains_paid_content":false,"footnotes":""},"categories":[367],"tags":[],"class_list":["post-9069","post","type-post","status-publish","format-standard","has-post-thumbnail","hentry","category-ecofeminismo"],"jetpack_featured_media_url":"https:\/\/trementinalux.com\/Blog\/wp-content\/uploads\/2024\/11\/SOLS-EL-POBLE-SALVA-EL-POBLE.jpg","jetpack_likes_enabled":true,"jetpack_sharing_enabled":true,"_links":{"self":[{"href":"https:\/\/trementinalux.com\/Blog\/wp-json\/wp\/v2\/posts\/9069","targetHints":{"allow":["GET"]}}],"collection":[{"href":"https:\/\/trementinalux.com\/Blog\/wp-json\/wp\/v2\/posts"}],"about":[{"href":"https:\/\/trementinalux.com\/Blog\/wp-json\/wp\/v2\/types\/post"}],"author":[{"embeddable":true,"href":"https:\/\/trementinalux.com\/Blog\/wp-json\/wp\/v2\/users\/1"}],"replies":[{"embeddable":true,"href":"https:\/\/trementinalux.com\/Blog\/wp-json\/wp\/v2\/comments?post=9069"}],"version-history":[{"count":15,"href":"https:\/\/trementinalux.com\/Blog\/wp-json\/wp\/v2\/posts\/9069\/revisions"}],"predecessor-version":[{"id":9095,"href":"https:\/\/trementinalux.com\/Blog\/wp-json\/wp\/v2\/posts\/9069\/revisions\/9095"}],"wp:featuredmedia":[{"embeddable":true,"href":"https:\/\/trementinalux.com\/Blog\/wp-json\/wp\/v2\/media\/9070"}],"wp:attachment":[{"href":"https:\/\/trementinalux.com\/Blog\/wp-json\/wp\/v2\/media?parent=9069"}],"wp:term":[{"taxonomy":"category","embeddable":true,"href":"https:\/\/trementinalux.com\/Blog\/wp-json\/wp\/v2\/categories?post=9069"},{"taxonomy":"post_tag","embeddable":true,"href":"https:\/\/trementinalux.com\/Blog\/wp-json\/wp\/v2\/tags?post=9069"}],"curies":[{"name":"wp","href":"https:\/\/api.w.org\/{rel}","templated":true}]}}