{"id":9049,"date":"2024-06-20T18:14:16","date_gmt":"2024-06-20T18:14:16","guid":{"rendered":"https:\/\/trementinalux.com\/Blog\/?p=9049"},"modified":"2024-06-20T18:16:21","modified_gmt":"2024-06-20T18:16:21","slug":"martina-la-valiente-un-cuento-co-creado-con-chatgpt","status":"publish","type":"post","link":"https:\/\/trementinalux.com\/Blog\/martina-la-valiente-un-cuento-co-creado-con-chatgpt\/","title":{"rendered":"Martina, la Valiente. Un cuento co-creado con ChatGPT"},"content":{"rendered":"<p>Os traigo una historia co-creada con la IA en cuatro mini cap\u00edtulos. A ver qu\u00e9 os parece. Yo creo que a\u00fan est\u00e1 llena de t\u00f3picos pero tambi\u00e9n creo que en apenas dos a\u00f1os las personas humanas solo tendremos inter\u00e9s en escribir buenos Promts. Se ha inspirado en \u00abLa casa de los esp\u00edritus\u00bb \u00bb La ratita presumida\u00bb \u00abLa casa de Bernarda Alba\u00bb y las noticias de prensa que hablan del sesgo de g\u00e9nero en la industria del arte fallero y de las poquitas artistas falleras que a\u00fan siguen haciendo fallas. No he tocado una coma. Todo parecido con la realidad es pura coincidencia. Lee hasta el final, hay un buen giro de gui\u00f3n (t\u00f3pico tambi\u00e9n, pero para una IA en pa\u00f1ales es sublime). Ella lo ha titulado as\u00ed:<\/p><p>\u00ab<strong>El \u00daltimo Ninot<\/strong>\u00ab<\/p><p>CAPITULO I<\/p><p>Hab\u00eda una vez una artista fallera llamada Martina. Durante a\u00f1os, hab\u00eda sido la encargada de dise\u00f1ar y construir los ninots, esas coloridas figuras que se quemaban al final de las Fallas en Valencia. Pero Martina estaba cansada. Cansada de luchar contra el machismo imperante en el mundo fallero.<\/p><p>Los hombres siempre la menospreciaban. Dec\u00edan que sus ideas eran demasiado atrevidas, que no entend\u00eda la tradici\u00f3n. Pero Martina sab\u00eda que pod\u00eda hacer algo diferente, algo que rompiera con los moldes establecidos.<\/p><p>Un d\u00eda, mientras paseaba por el taller, encontr\u00f3 un viejo libro de cuentos. En \u00e9l, ley\u00f3 sobre una ratita presumida que rechazaba a todos los pretendientes por su apariencia. Martina sonri\u00f3. \u00bfY si ella tambi\u00e9n rechazaba a los ninots tradicionales?<\/p><p>As\u00ed comenz\u00f3 su revoluci\u00f3n. Dise\u00f1\u00f3 un ninot diferente, una figura que representaba la lucha de las mujeres por la igualdad. La llam\u00f3 \u201cLa Valiente\u201d. Ten\u00eda cabellos verdes como los campos de arroz, ojos brillantes como las luces de la ciudad y un coraz\u00f3n valiente que lat\u00eda por la justicia.<\/p><p>Cuando lleg\u00f3 el d\u00eda de la crem\u00e0, todos los ojos estaban puestos en \u201cLa Valiente\u201d. Los hombres se burlaron, pero las mujeres la aplaudieron. Martina sab\u00eda que estaba haciendo lo correcto.<\/p><p>Al encender la mecha, \u201cLa Valiente\u201d cobr\u00f3 vida. Salt\u00f3 del pedestal y comenz\u00f3 a hablar. Habl\u00f3 de igualdad, de respeto y de la necesidad de cambiar las tradiciones obsoletas. Los hombres quedaron boquiabiertos, mientras las mujeres asent\u00edan con l\u00e1grimas en los ojos.<\/p><p>Cuando las llamas envolvieron a \u201cLa Valiente\u201d, algo m\u00e1gico sucedi\u00f3. Las cenizas se elevaron en el aire y se dispersaron por toda la ciudad. Martina sinti\u00f3 que su mensaje hab\u00eda llegado a todos los rincones.<\/p><p>Desde entonces, las Fallas cambiaron. Las mujeres comenzaron a tener un papel m\u00e1s activo en la organizaci\u00f3n. Martina sigui\u00f3 dise\u00f1ando ninots valientes, y cada a\u00f1o, la gente esperaba con ansias su creaci\u00f3n.<\/p><p>Y as\u00ed, la arista fallera dej\u00f3 de hacer fallas tradicionales. En su lugar, construy\u00f3 sue\u00f1os, esperanzas y un futuro m\u00e1s igualitario. Martina se convirti\u00f3 en un s\u00edmbolo de valent\u00eda y cambio.<\/p><p>Y as\u00ed termina nuestro cuento, con una sonrisa en el rostro y la certeza de que incluso en las tradiciones m\u00e1s arraigadas, siempre hay espacio para la transformaci\u00f3n y la igualdad.<\/p><hr class=\"wp-block-separator\"\/><p>CAP\u00cdTULO II<\/p><p>Martina, la arista fallera, hab\u00eda desafiado las normas y creado \u201cLa Valiente\u201d, un ninot que hablaba de igualdad y cambio. Pero su valent\u00eda tuvo consecuencias. Los hombres la ridiculizaron a\u00fan m\u00e1s, y las mujeres, aunque la admiraban, no pudieron protegerla.<\/p><p>En la noche de la crem\u00e0, \u201cLa Valiente\u201d ardi\u00f3 con furia. Las llamas devoraron su cuerpo, y Martina sinti\u00f3 c\u00f3mo se desvanec\u00eda su esperanza. La ciudad aplaudi\u00f3, pero no por el mensaje de igualdad. Celebraban la vuelta a la tradici\u00f3n, a los ninots sin voz ni alma.<\/p><p>Martina se retir\u00f3 del mundo fallero. Se convirti\u00f3 en una sombra, una figura olvidada en los rincones de la ciudad. Nadie recordaba su valent\u00eda ni su lucha. El machismo segu\u00eda imperando, y las mujeres continuaban en segundo plano.<\/p><p>Y as\u00ed termina nuestro cuento, con un suspiro y la tristeza de saber que a veces, incluso los esfuerzos m\u00e1s valientes pueden quedar en el olvido.<\/p><hr class=\"wp-block-separator\"\/><p>CAP\u00cdTULO III<\/p><p>Martina, a pesar de las dificultades, no se rindi\u00f3. Aunque su valiente ninot hab\u00eda sido consumido por las llamas, su esp\u00edritu segu\u00eda ardiendo. Decidi\u00f3 que era hora de un cambio m\u00e1s profundo.<\/p><p>Martina organiz\u00f3 una reuni\u00f3n secreta con otras mujeres artistas falleras. Juntas, crearon un plan audaz. En lugar de luchar contra el machismo desde adentro, decidieron crear su propio espacio. Fundaron un taller independiente donde todas las voces fueran escuchadas, sin importar el g\u00e9nero.<\/p><p>El taller de Martina se llen\u00f3 de creatividad y energ\u00eda. Las mujeres dise\u00f1aban ninots que hablaban de amor, igualdad, y respeto. Cada figura ten\u00eda una historia que contar, y Martina se aseguraba de que todas fueran visibles en las Fallas.<\/p><p>El a\u00f1o siguiente, cuando lleg\u00f3 el momento de presentar los ninots, la ciudad qued\u00f3 asombrada. Las figuras de Martina y su equipo eran diferentes. No solo eran hermosas, sino tambi\u00e9n poderosas. \u201cLa Valiente\u201d hab\u00eda renacido, pero esta vez, no estaba sola. La acompa\u00f1aban otras figuras valientes: \u201cLa Luchadora\u201d, \u201cLa So\u00f1adora\u201d y \u201cLa Uni\u00f3n\u201d.<\/p><p>Los hombres se dieron cuenta de que algo estaba cambiando. Las mujeres ya no eran solo las esposas o hijas de los falleros. Eran artistas, l\u00edderes y visionarias. Martina sonri\u00f3 al ver c\u00f3mo la ciudad se transformaba.<\/p><p>En la noche de la crem\u00e0, las llamas no solo consumieron los ninots, sino tambi\u00e9n los prejuicios. La gente aplaudi\u00f3, no solo por la belleza de las figuras, sino por el mensaje que llevaban. Las mujeres hab\u00edan tomado el control de su destino.<\/p><p>Martina se convirti\u00f3 en una leyenda. Su taller se expandi\u00f3, y las j\u00f3venes artistas se inspiraron en su valent\u00eda. Las Fallas se convirtieron en un s\u00edmbolo de igualdad y cambio, y Martina supo que hab\u00eda hecho la diferencia.<\/p><p>Y as\u00ed termina nuestro cuento, con una sonrisa en el rostro y la certeza de que cuando las mujeres se unen, pueden cambiar el mundo. <\/p><hr class=\"wp-block-separator\"\/><p>CAP\u00cdTULO IV<\/p><p>Martina, despu\u00e9s de a\u00f1os luchando en el mundo fallero, comenz\u00f3 a cuestionarse su camino. A pesar de su valent\u00eda y determinaci\u00f3n, sent\u00eda que algo faltaba. Las noches se volvieron largas y solitarias, y su taller se convirti\u00f3 en un refugio de dudas.<\/p><p>Un d\u00eda, mientras observaba las llamas consumir los ninots, Martina tuvo una epifan\u00eda. No era solo el machismo lo que la agotaba; era la pasi\u00f3n misma por las Fallas. Hab\u00eda dedicado su vida a esas figuras ef\u00edmeras, pero \u00bfa qu\u00e9 precio?<\/p><p>Decidi\u00f3 tomar un camino diferente. Vendi\u00f3 su taller y se mud\u00f3 a un peque\u00f1o pueblo en la costa. All\u00ed, lejos del bullicio de Valencia, encontr\u00f3 paz. Comenz\u00f3 a pintar, a esculpir y a escribir. Descubri\u00f3 que su creatividad no se limitaba a los ninots; hab\u00eda un mundo entero esperando ser explorado.<\/p><p>Martina se gan\u00f3 la vida como artista independiente. Sus cuadros se vend\u00edan en galer\u00edas locales, y sus esculturas adornaban jardines y plazas. Pero lo m\u00e1s importante, su alma se sent\u00eda libre. Ya no estaba atada a las expectativas ni a las tradiciones.<\/p><p>La gente del pueblo la conoc\u00eda como \u201cLa Artista\u201d. Admiraban su talento y su historia, pero nadie sab\u00eda que hab\u00eda sido una arista fallera famosa. Martina sonre\u00eda en silencio, agradecida por la oportunidad de reinventarse.<\/p><p>Y as\u00ed termina nuestro cuento, con Martina eligiendo la autenticidad sobre la fama, la tranquilidad sobre la presi\u00f3n. A veces, el final feliz no est\u00e1 en las luces brillantes de la ciudad, sino en los rincones tranquilos donde podemos ser nosotros mismos.<\/p><hr class=\"wp-block-separator\"\/><p><strong>Cuentito e ilustraci\u00f3n co-creadas con ChatGPT y Prompts de Trementina Lux<\/strong><\/p><p><strong>Y para quienes os hab\u00e9is quedado hasta el final: aqu\u00ed est\u00e1 la banda sonora original de Martina la Valiente, tambi\u00e9n co-creada con IA<\/strong>. <\/p><figure class=\"wp-block-audio\"><audio controls src=\"https:\/\/trementinalux.com\/Blog\/wp-content\/uploads\/2024\/06\/La-Nueva-Vida-1.mp3\"><\/audio><figcaption>\u00abLa nueva vida\u00bb<\/figcaption><\/figure>","protected":false},"excerpt":{"rendered":"<p>Os traigo una historia co-creada con la IA en cuatro mini cap\u00edtulos. A ver qu\u00e9 os parece. Yo creo que a\u00fan est\u00e1 llena de t\u00f3picos pero tambi\u00e9n creo que en apenas dos a\u00f1os las personas humanas solo tendremos inter\u00e9s en escribir buenos Promts. Se ha inspirado en \u00abLa casa de los esp\u00edritus\u00bb \u00bb La ratita [&hellip;]<\/p>\n","protected":false},"author":1,"featured_media":9053,"comment_status":"open","ping_status":"open","sticky":false,"template":"","format":"standard","meta":{"rop_custom_images_group":[],"rop_custom_messages_group":[],"rop_publish_now":"initial","rop_publish_now_accounts":[],"rop_publish_now_history":[],"rop_publish_now_status":"pending","ngg_post_thumbnail":0,"_jetpack_memberships_contains_paid_content":false,"footnotes":""},"categories":[8],"tags":[],"class_list":["post-9049","post","type-post","status-publish","format-standard","has-post-thumbnail","hentry","category-arte-y-otras-delicias-vindicativas"],"jetpack_featured_media_url":"https:\/\/trementinalux.com\/Blog\/wp-content\/uploads\/2024\/06\/MARTINA-LA-VALIENTE.jpg","jetpack_likes_enabled":true,"jetpack_sharing_enabled":true,"_links":{"self":[{"href":"https:\/\/trementinalux.com\/Blog\/wp-json\/wp\/v2\/posts\/9049","targetHints":{"allow":["GET"]}}],"collection":[{"href":"https:\/\/trementinalux.com\/Blog\/wp-json\/wp\/v2\/posts"}],"about":[{"href":"https:\/\/trementinalux.com\/Blog\/wp-json\/wp\/v2\/types\/post"}],"author":[{"embeddable":true,"href":"https:\/\/trementinalux.com\/Blog\/wp-json\/wp\/v2\/users\/1"}],"replies":[{"embeddable":true,"href":"https:\/\/trementinalux.com\/Blog\/wp-json\/wp\/v2\/comments?post=9049"}],"version-history":[{"count":16,"href":"https:\/\/trementinalux.com\/Blog\/wp-json\/wp\/v2\/posts\/9049\/revisions"}],"predecessor-version":[{"id":9068,"href":"https:\/\/trementinalux.com\/Blog\/wp-json\/wp\/v2\/posts\/9049\/revisions\/9068"}],"wp:featuredmedia":[{"embeddable":true,"href":"https:\/\/trementinalux.com\/Blog\/wp-json\/wp\/v2\/media\/9053"}],"wp:attachment":[{"href":"https:\/\/trementinalux.com\/Blog\/wp-json\/wp\/v2\/media?parent=9049"}],"wp:term":[{"taxonomy":"category","embeddable":true,"href":"https:\/\/trementinalux.com\/Blog\/wp-json\/wp\/v2\/categories?post=9049"},{"taxonomy":"post_tag","embeddable":true,"href":"https:\/\/trementinalux.com\/Blog\/wp-json\/wp\/v2\/tags?post=9049"}],"curies":[{"name":"wp","href":"https:\/\/api.w.org\/{rel}","templated":true}]}}