{"id":887,"date":"2008-02-27T11:32:06","date_gmt":"2008-02-27T11:32:06","guid":{"rendered":"http:\/\/trementinalux.com\/Blog\/?p=887"},"modified":"2011-06-02T11:32:33","modified_gmt":"2011-06-02T11:32:33","slug":"alboroto-marciano","status":"publish","type":"post","link":"https:\/\/trementinalux.com\/Blog\/alboroto-marciano\/","title":{"rendered":"ALBOROTO MARCIANO"},"content":{"rendered":"<p>No se en vuestra tierra que sudece cuando se acerca la primavera. Aqu\u00ed, en esta terreta mediterr\u00e1nea y folckor\u00edsima, febrero es un delfinario a la hora de la siesta, pasa inerte y sistem\u00e1tico hasta que pr\u00f3ximos al 28 o 29 la cosa se acantila y el alboroto del mes de marzo, tan fruitivo empieza a hacer de nuestras vidas un acto de deshibibici\u00f3n. En las venas la sangre adopta posturas de fiesta hipn\u00f3tica y la l\u00edbido se emancipa del invierno haci\u00e9ndose independiente de estufas y calefactores. <\/p>\n<p>Aprovechando la inercia biol\u00f3gica de la vuelta a la vida y el ardor reverberado de los gametos, no se ex\u00e1ctamente qui\u00e9n y justo cuando las hormonas comienzan a anularnos el juicio, nos fuerza a acabar el invierno decidiendo. Todas las votaciones que recuerdo tienen lugar ahora. Confundo Eurovisi\u00f3n con las Generales, los Oscars y los Premios de la M\u00fasica, dicen que los m\u00edtines son como conciertos de verano, no se porqu\u00e9 en el debate no surgi\u00f3 \u00abLa revoluci\u00f3n sexual\u00bb, aunque sin duda el mejor momento fue el de Javier Bardem.<\/p>\n<p>Hablar\u00eda de la calidad gr\u00e1fica de las campa\u00f1as publicitarias del bipartidismo acuciante, una tan moderna que es un RIP y la otra m\u00e1s simple que una zambomba, pero tengo tannnnto trabajo acumulado de este invierno y marzo empieza a estar tannnn cari\u00f1oso&#8230; que lo dejar\u00e9 quizas para el pr\u00f3ximo septiembre. Y es que claro, no es lo mismo la cabeza que los pies, ni el coraz\u00f3n, que la bragueta.<\/p>\n<p>Sea cual sea la parte de vuestra anatom\u00eda que se decida a votar cualquier cosa que sea votable, os deseo felices decisiones.<br \/>\nUn saludo irreverente,<br \/>\nTREMENTINA LUX<\/p>\n","protected":false},"excerpt":{"rendered":"<p>No se en vuestra tierra que sudece cuando se acerca la primavera. Aqu\u00ed, en esta terreta mediterr\u00e1nea y folckor\u00edsima, febrero es un delfinario a la hora de la siesta, pasa inerte y sistem\u00e1tico hasta que pr\u00f3ximos al 28 o 29 la cosa se acantila y el alboroto del mes de marzo, tan fruitivo empieza a [&hellip;]<\/p>\n","protected":false},"author":1,"featured_media":0,"comment_status":"open","ping_status":"open","sticky":false,"template":"","format":"standard","meta":{"rop_custom_images_group":[],"rop_custom_messages_group":[],"rop_publish_now":"initial","rop_publish_now_accounts":[],"rop_publish_now_history":[],"rop_publish_now_status":"pending","ngg_post_thumbnail":0,"_jetpack_memberships_contains_paid_content":false,"footnotes":""},"categories":[8],"tags":[],"class_list":["post-887","post","type-post","status-publish","format-standard","hentry","category-arte-y-otras-delicias-vindicativas"],"jetpack_featured_media_url":"","jetpack_likes_enabled":true,"jetpack_sharing_enabled":true,"_links":{"self":[{"href":"https:\/\/trementinalux.com\/Blog\/wp-json\/wp\/v2\/posts\/887","targetHints":{"allow":["GET"]}}],"collection":[{"href":"https:\/\/trementinalux.com\/Blog\/wp-json\/wp\/v2\/posts"}],"about":[{"href":"https:\/\/trementinalux.com\/Blog\/wp-json\/wp\/v2\/types\/post"}],"author":[{"embeddable":true,"href":"https:\/\/trementinalux.com\/Blog\/wp-json\/wp\/v2\/users\/1"}],"replies":[{"embeddable":true,"href":"https:\/\/trementinalux.com\/Blog\/wp-json\/wp\/v2\/comments?post=887"}],"version-history":[{"count":1,"href":"https:\/\/trementinalux.com\/Blog\/wp-json\/wp\/v2\/posts\/887\/revisions"}],"predecessor-version":[{"id":888,"href":"https:\/\/trementinalux.com\/Blog\/wp-json\/wp\/v2\/posts\/887\/revisions\/888"}],"wp:attachment":[{"href":"https:\/\/trementinalux.com\/Blog\/wp-json\/wp\/v2\/media?parent=887"}],"wp:term":[{"taxonomy":"category","embeddable":true,"href":"https:\/\/trementinalux.com\/Blog\/wp-json\/wp\/v2\/categories?post=887"},{"taxonomy":"post_tag","embeddable":true,"href":"https:\/\/trementinalux.com\/Blog\/wp-json\/wp\/v2\/tags?post=887"}],"curies":[{"name":"wp","href":"https:\/\/api.w.org\/{rel}","templated":true}]}}