{"id":87,"date":"2010-08-16T22:55:54","date_gmt":"2010-08-16T22:55:54","guid":{"rendered":"http:\/\/trementinalux.com\/Blog\/?p=87"},"modified":"2010-12-10T19:58:11","modified_gmt":"2010-12-10T19:58:11","slug":"sobre-el-miedo-el-deseo-y-la-indiferencia","status":"publish","type":"post","link":"https:\/\/trementinalux.com\/Blog\/sobre-el-miedo-el-deseo-y-la-indiferencia\/","title":{"rendered":"Sobre el miedo el deseo y la indiferencia"},"content":{"rendered":"<p><em>\u00abLa rosa,<br \/>\nno buscaba la rosa.<br \/>\nInmovil por el cielo<br \/>\nbuscaba otra cosa.\u00bb<\/em><\/p>\n<p style=\"text-align: right;\"><em>Federico Garc\u00eda Lorca,<br \/>\nC\u00e1sida de la rosa.<\/em><\/p>\n<p>Son las tres y hoy es lunes.<\/p>\n<p>Ma\u00f1ana estar\u00e9 en Sicilia, pasando calor.<br \/>\nAyer estuve en Aranda de Duero, pasando fr\u00edo.<\/p>\n<p>Ayer desayun\u00e9 en una cafeter\u00eda del centro Arandino. La ma\u00f1ana se orquestaba de trolleys arrastrando el sue\u00f1o por un helor soleado. El Sonorama tiene algo de lo mejor de la primavera del mediterr\u00e1neo.<\/p>\n<p>Junto a m\u00ed, que desayun\u00e9 s\u00f3la, hab\u00eda un grupo de veintea\u00f1eros modernos. Y pens\u00e9 en el miedo, el deseo y la indiferencia.<\/p>\n<p>Cuando somos ni\u00f1os y ni\u00f1as aquirimos miedos y deseos impostados que asumimos como propios. Son los gustos de nuestro grupo primario, y tambi\u00e9n sus terrores.<\/p>\n<p>En la adolescencia buscamos un grupo secundario, esp\u00edritus afines con quien compartir esos miedos y esos deseos, motores de la existencia, del ir y venir, raz\u00f3n de todo. Y todo queda en el grupo, no se escapa un miedo ni un deseo a esa correlaci\u00f3n arm\u00f3nica, p\u00e1same la mermelada.<\/p>\n<p>Hay quienes permanecen as\u00ed hasta la muerte, sin crecer. En grupo, en banda, viviendo sus miedos y sus deseos tribalmente, sin tomar conciencia de la alienaci\u00f3n, sabiendo quienes son en ese juego de roles, pero sin saberse a s\u00ed, por s\u00ed.<\/p>\n<p>Creo que se llega a la edad adulta, asesinados padre y madre y perdidos los amigos, cuando el ser humano se dice, -esto deseo, esto temo, y no cabe otra opci\u00f3n que afrontarlo en solitario.<\/p>\n<p>La persona con la que ten\u00eda que haber ido al Sonorama se qued\u00f3 en casa porque persegu\u00eda un deseo. La persona con quien pas\u00e9 la primera noche hu\u00eda de sus miedos y se encontr\u00f3 con ellos de madrugada, de modo que abandon\u00f3 la habitaci\u00f3n a la ma\u00f1ana siguiente. La persona que la sustituy\u00f3 ten\u00eda miedo de venir por si eso interfer\u00eda en su deseo. Anulado \u00e9ste vino y se dej\u00f3 llevar anestesiado por la indiferencia. Lleg\u00f3 un momento en que no sab\u00eda con quien viv\u00eda, con quien dorm\u00eda, con quien desayunar\u00eda.<\/p>\n<p>Yo creo que el deseo del miedo es el miedo del deseo y que por eso fu\u00ed al Sonorama. Para nunca dejarme atrapar por la indiferencia. Por eso desayun\u00e9 sola. Por eso os escribo.<\/p>\n<p>Y como no creo que esto os importe, ma\u00f1ana o pasado en la playa siciliana os cuento los detalles musicalescos de un festival modelo. Dice su organizador que cuando un grupo de gente desea lo mismo, el sue\u00f1o se cumple y eso es el Sonorama. Se nota, os lo digo, se nota.<\/p>\n<p>TREMENTINA LUX<\/p>\n","protected":false},"excerpt":{"rendered":"<p>\u00abLa rosa, no buscaba la rosa. Inmovil por el cielo buscaba otra cosa.\u00bb Federico Garc\u00eda Lorca, C\u00e1sida de la rosa. Son las tres y hoy es lunes. Ma\u00f1ana estar\u00e9 en Sicilia, pasando calor. Ayer estuve en Aranda de Duero, pasando fr\u00edo. Ayer desayun\u00e9 en una cafeter\u00eda del centro Arandino. La ma\u00f1ana se orquestaba de trolleys [&hellip;]<\/p>\n","protected":false},"author":1,"featured_media":0,"comment_status":"open","ping_status":"open","sticky":false,"template":"","format":"standard","meta":{"rop_custom_images_group":[],"rop_custom_messages_group":[],"rop_publish_now":"initial","rop_publish_now_accounts":[],"rop_publish_now_history":[],"rop_publish_now_status":"pending","ngg_post_thumbnail":0,"_jetpack_memberships_contains_paid_content":false,"footnotes":""},"categories":[1],"tags":[],"class_list":["post-87","post","type-post","status-publish","format-standard","hentry","category-sin-categoria"],"jetpack_featured_media_url":"","jetpack_likes_enabled":true,"jetpack_sharing_enabled":true,"_links":{"self":[{"href":"https:\/\/trementinalux.com\/Blog\/wp-json\/wp\/v2\/posts\/87","targetHints":{"allow":["GET"]}}],"collection":[{"href":"https:\/\/trementinalux.com\/Blog\/wp-json\/wp\/v2\/posts"}],"about":[{"href":"https:\/\/trementinalux.com\/Blog\/wp-json\/wp\/v2\/types\/post"}],"author":[{"embeddable":true,"href":"https:\/\/trementinalux.com\/Blog\/wp-json\/wp\/v2\/users\/1"}],"replies":[{"embeddable":true,"href":"https:\/\/trementinalux.com\/Blog\/wp-json\/wp\/v2\/comments?post=87"}],"version-history":[{"count":1,"href":"https:\/\/trementinalux.com\/Blog\/wp-json\/wp\/v2\/posts\/87\/revisions"}],"predecessor-version":[{"id":88,"href":"https:\/\/trementinalux.com\/Blog\/wp-json\/wp\/v2\/posts\/87\/revisions\/88"}],"wp:attachment":[{"href":"https:\/\/trementinalux.com\/Blog\/wp-json\/wp\/v2\/media?parent=87"}],"wp:term":[{"taxonomy":"category","embeddable":true,"href":"https:\/\/trementinalux.com\/Blog\/wp-json\/wp\/v2\/categories?post=87"},{"taxonomy":"post_tag","embeddable":true,"href":"https:\/\/trementinalux.com\/Blog\/wp-json\/wp\/v2\/tags?post=87"}],"curies":[{"name":"wp","href":"https:\/\/api.w.org\/{rel}","templated":true}]}}