{"id":8633,"date":"2022-06-17T11:08:14","date_gmt":"2022-06-17T11:08:14","guid":{"rendered":"https:\/\/trementinalux.com\/Blog\/?p=8633"},"modified":"2022-10-20T10:22:55","modified_gmt":"2022-10-20T10:22:55","slug":"stop-tala-al-carme-salvem-els-arbres-de-sant-ramon-corona","status":"publish","type":"post","link":"https:\/\/trementinalux.com\/Blog\/stop-tala-al-carme-salvem-els-arbres-de-sant-ramon-corona\/","title":{"rendered":"Stop tala al Carme: Salvem els arbres en Sant Ramon\/Corona"},"content":{"rendered":"<p>Buenos d\u00edas amados y amadas. Nos levantamos esta ma\u00f1ana con un ecosistema natural de 1000 metros cuadrados en peligro de extinci\u00f3n en pleno barrio del Carmen. Se trata del arbolado y la vida aviar situada en el antiguo <a href=\"https:\/\/valenciaplaza.com\/cierra-solar-corona\">\u00abSolar Corona<\/a>\u00bb un espacio comunitario ejemplar que <a href=\"https:\/\/solarcorona.wordpress.com\/\">reinvent\u00f3<\/a> el modelo de ciudad. Se trata de \u00e1rboles con casi tres d\u00e9cadas de existencia y la altura de un edificio de tres plantas, entre ellos un olmo, aliantos, melocotoneros, palmeras washingtonias y un ficus. \u00bfPodemos evitar la tala al Carme? La respuesta es S\u00cd.<\/p><p><strong>Salvem els arbres en Sant Ramon\/Corona! Estamos a tiempo de evitar la tala masiva si ACTUAMOS YA porque est\u00e1 prevista para esta semana que viene<\/strong>.<\/p><p>No creo que sea mala fe, tan solo un despiste en la gesti\u00f3n. A veces se nos llena la boca con la sostenibilidad, la acci\u00f3n por el clima y la ecolog\u00eda y no hemos integrado lo suficiente las actitudes o las conductas en nuestro d\u00eda a d\u00eda que la hacen posible. Para eso est\u00e1 la acci\u00f3n ciudadana, no pensemos que todo est\u00e1 ya decidido porque los \u00e1rboles a fecha de hoy, est\u00e1n vivos y los p\u00e1jaros anidando en ellos. Seguramente es muy sencillo evitar su muerte inminente y la p\u00e9rdida de patrimonio natural y ox\u00edgeno que proporcionan, puesto que justo al lado de donde van a edificar el plan urban\u00edstico valenciano prev\u00e9 600 metros cuadrados de zona verde. <\/p><p><strong>\u00bfQU\u00c9 PODEMOS HACER?<\/strong> <strong>STOP TALA AL CARME<\/strong>.<\/p><p><strong>\u00bfQuieres que esta zona verde se convierta en un SANTUARIO DE \u00c1RBOLES?<\/strong><\/p><ol class=\"wp-block-list\"><li>Esta es la carta que he escrito a tres \u00e1reas: gesti\u00f3n integral del \u00e1rbol, urbanismo, emergencia clim\u00e1tica y transici\u00f3n ecol\u00f3gica del Ayuntamiento de Val\u00e8ncia, por email y por registro de entrada. Libero el texto por si dese\u00e1is compartirlo YA, HOY MISMO en vuestro propio nombre. \u00bfD\u00f3nde? a: giarbol@valencia.es consultaslicencias@valencia.es y scambioclimatico@valencia.es (Son direcciones que os facilitan tambi\u00e9n en el teff. p\u00fablico 010). Tambi\u00e9n me dicen que el SEPRONA se encarga de estas cosas y que ahora mismo la tala est\u00e1 prohibida por anidaci\u00f3n, pero de momento no he podido localizarlos.<\/li><li>Pod\u00e9is utilizar las im\u00e1genes que acompa\u00f1an este post para imprimir camisetas o panfletos y compartirla en vuestra redes para crear conciencia social, institucional y vecinal.<\/li><li>Pod\u00e9is acudir al solar y preguntar a los amables operarios que os cuenten si ten\u00e9is curiosidad. Y no es iron\u00eda, son encantadores y no creo que deseen hacer da\u00f1o alguno a los \u00e1rboles. Aqu\u00ed no hay malos y buenos, solo peque\u00f1os despistes con grandes consecuencias.<\/li><li>Podemos quedar o llamarnos y generar acci\u00f3n colectiva desde entidades vecinales y asociaciones culturales sitas en el territorio siempre desde el respeto, la firmeza, al confianza, la gratitud y el amor. <\/li><li>Hay que hacer pedagog\u00eda del cambio: limpiar un solar no es destruir el patrimonio arb\u00f3reo. Son cosas antit\u00e9ticas.<\/li><\/ol><p><strong>AQU\u00cd LA CARTA<\/strong><\/p><p>Estimados\/as responsables de la gesti\u00f3n integral del \u00e1rbol, urbanismo, transici\u00f3n ecol\u00f3gica y emergencia clim\u00e1tica<br>Les escribo para poner en su conocimiento que han comenzado las obras de urbanizaci\u00f3n en la Calle Corona n\u00ba18-16-14-12 y San Ram\u00f3n n\u00ba 11-13 del Barrio del Carmen del Valencia.<\/p><p>Nombre_________________________Apellidos_______________________________ DNI:_________________________ En: ________________<\/p><p><br><strong>EXPONE: <\/strong><\/p><p><strong>PROBLEMA INMINENTE:<\/strong><br>Actualmente el espacio de unos 1000 m2 alberga un jard\u00edn urbano natural con especies arb\u00f3reas de m\u00e1s de tres d\u00e9cadas de antig\u00fcedad (adjunto im\u00e1genes). Las especies que se cuentan presentan una altura aproximada de m\u00e1s de nueve metros, superior a un edificio de tres plantas. El ecosistema que conforman alberga miles de especies av\u00edcolas que anidan en ellos estos d\u00edas y proporciona oxigeno a un barrio densificado inserto en pleno centro de la contaminaci\u00f3n atmosf\u00e9rica.<br>Guerola, la empresa constructora ha instalado hoy mismo toma de luz y ya ha arrasado con las especies vegetales que se situaban a la entrada del recinto. La empresa nos informa amablemente que esta semana proceder\u00e1n a la tala de los grandes \u00e1rboles y al estudio de los restos arqueol\u00f3gicos. Solicitamos que paralicen la actuaci\u00f3n de tala masiva y busquen una alternativa al ecocidio inminente que se avecina.<\/p><p><strong>SOLICITA: <\/strong><\/p><p><strong>SOLUCION: ACCI\u00d3N CLIM\u00c1TICA Seg\u00fan el plan urban\u00edstico de la zona hay previsto un espacio de 600 mt2 de zona verde ajardinada coincidiendo con parte del suelo afectado, en concreto con 300 mt2 en Corona (12-14-16) y San Ram\u00f3n (11-13) junto a la calle Historiador Beuter.<br><\/strong><br>Es por ello que URGE tomar medidas para que el arbolado y el ecosistema, entre los que se encuentran inventariadas grandes palmeras y ficus, sea respetado y trasladado a la zona segura colindante en que est\u00e1 prevista la creaci\u00f3n de una zona verde ajardinada.<\/p><p><br>Queremos transmitir al Ayuntamiento que carece de sentido cometer un delito de arboricidio de \u00e1rboles antiguos y sanos que constituyen un oasis vegetal en el barrio del Carmen, para posteriormente plantar peque\u00f1os plantones de invernadero que enferman de plagas, sufren y no resisten la inclemencia clim\u00e1tica de la ciudad.<\/p><p>Es por ello que rogamos, desde diferentes instancias vecinales y a t\u00edtulo propio que el Ayuntamiento de Valencia haga las gestiones necesarias de forma URGENTE para SALVAR, poner en valor y fortalecer esta zona natural en nombre del bien com\u00fan. Vengan a la zona, contacten con nosotras, sent\u00e9monos a su sombra a tomar decisiones conscientes sobre el modelo de ciudad en el que queremos vivir.<br>Los \u00e1rboles son seres vivos sentipensantes que tienen derecho natural sobre la tierra en la que habitan, la que nutren y enriquecen devolvi\u00e9ndonos m\u00e1s de lo que toman. Valor\u00e9moslos por lo que son y por lo que nos aportan: vida y oxigeno en tiempos de emergencia clim\u00e1tica. Seamos humanos, demostremos hoy nuestra humanidad, demos ejemplo de econom\u00eda circular y sostenibilidad, entre todas podemos resolver este momento y convertirlo en oportunidad. Es ahora o nunca para los \u00e1rboles de Corona\/San Ram\u00f3n.<\/p><p>Gracias de antemano por su atenci\u00f3n.Quedamos a la espera de sus noticias.&nbsp;Reciban un saludo afectuoso.<\/p><p><strong>ANEXO:<\/strong> <\/p><p><a href=\"https:\/\/www1.sedecatastro.gob.es\/Cartografia\/mapa.aspx?pest=urbana&amp;from=OVCBusqueda&amp;ZV=NO&amp;ZR=NO&amp;anyoZV=&amp;tematicos=&amp;anyotem=&amp;RCCompleta=&amp;via=CORONA&amp;tipoVia=CL&amp;numero=&amp;kilometro=&amp;bloque=&amp;escalera=&amp;planta=&amp;puerta=&amp;DescProv=VALENCIA&amp;prov=46&amp;muni=900&amp;DescMuni=VALENCIA&amp;TipUR=U&amp;codvia=625&amp;comVia=CORONA+(CALLE)&amp;tc=U&amp;del=46&amp;mun=900\">Enlace al catastro<\/a><\/p><p><a href=\"http:\/\/valencia.es\/ayuntamiento\/urbanismo2.nsf\/0\/ED45107ED339FBBBC1257A7E003D0892\/$FILE\/O-4%20Sistema%20de%20Espacios%20Libres%20y%20Zonas%20Verdes_firmado.pdf?OpenElement\">Enlace al plan urban\u00edstico: zonas verdes previstas<\/a><\/p><p>Im\u00e1genes de inter\u00e9s:<a href=\"http:\/\/valencia.es\/ayuntamiento\/urbanismo2.nsf\/0\/ED45107ED339FBBBC1257A7E003D0892\/$FILE\/O-4%20Sistema%20de%20Espacios%20Libres%20y%20Zonas%20Verdes_firmado.pdf?OpenElement\"><br><\/a><\/p><figure class=\"wp-block-image size-large\"><img decoding=\"async\" width=\"2048\" height=\"1536\" src=\"https:\/\/i1.wp.com\/trementinalux.com\/Blog\/wp-content\/uploads\/2022\/06\/ZONA-VERDE-CORONA-SAN-RAMON1.jpg?fit=1180%2C885&amp;ssl=1\" alt=\"\" class=\"wp-image-8636\" srcset=\"https:\/\/trementinalux.com\/Blog\/wp-content\/uploads\/2022\/06\/ZONA-VERDE-CORONA-SAN-RAMON1.jpg 2048w, https:\/\/trementinalux.com\/Blog\/wp-content\/uploads\/2022\/06\/ZONA-VERDE-CORONA-SAN-RAMON1-300x225.jpg 300w, https:\/\/trementinalux.com\/Blog\/wp-content\/uploads\/2022\/06\/ZONA-VERDE-CORONA-SAN-RAMON1-1600x1200.jpg 1600w, https:\/\/trementinalux.com\/Blog\/wp-content\/uploads\/2022\/06\/ZONA-VERDE-CORONA-SAN-RAMON1-768x576.jpg 768w, https:\/\/trementinalux.com\/Blog\/wp-content\/uploads\/2022\/06\/ZONA-VERDE-CORONA-SAN-RAMON1-1536x1152.jpg 1536w, https:\/\/trementinalux.com\/Blog\/wp-content\/uploads\/2022\/06\/ZONA-VERDE-CORONA-SAN-RAMON1-580x435.jpg 580w, https:\/\/trementinalux.com\/Blog\/wp-content\/uploads\/2022\/06\/ZONA-VERDE-CORONA-SAN-RAMON1-380x285.jpg 380w, https:\/\/trementinalux.com\/Blog\/wp-content\/uploads\/2022\/06\/ZONA-VERDE-CORONA-SAN-RAMON1-280x210.jpg 280w, https:\/\/trementinalux.com\/Blog\/wp-content\/uploads\/2022\/06\/ZONA-VERDE-CORONA-SAN-RAMON1-1180x885.jpg 1180w\" sizes=\"(max-width: 2048px) 100vw, 2048px\" \/><\/figure><figure class=\"wp-block-image size-large\"><img decoding=\"async\" width=\"2048\" height=\"1536\" src=\"https:\/\/i1.wp.com\/trementinalux.com\/Blog\/wp-content\/uploads\/2022\/06\/ZONA-VERDE-CORONA-SAN-RAMON-2.jpg?fit=1180%2C885&amp;ssl=1\" alt=\"\" class=\"wp-image-8637\" srcset=\"https:\/\/trementinalux.com\/Blog\/wp-content\/uploads\/2022\/06\/ZONA-VERDE-CORONA-SAN-RAMON-2.jpg 2048w, https:\/\/trementinalux.com\/Blog\/wp-content\/uploads\/2022\/06\/ZONA-VERDE-CORONA-SAN-RAMON-2-300x225.jpg 300w, https:\/\/trementinalux.com\/Blog\/wp-content\/uploads\/2022\/06\/ZONA-VERDE-CORONA-SAN-RAMON-2-1600x1200.jpg 1600w, https:\/\/trementinalux.com\/Blog\/wp-content\/uploads\/2022\/06\/ZONA-VERDE-CORONA-SAN-RAMON-2-768x576.jpg 768w, https:\/\/trementinalux.com\/Blog\/wp-content\/uploads\/2022\/06\/ZONA-VERDE-CORONA-SAN-RAMON-2-1536x1152.jpg 1536w, https:\/\/trementinalux.com\/Blog\/wp-content\/uploads\/2022\/06\/ZONA-VERDE-CORONA-SAN-RAMON-2-580x435.jpg 580w, https:\/\/trementinalux.com\/Blog\/wp-content\/uploads\/2022\/06\/ZONA-VERDE-CORONA-SAN-RAMON-2-380x285.jpg 380w, https:\/\/trementinalux.com\/Blog\/wp-content\/uploads\/2022\/06\/ZONA-VERDE-CORONA-SAN-RAMON-2-280x210.jpg 280w, https:\/\/trementinalux.com\/Blog\/wp-content\/uploads\/2022\/06\/ZONA-VERDE-CORONA-SAN-RAMON-2-1180x885.jpg 1180w\" sizes=\"(max-width: 2048px) 100vw, 2048px\" \/><\/figure><figure class=\"wp-block-image size-large\"><img decoding=\"async\" width=\"1913\" height=\"869\" src=\"https:\/\/i0.wp.com\/trementinalux.com\/Blog\/wp-content\/uploads\/2022\/06\/600-METROS-ARBOLES.jpg?fit=1180%2C536&amp;ssl=1\" alt=\"\" class=\"wp-image-8638\" srcset=\"https:\/\/trementinalux.com\/Blog\/wp-content\/uploads\/2022\/06\/600-METROS-ARBOLES.jpg 1913w, https:\/\/trementinalux.com\/Blog\/wp-content\/uploads\/2022\/06\/600-METROS-ARBOLES-300x136.jpg 300w, https:\/\/trementinalux.com\/Blog\/wp-content\/uploads\/2022\/06\/600-METROS-ARBOLES-1600x727.jpg 1600w, https:\/\/trementinalux.com\/Blog\/wp-content\/uploads\/2022\/06\/600-METROS-ARBOLES-768x349.jpg 768w, https:\/\/trementinalux.com\/Blog\/wp-content\/uploads\/2022\/06\/600-METROS-ARBOLES-1536x698.jpg 1536w, https:\/\/trementinalux.com\/Blog\/wp-content\/uploads\/2022\/06\/600-METROS-ARBOLES-580x263.jpg 580w, https:\/\/trementinalux.com\/Blog\/wp-content\/uploads\/2022\/06\/600-METROS-ARBOLES-380x173.jpg 380w, https:\/\/trementinalux.com\/Blog\/wp-content\/uploads\/2022\/06\/600-METROS-ARBOLES-280x127.jpg 280w, https:\/\/trementinalux.com\/Blog\/wp-content\/uploads\/2022\/06\/600-METROS-ARBOLES-1180x536.jpg 1180w\" sizes=\"(max-width: 1913px) 100vw, 1913px\" \/><\/figure><figure class=\"wp-block-image size-large\"><img decoding=\"async\" width=\"1904\" height=\"846\" src=\"https:\/\/i1.wp.com\/trementinalux.com\/Blog\/wp-content\/uploads\/2022\/06\/espacios-libres-y-zonas-verdes.jpg?fit=1180%2C524&amp;ssl=1\" alt=\"\" class=\"wp-image-8639\" srcset=\"https:\/\/trementinalux.com\/Blog\/wp-content\/uploads\/2022\/06\/espacios-libres-y-zonas-verdes.jpg 1904w, https:\/\/trementinalux.com\/Blog\/wp-content\/uploads\/2022\/06\/espacios-libres-y-zonas-verdes-300x133.jpg 300w, https:\/\/trementinalux.com\/Blog\/wp-content\/uploads\/2022\/06\/espacios-libres-y-zonas-verdes-1600x711.jpg 1600w, https:\/\/trementinalux.com\/Blog\/wp-content\/uploads\/2022\/06\/espacios-libres-y-zonas-verdes-768x341.jpg 768w, https:\/\/trementinalux.com\/Blog\/wp-content\/uploads\/2022\/06\/espacios-libres-y-zonas-verdes-1536x682.jpg 1536w, https:\/\/trementinalux.com\/Blog\/wp-content\/uploads\/2022\/06\/espacios-libres-y-zonas-verdes-580x258.jpg 580w, https:\/\/trementinalux.com\/Blog\/wp-content\/uploads\/2022\/06\/espacios-libres-y-zonas-verdes-380x169.jpg 380w, https:\/\/trementinalux.com\/Blog\/wp-content\/uploads\/2022\/06\/espacios-libres-y-zonas-verdes-280x124.jpg 280w, https:\/\/trementinalux.com\/Blog\/wp-content\/uploads\/2022\/06\/espacios-libres-y-zonas-verdes-1180x524.jpg 1180w\" sizes=\"(max-width: 1904px) 100vw, 1904px\" \/><\/figure><p><strong>Que teng\u00e1is buen d\u00eda. <\/strong><\/p><p><strong>TREMENTINA LUX<\/strong><\/p><p>#stoptalaalcarme #santuariurba #salvemelsarbresensantramoncorona #oasisdelcarme<\/p><p><strong>\u00bfEN QU\u00c9 QUED\u00d3 LA COSA&#8230;?<\/strong><\/p><p>Un d\u00eda a las siete de la ma\u00f1ana los p\u00e1jaros ya no se escuchaban y los gatos huyeron al exilio como se huye de las guerras que destruyen los hogares. Tambi\u00e9n los polinizadores. La tarde de antes, una reuni\u00f3n vecinal de urgencia y un par de llamadas sin \u00e9xito, unos d\u00edas despu\u00e9s una carta institucional: el Ailanto es una especie invasora, el Ficus ha crecido de forma arbust\u00edfera sin estructura de verdadero \u00e1rbol, las ra\u00edces de los dem\u00e1s est\u00e1n deformes. Los expertos justificaron con estos argumentos sin valor cient\u00edfico la muerte inminente de todos ellos y antes de que el barrio despertara los subieron c\u00ednicamente al cadalso. Ese mismo d\u00eda la temperatura aument\u00f3 varios grados y el aire se volvi\u00f3 irrespirable. A fecha de hoy siguen excavando \u00e1ridamente el solar y datando piedras inertes que les hablan de los restos de humanos muertos hace siglos. Buscando en la destrucci\u00f3n de la vida su propio ombligo. En la valla de la obra alguien ha colocado con cinta de carrocero el mensaje: no m\u00e1s hoteles. O algo as\u00ed.<\/p><p><strong>Nota sobre el invasor: <\/strong>El Ailanto es un \u00e1rbol con numerosas <a href=\"https:\/\/www.sciencedirect.com\/science\/article\/abs\/pii\/S0378874121003482?fbclid=IwAR13VhMR18_KHE3i1-5gUXQuR7LpNfWTMnIF6i7GTAx_Ow0lCqXo2l3DeXQ\">propiedades curativas<\/a> conocidas y demostradas en Asia, cura la epilepsia y el asma, por ejemplo. Pero aqu\u00ed es considerada \u00abespecie invasora\u00bb y los \u00f3rganos \u00abcompetentes\u00bb autorizan su tala. Se trata de un peligroso argumento de racismo vegetal que nos priva en la ciudad de una especie que crece r\u00e1pidamente sin agua y con contaminaci\u00f3n, un \u00e1rbol bell\u00edsimo, con un aroma espectacular, que es capaz de aportar ox\u00edgeno, salud, un lugar seguro para anidar, polinizar y una resiliencia ejemplar. Sustituid \u00abAilanto\u00bb por \u00abpersona migrante\u00bb y os dar\u00e9is cuenta enseguida de la barbaridad. Sustituid \u00abarbust\u00edfero\u00bb o \u00abdeforme\u00bb por subnormal o minusv\u00e1lido (palabras tab\u00fa en una sociedad \u00abpol\u00edticamente correcta\u00bb) y os dar\u00e9is cuenta de la barbaridad.<\/p><p>La ciudad es un espacio invasor robado a naturaleza donde las especies vernaculares dif\u00edcilmente sobreviven y los humanos enferman y se cronifican. \u00bfQui\u00e9n es el invasor aqu\u00ed? No se han destruido solo algunos \u00e1rboles, se ha destruido la tierra y el carbono que en ella se fijaba, un ecosistema natural, vivo, digno y sagrado. La ignorancia es atrevida y Don dinero, un poderoso caballero. Hoy damos gracias a las especies taladas por su bendita generosidad y por sus semillas siempre vivas, la verdadera riqueza es esta.<\/p><p><strong>TREMENTINA LUX<\/strong><\/p><figure class=\"wp-block-image size-full is-resized\"><img decoding=\"async\" src=\"http:\/\/trementinalux.com\/Blog\/wp-content\/uploads\/2022\/10\/ailanto-street.jpg\" alt=\"Ailanto-street\" class=\"wp-image-8695\" width=\"284\" height=\"213\" srcset=\"https:\/\/trementinalux.com\/Blog\/wp-content\/uploads\/2022\/10\/ailanto-street.jpg 1080w, https:\/\/trementinalux.com\/Blog\/wp-content\/uploads\/2022\/10\/ailanto-street-300x225.jpg 300w, https:\/\/trementinalux.com\/Blog\/wp-content\/uploads\/2022\/10\/ailanto-street-768x576.jpg 768w, https:\/\/trementinalux.com\/Blog\/wp-content\/uploads\/2022\/10\/ailanto-street-580x435.jpg 580w, https:\/\/trementinalux.com\/Blog\/wp-content\/uploads\/2022\/10\/ailanto-street-380x285.jpg 380w, https:\/\/trementinalux.com\/Blog\/wp-content\/uploads\/2022\/10\/ailanto-street-280x210.jpg 280w\" sizes=\"(max-width: 284px) 100vw, 284px\" \/><figcaption>Ailanto-street<\/figcaption><\/figure><figure class=\"wp-block-image size-full is-resized\"><img decoding=\"async\" src=\"http:\/\/trementinalux.com\/Blog\/wp-content\/uploads\/2022\/10\/ailanto-seeds.jpg\" alt=\" Ailanto-seeds\" class=\"wp-image-8694\" width=\"285\" height=\"380\" srcset=\"https:\/\/trementinalux.com\/Blog\/wp-content\/uploads\/2022\/10\/ailanto-seeds.jpg 810w, https:\/\/trementinalux.com\/Blog\/wp-content\/uploads\/2022\/10\/ailanto-seeds-225x300.jpg 225w, https:\/\/trementinalux.com\/Blog\/wp-content\/uploads\/2022\/10\/ailanto-seeds-768x1024.jpg 768w, https:\/\/trementinalux.com\/Blog\/wp-content\/uploads\/2022\/10\/ailanto-seeds-580x773.jpg 580w, https:\/\/trementinalux.com\/Blog\/wp-content\/uploads\/2022\/10\/ailanto-seeds-380x507.jpg 380w, https:\/\/trementinalux.com\/Blog\/wp-content\/uploads\/2022\/10\/ailanto-seeds-280x373.jpg 280w\" sizes=\"(max-width: 285px) 100vw, 285px\" \/><figcaption>Ailanto-seeds<\/figcaption><\/figure>","protected":false},"excerpt":{"rendered":"<p>Buenos d\u00edas amados y amadas. Nos levantamos esta ma\u00f1ana con un ecosistema natural de 1000 metros cuadrados en peligro de extinci\u00f3n en pleno barrio del Carmen. Se trata del arbolado y la vida aviar situada en el antiguo \u00abSolar Corona\u00bb un espacio comunitario ejemplar que reinvent\u00f3 el modelo de ciudad. Se trata de \u00e1rboles con [&hellip;]<\/p>\n","protected":false},"author":1,"featured_media":8655,"comment_status":"open","ping_status":"open","sticky":false,"template":"","format":"standard","meta":{"rop_custom_images_group":[],"rop_custom_messages_group":[],"rop_publish_now":"initial","rop_publish_now_accounts":[],"rop_publish_now_history":[],"rop_publish_now_status":"pending","ngg_post_thumbnail":0,"_jetpack_memberships_contains_paid_content":false,"footnotes":""},"categories":[8,366,367,402,301,113,385,300,87],"tags":[409,408,407],"class_list":["post-8633","post","type-post","status-publish","format-standard","has-post-thumbnail","hentry","category-arte-y-otras-delicias-vindicativas","category-climate-change","category-ecofeminismo","category-fallas","category-gender-studies","category-obra","category-sangsavia","category-secuenciadelamoruniversal","category-vindicaciones-nomadas","tag-ecoactivismo","tag-oasis-del-carmen","tag-stop-tala"],"jetpack_featured_media_url":"https:\/\/trementinalux.com\/Blog\/wp-content\/uploads\/2022\/06\/STOPTALAALCARME-1.jpg","jetpack_likes_enabled":true,"jetpack_sharing_enabled":true,"_links":{"self":[{"href":"https:\/\/trementinalux.com\/Blog\/wp-json\/wp\/v2\/posts\/8633","targetHints":{"allow":["GET"]}}],"collection":[{"href":"https:\/\/trementinalux.com\/Blog\/wp-json\/wp\/v2\/posts"}],"about":[{"href":"https:\/\/trementinalux.com\/Blog\/wp-json\/wp\/v2\/types\/post"}],"author":[{"embeddable":true,"href":"https:\/\/trementinalux.com\/Blog\/wp-json\/wp\/v2\/users\/1"}],"replies":[{"embeddable":true,"href":"https:\/\/trementinalux.com\/Blog\/wp-json\/wp\/v2\/comments?post=8633"}],"version-history":[{"count":24,"href":"https:\/\/trementinalux.com\/Blog\/wp-json\/wp\/v2\/posts\/8633\/revisions"}],"predecessor-version":[{"id":8699,"href":"https:\/\/trementinalux.com\/Blog\/wp-json\/wp\/v2\/posts\/8633\/revisions\/8699"}],"wp:featuredmedia":[{"embeddable":true,"href":"https:\/\/trementinalux.com\/Blog\/wp-json\/wp\/v2\/media\/8655"}],"wp:attachment":[{"href":"https:\/\/trementinalux.com\/Blog\/wp-json\/wp\/v2\/media?parent=8633"}],"wp:term":[{"taxonomy":"category","embeddable":true,"href":"https:\/\/trementinalux.com\/Blog\/wp-json\/wp\/v2\/categories?post=8633"},{"taxonomy":"post_tag","embeddable":true,"href":"https:\/\/trementinalux.com\/Blog\/wp-json\/wp\/v2\/tags?post=8633"}],"curies":[{"name":"wp","href":"https:\/\/api.w.org\/{rel}","templated":true}]}}