{"id":8531,"date":"2022-03-30T12:22:40","date_gmt":"2022-03-30T12:22:40","guid":{"rendered":"https:\/\/trementinalux.com\/Blog\/?p=8531"},"modified":"2022-03-30T21:24:35","modified_gmt":"2022-03-30T21:24:35","slug":"the-best-crema-ever","status":"publish","type":"post","link":"https:\/\/trementinalux.com\/Blog\/the-best-crema-ever\/","title":{"rendered":"The Best Crem\u00e0 Ever"},"content":{"rendered":"<p>Un chico Erasmus me pregunt\u00f3 mientras ard\u00eda Falliruma: -Y t\u00fa, \u00bfc\u00f3mo te sientes ahora que se quema tu creaci\u00f3n? -\u00a1De maravilla, tengo un orgasmo! le dije yo. El chico no acababa de entenderlo. -He creado para el fuego, le expliqu\u00e9. Cada decisi\u00f3n tomada, cada material elegido, cada parte del proceso de trabajo, cada peso repartido, cada agujero hecho para que respire el fuego y se oxigene, est\u00e1 pensado para que el fuego funcione, pero la \u00fanica manera de comprobarlo es quemando la pieza, y no tiene vuelta atr\u00e1s. As\u00ed que estoy feliz porque est\u00e1 siendo una crem\u00e0 espectacular.<\/p><p><strong>LA CREM\u00c0 NO ENGA\u00d1A<\/strong><\/p><p>Podemos intentar ser sostenibles haciendo fallas o haciendo cualquier cosa. Es una falacia. Vivimos en una sociedad insostenible cuyos desechos son contaminantes. No hay desecho limpio, un alto porcentaje de lo que consumimos y tiramos a la basura es t\u00f3xico. Inaprovechable, inasumible por Madre Tierra. Directamente nocivo. Eso eran las fallas antes, lo que nos sobraba. Ahora no podemos quemar ni las sobras y entonces, nos inventamos artefactos intelectuales para decirnos auto enga\u00f1\u00e1ndonos: !!Somos sostenibles!!!<\/p><p><strong>NO EN NOMBRE DE LA SOSTENIBILIDAD<\/strong><\/p><p>Pero no tiene sentido quemar toneladas de madera en nombre de la sostenibilidad. Madera viva, madera \u00fatil, madera v\u00edctima de nuestro capricho. Estoy completamente en contra de quemar madera de aserradero para que no haya pl\u00e1stico o corcho blanco. He visto tanta madera en fallas de este a\u00f1o tan viva que a\u00fan gritaba el dolor de la sierra y me ha resultado insoportable su presencia como pira inquisitoria. Estoy completamente en contra del uso y abuso masivo de la madera de aserradero en nombre de la sostenibilidad. Estoy completamente en contra de las talas masivas y las podas selecticas en el arbolado urbano de la ciudad de Val\u00e8ncia, estoy completamente en contra de que en sus calles se incinere madera y se cometan arboricidios en nombre de una ciudad m\u00e1s verde. Si se trata de inconsciencia tiene remedio, si se llama cinismo, tambi\u00e9n. Ambas se curan empatizando con la naturaleza ASAP.<\/p><p><strong>\u00bfQU\u00c9 HACEMOS AHORA?<\/strong><\/p><p>Los \u00e1rboles me dicen: -No hagas mas cosas para quemar. <\/p><p>Estamos en el camino. Hay que renunciar al volumen y a la acci\u00f3n desmesurada. Hay que hacerlo, gozar de lo recogido y de la no-acci\u00f3n.  Buscar soluciones para que las fallas se aguanten sin estructuras impostadas de madera a\u00fan sangrante, saviante. Hay que ver la belleza en la basura excedente y utilizarla. Hay que aceptar la imperfecci\u00f3n para que el humo de la crem\u00e0 sea ben\u00e9fico, sea transformador, sea casi sagrado y nos una y nos haga sentir tribu humana por encima del miedo a la muerte, celebrando la vida en un eterno presente. Hay que utilizar lo que a la Madre Tierra le sobra de la poda, del oto\u00f1o, a\u00fan sac\u00e1ndolo del ciclo nutricio del volver a renacer en planta, que tambi\u00e9n es una crueldad.<\/p><p><strong>OBSERVA EL MOMENTO EN EL QUE CAE, \u00bfQU\u00c9 VES DENTRO&#8230;?<\/strong><\/p><p>La nada. Espero que nunca den premios a la mejor crem\u00e0, porque llegar\u00edan tarde. La crem\u00e0 no enga\u00f1a, el humo blanco, el olor, los tiempos de expansi\u00f3n, el punto de ignici\u00f3n a\u00fan con todo humedecido por la lluvia. La paja de arroz del Palmar seca a\u00fan y el aceite cedido por Javi de la churrer\u00eda Santa Gema obraron el milagro de quemar sin artificios de forma lenta, sostenida, casi ancestral. I&#8217;m really very proud.<\/p><p>Gracias a los bomberos y la pirot\u00e9cnica del Traca, que a\u00fan dudando de m\u00ed criterio, nos permitieron quemar as\u00ed. Gracias a la ayuda maravillosa de mi equipo, a la Banda de M\u00fasica de Mislata y a las m\u00e1s de 300 personas que llenasteis la plaza. Gracias a FALLIRUMA por su totipotente generosidad.<\/p><p>TREMENTINA LUX<\/p><p><strong>AQU\u00cd EL V\u00cdDEO COMPLETO. DISFR\u00daTALO.<\/strong><\/p><figure class=\"wp-block-embed is-type-video is-provider-vimeo wp-block-embed-vimeo wp-embed-aspect-16-9 wp-has-aspect-ratio\"><div class=\"wp-block-embed__wrapper\">\n<iframe title=\"CREM\u00c0 FALLIRUMA\" src=\"https:\/\/player.vimeo.com\/video\/694172173?dnt=1&amp;app_id=122963\" width=\"1024\" height=\"576\" frameborder=\"0\" allow=\"autoplay; fullscreen; picture-in-picture; clipboard-write\"><\/iframe>\n<\/div><\/figure><figure class=\"wp-block-embed is-type-rich is-provider-gestor-del-servicio wp-block-embed-gestor-del-servicio\"><div class=\"wp-block-embed__wrapper\">\nhttps:\/\/vimeo.com\/manage\/videos\/694172173\n<\/div><figcaption>Video de Rober Sunday<\/figcaption><\/figure><figure class=\"wp-block-embed is-type-rich is-provider-gestor-del-servicio wp-block-embed-gestor-del-servicio\"><div class=\"wp-block-embed__wrapper\">\nhttps:\/\/vimeo.com\/manage\/videos\/694172173\n<\/div><\/figure>","protected":false},"excerpt":{"rendered":"<p>Un chico Erasmus me pregunt\u00f3 mientras ard\u00eda Falliruma: -Y t\u00fa, \u00bfc\u00f3mo te sientes ahora que se quema tu creaci\u00f3n? -\u00a1De maravilla, tengo un orgasmo! le dije yo. El chico no acababa de entenderlo. -He creado para el fuego, le expliqu\u00e9. Cada decisi\u00f3n tomada, cada material elegido, cada parte del proceso de trabajo, cada peso repartido, [&hellip;]<\/p>\n","protected":false},"author":1,"featured_media":8534,"comment_status":"open","ping_status":"open","sticky":false,"template":"","format":"standard","meta":{"rop_custom_images_group":[],"rop_custom_messages_group":[],"rop_publish_now":"initial","rop_publish_now_accounts":[],"rop_publish_now_history":[],"rop_publish_now_status":"pending","ngg_post_thumbnail":0,"_jetpack_memberships_contains_paid_content":false,"footnotes":""},"categories":[8,366,367,402,403,301,113],"tags":[],"class_list":["post-8531","post","type-post","status-publish","format-standard","has-post-thumbnail","hentry","category-arte-y-otras-delicias-vindicativas","category-climate-change","category-ecofeminismo","category-fallas","category-falliruma","category-gender-studies","category-obra"],"jetpack_featured_media_url":"https:\/\/trementinalux.com\/Blog\/wp-content\/uploads\/2022\/03\/CREMAFALLIRUMA1.jpg","jetpack_likes_enabled":true,"jetpack_sharing_enabled":true,"_links":{"self":[{"href":"https:\/\/trementinalux.com\/Blog\/wp-json\/wp\/v2\/posts\/8531","targetHints":{"allow":["GET"]}}],"collection":[{"href":"https:\/\/trementinalux.com\/Blog\/wp-json\/wp\/v2\/posts"}],"about":[{"href":"https:\/\/trementinalux.com\/Blog\/wp-json\/wp\/v2\/types\/post"}],"author":[{"embeddable":true,"href":"https:\/\/trementinalux.com\/Blog\/wp-json\/wp\/v2\/users\/1"}],"replies":[{"embeddable":true,"href":"https:\/\/trementinalux.com\/Blog\/wp-json\/wp\/v2\/comments?post=8531"}],"version-history":[{"count":12,"href":"https:\/\/trementinalux.com\/Blog\/wp-json\/wp\/v2\/posts\/8531\/revisions"}],"predecessor-version":[{"id":8550,"href":"https:\/\/trementinalux.com\/Blog\/wp-json\/wp\/v2\/posts\/8531\/revisions\/8550"}],"wp:featuredmedia":[{"embeddable":true,"href":"https:\/\/trementinalux.com\/Blog\/wp-json\/wp\/v2\/media\/8534"}],"wp:attachment":[{"href":"https:\/\/trementinalux.com\/Blog\/wp-json\/wp\/v2\/media?parent=8531"}],"wp:term":[{"taxonomy":"category","embeddable":true,"href":"https:\/\/trementinalux.com\/Blog\/wp-json\/wp\/v2\/categories?post=8531"},{"taxonomy":"post_tag","embeddable":true,"href":"https:\/\/trementinalux.com\/Blog\/wp-json\/wp\/v2\/tags?post=8531"}],"curies":[{"name":"wp","href":"https:\/\/api.w.org\/{rel}","templated":true}]}}