{"id":8446,"date":"2022-03-10T09:54:46","date_gmt":"2022-03-10T09:54:46","guid":{"rendered":"https:\/\/trementinalux.com\/Blog\/?p=8446"},"modified":"2022-03-10T10:23:00","modified_gmt":"2022-03-10T10:23:00","slug":"el-auca-falliruma-stories-ii","status":"publish","type":"post","link":"https:\/\/trementinalux.com\/Blog\/el-auca-falliruma-stories-ii\/","title":{"rendered":"El Auca. FALLIRUMA STORIES II"},"content":{"rendered":"<p>Estamos a d\u00eda 10. Eso significa que en cuatro d\u00edas daremos a luz a <a href=\"https:\/\/trementinalux.com\/Blog\/category\/falliruma\/\">FALLIRUMA<\/a> y en cinco d\u00edas m\u00e1s cerrar\u00e1 su ciclo de vida, incluyendo nacer, crecer, reproducirse y morir. Creo que las moscas duran m\u00e1s. Hoy os hablo de la gestaci\u00f3n. Del per\u00edodo en que todo sucede a la luz interior, con ecograf\u00edas acuarelables que nos dan una idea del latido, del pulso de la pieza, de su pulsi\u00f3n de vida.<\/p><p><strong>Nacimiento del AUCA: entre Kora y Orfeo<\/strong><\/p><p>Durante el periodo de gestaci\u00f3n mi parte intuitiva, la considerada femenina, estuvo al mando de la operaci\u00f3n. Como <a href=\"https:\/\/veo-arte.com\/2018\/07\/01\/kora-origen-de-la-pintura\/\">Kora<\/a> en el mito de Plinio sobre el origen de la pintura me dediqu\u00e9 a buscar en lo insondable y lo desconocido para traerlo a la luz. Este es el cometido hist\u00f3rico del Arte, m\u00e1s all\u00e1 de su objetualizaci\u00f3n y su mercantilizaci\u00f3n: adentrarse en el Hades y regresar con vida, todo un misterio \u00f3rfico que nos confiere poderes humanizantes. Me adentr\u00e9 muy hondo con amor, ternura y sabidur\u00eda, tambi\u00e9n con dulzura e inquieta ingenuidad, hasta el punto de que ahora mi parte masculina, la que ejecuta la pieza a golpe de martillo, sierra, pincel y grapadora dice en voz alta: -si yo hiciera fallas no estoy segura de que las hiciera as\u00ed. En efecto, porque lo que sale es desconocido para ella, que no est\u00e1 acostumbrada a dejarse llevar. Quien me escucha dice: -pero: si haces fallas, no te entiendo, las haces as\u00ed.<\/p><p>Mi mano derecha (la masculina seg\u00fan la <a href=\"https:\/\/dolcarevolucio.cat\/a\/a\/rec\/DICCIONARIOBiodescodificacion.pdf\">biodescodificaci\u00f3n<\/a>) est\u00e1 sobrecargada por el esfuerzo, el t\u00fanel carpiano se resiente y el coraz\u00f3n late con fuerza en una vena entre el \u00edndice y el pulgar que antes no ten\u00eda, y duele. Mi mano izquierda (la femenina seg\u00fan la biodescodificaci\u00f3n) acusa un quemazo en el dedo \u00edndice, el que indica la direcci\u00f3n a seguir. Hoy tengo ambas con vendajes, dialogando entre s\u00ed y habl\u00e1ndome a m\u00ed de este di\u00e1logo que os cuento.<\/p><p><strong>Integrar la doble naturaleza, femenina y masculina en la pieza \u00fanica que somos<\/strong><\/p><p>Hoy he tenido que desayunar usando la mano izquierda. He recordado ese refr\u00e1n b\u00edblico que dec\u00eda: \u00abQue tu mano izquierda no sepa lo que hace la derecha\u00bb o algo as\u00ed. La mano derecha act\u00faa con contundencia, hace las cosas m\u00e1s a lo b\u00e1rbaro, sujeta la taza o grapa la paja de arroz transmitiendo al cerebro una tensi\u00f3n inmanente, una prisa y una cierta mala leche muy acorde con el sistema. Hoy lo estoy haciendo al rev\u00e9s porque la mano masculina ha colapsado y siento que la mano izquierda est\u00e1 contenta y es sutil haciendo estas mismas cosas, y que la derecha, quieta con su vendaje, se impacienta e incluso le dice al cerebro: -d\u00e9jame hacerlo a m\u00ed, con esa mano tardar\u00e1s horas en conseguirlo, ella no sabe. Pero yo conf\u00edo en ambas por igual y en ese turno rotativo que el dolor me regala para hacer consciente que necesito balancear en este final de trayecto ambas naturalezas.<\/p><p>Es un interesante di\u00e1logo que extrapolo a la actividad en la que me encuentro inmersa. Hacer fallas con calma y sostenibilidad es una utop\u00eda oximor\u00f3nica. Me lo dec\u00eda una cantante ind\u00edgena aborigen a la que le solicit\u00e9 permiso para utilizar su m\u00fasica en un v\u00eddeo de la <a href=\"https:\/\/trementinalux.com\/Blog\/category\/tribusfera\/\">Tribusfera<\/a>: -vuestros est\u00fapidos mu\u00f1ecos hechos para ser quemados no honran a la Madre Tierra, ten\u00e9is que entender esta actitud colonialista, mi m\u00fasica no es apropiada. Admito que me qued\u00e9 de piedra con su virulencia y le di las gracias aunque no la entend\u00eda. <\/p><p>De esto va el di\u00e1logo entre nuestras dos naturalezas, la integraci\u00f3n de ese di\u00e1logo en una existencia en la que actuamos para tener vida plena, obviando que la no-acci\u00f3n tao\u00edsta nos acerca m\u00e1s al ser y al respeto por los dem\u00e1s seres que cualquier otra manifestaci\u00f3n vital que consideremos necesaria. Crear para destruir, honrar la naturaleza ef\u00edmera de la vida, celebrarla, re-producirla ritualmente, desinhibir el alma&#8230; \u00bfNo bastar\u00eda con sentarse a ver florecer una sagrada <a href=\"https:\/\/es.wikipedia.org\/wiki\/Verbena_officinalis\">Verbena<\/a>, en lugar de hacer cola para castigar nuestro h\u00edgado en las hom\u00f3nimas?<\/p><p>Escribir este post con un hemisferio cuando la ejecuci\u00f3n de la pieza requiere de la intervenci\u00f3n salvaje del otro, estar todo el tiempo entre dos aguas, en el filo desbordante y espumoso de la cascada f\u00e9rtil del di\u00e1logo. Sea de d\u00eda o sea de noche, actuar durante la vigilia, recibir instrucciones durante la penumbra, agradecer la influencia del sol y la de la luna. Estar rabiosamente y agradecidamente fuera de la<em> <a href=\"https:\/\/es.wikipedia.org\/wiki\/Teor%C3%ADa_del_establecimiento_de_la_agenda\">Agenda Setting<\/a><\/em>. \u00bfTen\u00eda raz\u00f3n la cantante aborigen?<\/p><p><strong>Experimentar con la energ\u00eda sutil a trav\u00e9s de la relaci\u00f3n manos cerebro<\/strong><\/p><p>El AUCA que os comparto est\u00e1 hecha en un momento de \u00e9xtasis y apogeo de mi parte intuitiva, es la celebraci\u00f3n de la idea gestada en el interior, la que no necesita manifestarse en el cuerpo carne. El <a href=\"https:\/\/ca.wikipedia.org\/wiki\/Auca\">AUCA<\/a> es el modo en que antiguamente se hac\u00eda llegar conocimiento a las personas que no sab\u00edan leer, es propia de nuestra cultura y transmit\u00eda de forma accesible informaci\u00f3n importante acerca de los oficios, biograf\u00edas, acontecimientos o valores morales. El poder de las im\u00e1genes es inversamente proporcional al poder que esta sociedad otorga a las personas que las fabrican.<\/p><p>Por eso he utilizado este formato (tan habitual tambi\u00e9n en la antigua literatura falleril) para experimentar con la relaci\u00f3n atemporal de recursos, para probar su validez comunicativa y para poner en valor el poder de la pl\u00e1stica en la educaci\u00f3n. La fabricaci\u00f3n de im\u00e1genes construidas mediante la relaci\u00f3n manos-cerebro nos permite vivenciar nuestra energ\u00eda sutil y acceder a conocimiento de \u00edndole superior. As\u00ed surge el AUCA que os presento y de esta actitud lectora requiere.<\/p><p>El AUCA es la antesala de la pieza que ver\u00e9is instalada en la plaza. He regresado a esta imagen gu\u00eda miles de veces para recordarme qu\u00e9 forma deb\u00eda tener FALLIRUMA, para seguir conectada con la esencia que, como <a href=\"https:\/\/es.wikipedia.org\/wiki\/Orfeo\">Orfeo<\/a>, me traje del mundo de los sue\u00f1os. Actualizar lo que supimos por mecanismos de intuici\u00f3n para ejecutarlo y traerlo a la vida con materiales impensados antes, para servir al goce est\u00e9tico y al placer de reunirnos junto al fuego. Todo un reto. Ya lo he dicho alguna vez. Hacer fallas es de valientes.<\/p><p>Feliz AUCA y que vuestra doble naturaleza dialogue en armon\u00eda.<\/p><p>TREMENTINA LUX <\/p><p>#FALLIRUMA<\/p><p>#RIBESAN<\/p>","protected":false},"excerpt":{"rendered":"<p>Estamos a d\u00eda 10. Eso significa que en cuatro d\u00edas daremos a luz a FALLIRUMA y en cinco d\u00edas m\u00e1s cerrar\u00e1 su ciclo de vida, incluyendo nacer, crecer, reproducirse y morir. Creo que las moscas duran m\u00e1s. Hoy os hablo de la gestaci\u00f3n. Del per\u00edodo en que todo sucede a la luz interior, con ecograf\u00edas [&hellip;]<\/p>\n","protected":false},"author":1,"featured_media":8447,"comment_status":"open","ping_status":"open","sticky":false,"template":"","format":"standard","meta":{"rop_custom_images_group":[],"rop_custom_messages_group":[],"rop_publish_now":"initial","rop_publish_now_accounts":[],"rop_publish_now_history":[],"rop_publish_now_status":"pending","ngg_post_thumbnail":0,"_jetpack_memberships_contains_paid_content":false,"footnotes":""},"categories":[8,367,402,403,301,113],"tags":[],"class_list":["post-8446","post","type-post","status-publish","format-standard","has-post-thumbnail","hentry","category-arte-y-otras-delicias-vindicativas","category-ecofeminismo","category-fallas","category-falliruma","category-gender-studies","category-obra"],"jetpack_featured_media_url":"https:\/\/trementinalux.com\/Blog\/wp-content\/uploads\/2022\/03\/NAIXIMENT-FALLIRUMA-ACUCA_LR_FULL.jpg","jetpack_likes_enabled":true,"jetpack_sharing_enabled":true,"_links":{"self":[{"href":"https:\/\/trementinalux.com\/Blog\/wp-json\/wp\/v2\/posts\/8446","targetHints":{"allow":["GET"]}}],"collection":[{"href":"https:\/\/trementinalux.com\/Blog\/wp-json\/wp\/v2\/posts"}],"about":[{"href":"https:\/\/trementinalux.com\/Blog\/wp-json\/wp\/v2\/types\/post"}],"author":[{"embeddable":true,"href":"https:\/\/trementinalux.com\/Blog\/wp-json\/wp\/v2\/users\/1"}],"replies":[{"embeddable":true,"href":"https:\/\/trementinalux.com\/Blog\/wp-json\/wp\/v2\/comments?post=8446"}],"version-history":[{"count":19,"href":"https:\/\/trementinalux.com\/Blog\/wp-json\/wp\/v2\/posts\/8446\/revisions"}],"predecessor-version":[{"id":8469,"href":"https:\/\/trementinalux.com\/Blog\/wp-json\/wp\/v2\/posts\/8446\/revisions\/8469"}],"wp:featuredmedia":[{"embeddable":true,"href":"https:\/\/trementinalux.com\/Blog\/wp-json\/wp\/v2\/media\/8447"}],"wp:attachment":[{"href":"https:\/\/trementinalux.com\/Blog\/wp-json\/wp\/v2\/media?parent=8446"}],"wp:term":[{"taxonomy":"category","embeddable":true,"href":"https:\/\/trementinalux.com\/Blog\/wp-json\/wp\/v2\/categories?post=8446"},{"taxonomy":"post_tag","embeddable":true,"href":"https:\/\/trementinalux.com\/Blog\/wp-json\/wp\/v2\/tags?post=8446"}],"curies":[{"name":"wp","href":"https:\/\/api.w.org\/{rel}","templated":true}]}}