{"id":8364,"date":"2022-02-22T12:44:37","date_gmt":"2022-02-22T12:44:37","guid":{"rendered":"https:\/\/trementinalux.com\/Blog\/?p=8364"},"modified":"2022-03-07T16:42:51","modified_gmt":"2022-03-07T16:42:51","slug":"fent-falliruma-los-talleres","status":"publish","type":"post","link":"https:\/\/trementinalux.com\/Blog\/fent-falliruma-los-talleres\/","title":{"rendered":"FENT FALLIRUMA. Los talleres."},"content":{"rendered":"<p>En el proyecto <a href=\"https:\/\/trementinalux.com\/Blog\/category\/falliruma\/\">FALLIRUMA<\/a> Hemos trabajado en talleres intergeneracionales con m\u00e1s de 80 personas durante tres sesiones en d\u00edas consecutivos y completos para gozar con la relaci\u00f3n manos-cerebro-prop\u00f3sito. Todo un reto organizativo, did\u00e1ctico, performativo y discursivo. En la foto y el v\u00eddeo un adelanto de la SESI\u00d3N 1.<\/p><p><strong>Te contamos c\u00f3mo lo hemos hecho<\/strong><\/p><p>En la primera sesi\u00f3n de los talleres FENT FALLIRUMA trabajamos en la Asociaci\u00f3n cultural RIBESAN modelando en barro piezas originales con una misma estructura y sacando el molde en escayola. Fue muy divertido ver las primeras narices diferentes y los vol\u00famenes que, partiendo de un mismo soporte, desarrollaban ya personalidades muy fuertes y con cierto parecido f\u00edsico a pesar de su abstracci\u00f3n, a las personas que los realizaron o los inspiraron. En la segunda sesi\u00f3n tiramos cart\u00f3n con colas naturales para gestar las dos partes de la pieza en un material combustible. Aprender a hacer es integrar el saber.<\/p><p>Estas dos sesiones familiarizaron a las personas asistentes con la necesidad de entender las fallas desde el esfuerzo de las peque\u00f1as cosas, de comprender los tiempos de secado y la dedicaci\u00f3n que requiere la elaboraci\u00f3n de una falla en t\u00e9rminos de destreza, resoluci\u00f3n, creatividad y cognici\u00f3n, tambi\u00e9n de respeto por el medio ambiente y los discursos que emanan de un artefacto discursivo con repercusi\u00f3n medi\u00e1tica.<\/p><p>En estas sesiones utilizamos t\u00e9cnicas tradicionales con un itinerario procesual, experimental e innovador, integrando soluciones tecnol\u00f3gicas que nos permitieron liderar un equipo de trabajo con edades, nociones e intereses muy diversos hacia un resultado colectivo satisfactorio y compartido. En estas sesiones se entendi\u00f3 realmente que todas las personas podemos hacer aquello que nos propongamos en el \u00e1mbito creativo y que el respeto por las personas y el trabajo en equipo son valiosas herramientas de hermandad y cohesi\u00f3n social. Adem\u00e1s, perdimos el miedo a exponer en p\u00fablico y a explicar el resultado de nuestro trabajo con las manos. Ha sido muy valiente y armonioso dejar de considerar que: no sabemos hacer, o no sabemos pintar, dejando atr\u00e1s muchos castrantes: \u00ab-yo no valgo\u00bb.<\/p><p>En posteriores sesiones online y debido a las cancelaciones, unimos las piezas mediante videoconferencia o en peque\u00f1os grupos tutelados, otro reto a\u00f1adido&#8230; <\/p><p>Por fin en la tercera sesi\u00f3n y gracias a las generosidad del <a href=\"https:\/\/www.budismo-valencia.com\/\">Centro Budista Triratna<\/a>, realizamos en RIBESAN una meditaci\u00f3n guiada Metta Bhavana con <a href=\"https:\/\/www.youtube.com\/watch?v=_gkKpYhBBDw\">David Minguillon<\/a> para predisponer nuestra energ\u00eda hacia el amor universal incondicional. Fue realmente maravilloso. Gracias David. La <a href=\"http:\/\/www.coralallegro.es\/\">CORAL ALLEGRO ONCE<\/a> se uni\u00f3 a nosotr@s en esta tercera acci\u00f3n art\u00edstica gracias a su director <a href=\"https:\/\/www.christiangm.com\/coral-allegro-once-valencia\">Christian Garc\u00eda<\/a>, doce personas de la Coral finalizaron en el casal sus propios FALLIRUMAS y compartieron charlas y encuentros en equipos mixtos, generando maravillosas sinergias con las personas de RIBESAN, por favor lee <a href=\"https:\/\/www.facebook.com\/coralallegro11\/\">aqu\u00ed <\/a>lo que cuentan de su experiencia, no te lo puedes perder. As\u00ed que durante todo el d\u00eda pusimos prop\u00f3sito y personalizamos las piezas con materiales sostenibles, diversos y colectivos seg\u00fan cada deseo, pintando adem\u00e1s la primera pupila en una sesi\u00f3n eminentemente dise\u00f1ada desde la pulsi\u00f3n arteterap\u00e9utica. Fue genial.<\/p><p><strong>\u00bfQu\u00e9 hemos conseguido?<\/strong><\/p><p>Hemos hecho consciente \u00ablo que vale un peine\u00bb en t\u00e9rminos de hacer creativo, el hacer aut\u00e9ntico, el que nos involucra y nos hace crecer como personas y como colectivo humano, el que nos permite explorar nuestra naturaleza humana dual, la femenina y la masculina, la animal y la vegetal, con toda su potencia. Aprender a resolver y aceptar lo que sale como el mejor resultado posible en el camino que elegimos recorrer en esta ocasi\u00f3n, con amor y humor, con respeto y alegr\u00eda, con confianza y generosidad hacia la madre tierra y hacia nuestra condici\u00f3n humana y ef\u00edmera. Hemos aprendido a crear para el fuego, a discernir la frugalidad de nuestros deseos y nuestras fobias practicando tanto el  apego como el desapego sabio.<\/p><p>El resultado son casi cincuenta piezas estructuralmente iguales y absolutamente diferentes, enfocadas y l\u00facidas que nos han permitido valorar el proceso, aceptar nuestra esencia h\u00edbrida e ilimitada, diluir fronteras entre el dentro y el fuera y gozar de la experiencia de compartir y expandir nuestra capacidad de amarnos en la creatividad. Nos re\u00edmos mucho cuando las apreciamos en toda su libertad: \u00a1Son expresivas, son aut\u00e9nticas, son \u00fanicas! !Son geniales! \u00a1Sois geniales!<\/p><p>El resultado se titula FALLIRUMA y lo podr\u00e1s ver expuesto en la plaza de RIPALDA, BENEFIC\u00c8NCIA I SANT RAMON a partir del 14 de marzo.<\/p><p>Nuestro prop\u00f3sito: familiarizarnos con la pertenencia a la totalidad. \u00bfTE UNES?<\/p><p><strong>TREMENTINA LUX<\/strong><\/p><p>Aqu\u00ed el Photocall de la primera sesi\u00f3n FENT FALLIRUMA. Song:<a href=\"https:\/\/ja.wikipedia.org\/wiki\/%E6%A1%83%E5%A4%AA%E9%83%8E\"> Momotaro<\/a><\/p><figure class=\"wp-block-embed is-type-video is-provider-vimeo wp-block-embed-vimeo wp-embed-aspect-16-9 wp-has-aspect-ratio\"><div class=\"wp-block-embed__wrapper\">\n<iframe title=\"Photocall Falliruma1.mov\" src=\"https:\/\/player.vimeo.com\/video\/662771378?dnt=1&amp;app_id=122963\" width=\"1180\" height=\"664\" frameborder=\"0\" allow=\"autoplay; fullscreen; picture-in-picture; clipboard-write\"><\/iframe>\n<\/div><\/figure>","protected":false},"excerpt":{"rendered":"<p>En el proyecto FALLIRUMA Hemos trabajado en talleres intergeneracionales con m\u00e1s de 80 personas durante tres sesiones en d\u00edas consecutivos y completos para gozar con la relaci\u00f3n manos-cerebro-prop\u00f3sito. Todo un reto organizativo, did\u00e1ctico, performativo y discursivo. En la foto y el v\u00eddeo un adelanto de la SESI\u00d3N 1. Te contamos c\u00f3mo lo hemos hecho En [&hellip;]<\/p>\n","protected":false},"author":1,"featured_media":8370,"comment_status":"open","ping_status":"open","sticky":false,"template":"","format":"standard","meta":{"rop_custom_images_group":[],"rop_custom_messages_group":[],"rop_publish_now":"initial","rop_publish_now_accounts":[],"rop_publish_now_history":[],"rop_publish_now_status":"pending","ngg_post_thumbnail":0,"_jetpack_memberships_contains_paid_content":false,"footnotes":""},"categories":[8,367,402,403,301,113],"tags":[],"class_list":["post-8364","post","type-post","status-publish","format-standard","has-post-thumbnail","hentry","category-arte-y-otras-delicias-vindicativas","category-ecofeminismo","category-fallas","category-falliruma","category-gender-studies","category-obra"],"jetpack_featured_media_url":"https:\/\/trementinalux.com\/Blog\/wp-content\/uploads\/2022\/02\/FENT-FALLIRUMA-LOS-TALLERES.jpg","jetpack_likes_enabled":true,"jetpack_sharing_enabled":true,"_links":{"self":[{"href":"https:\/\/trementinalux.com\/Blog\/wp-json\/wp\/v2\/posts\/8364","targetHints":{"allow":["GET"]}}],"collection":[{"href":"https:\/\/trementinalux.com\/Blog\/wp-json\/wp\/v2\/posts"}],"about":[{"href":"https:\/\/trementinalux.com\/Blog\/wp-json\/wp\/v2\/types\/post"}],"author":[{"embeddable":true,"href":"https:\/\/trementinalux.com\/Blog\/wp-json\/wp\/v2\/users\/1"}],"replies":[{"embeddable":true,"href":"https:\/\/trementinalux.com\/Blog\/wp-json\/wp\/v2\/comments?post=8364"}],"version-history":[{"count":21,"href":"https:\/\/trementinalux.com\/Blog\/wp-json\/wp\/v2\/posts\/8364\/revisions"}],"predecessor-version":[{"id":8401,"href":"https:\/\/trementinalux.com\/Blog\/wp-json\/wp\/v2\/posts\/8364\/revisions\/8401"}],"wp:featuredmedia":[{"embeddable":true,"href":"https:\/\/trementinalux.com\/Blog\/wp-json\/wp\/v2\/media\/8370"}],"wp:attachment":[{"href":"https:\/\/trementinalux.com\/Blog\/wp-json\/wp\/v2\/media?parent=8364"}],"wp:term":[{"taxonomy":"category","embeddable":true,"href":"https:\/\/trementinalux.com\/Blog\/wp-json\/wp\/v2\/categories?post=8364"},{"taxonomy":"post_tag","embeddable":true,"href":"https:\/\/trementinalux.com\/Blog\/wp-json\/wp\/v2\/tags?post=8364"}],"curies":[{"name":"wp","href":"https:\/\/api.w.org\/{rel}","templated":true}]}}