{"id":6638,"date":"2020-03-17T11:44:55","date_gmt":"2020-03-17T11:44:55","guid":{"rendered":"http:\/\/trementinalux.com\/Blog\/?p=6638"},"modified":"2020-03-17T12:40:01","modified_gmt":"2020-03-17T12:40:01","slug":"encontre-virtual-de-dibuix-infantil-un-lloc-en-la-tribusfera","status":"publish","type":"post","link":"https:\/\/trementinalux.com\/Blog\/encontre-virtual-de-dibuix-infantil-un-lloc-en-la-tribusfera\/","title":{"rendered":"Encontre virtual de dibuix Infantil \u00abUn lloc en la Tribusfera\u00bb"},"content":{"rendered":"<p>El arte, el verdadero arte con min\u00fasculas, tiene la facultad de situarse m\u00e1s all\u00e1 del de toda frontera f\u00edsica o espacio temporal. El verdadero arte es eso que nos sorprende resignific\u00e1ndose con el paso de los d\u00edas, imant\u00e1ndose de sentido con cada movimiento c\u00f3smico, transformando nuestra alma y nuestra percepci\u00f3n de lo real, ayud\u00e1ndonos a entenderla.<\/p>\n<p>Ha pasado con la Falla Municipal dise\u00f1ada por Escif, cuyo busto se ha quedado en la Plaza del Ayuntamiento de Val\u00e8ncia como s\u00edmbolo universal de calma y resistencia en tiempos de cambio hasta que podamos quemarla en julio.&nbsp;<\/p>\n<p><strong>Y ha pasado con \u00abUn lloc en la Tribusfera\u00bb&#8230;<\/strong><\/p>\n<p>De las seis figuras que ten\u00eda previsto plantar este 14 de marzo solo present\u00e9 una de ellas en el boceto. Greta.&nbsp;La dibuje sola. Con su m\u00f3vil y su gato. Aislada en una burbuja. Con la tecnolog\u00eda m\u00f3vil como objeto proveedor de voz p\u00fablica y al mismo tiempo como pantalla alienante. A esa ni\u00f1a inspirada por Greta y por todos los ni\u00f1os y ni\u00f1as de la Comisi\u00f3n la dibuj\u00e9 feliz y empijamada, hecha en cart\u00f3n, sin pulir, con la cara gestual y abundante color. Una y trina, representante \u00fanica por verdad inducida de una colectividad escondida tras ella.<\/p>\n<p><strong>Y un poco m\u00e1s de historia sobre el Concurso de Dibujo<\/strong><\/p>\n<p>Desde hace varias d\u00e9cadas ininterrumpidamente todos los d\u00edas 16 de marzo los ni\u00f1os y ni\u00f1as de RIBESAN, unos cincuenta, salen a la calle. Carlos les proporciona l\u00e1pices, gomas, papeles y sillas con un rigor que quita el hipo y dibujan con l\u00e1piz la Falla Infantil que est\u00e1 en la plaza durante horas, en un clima de sol y bendita concentraci\u00f3n que a mi me lleva al delirio. Este a\u00f1o suger\u00ed que se utilizaran colores pero la propuesta qued\u00f3 en el aire.&nbsp;<\/p>\n<p><strong>Hoy ha sido d\u00eda 16 y c\u00f3mo sab\u00e9is, no hay fallas en las calles<\/strong><\/p>\n<p>Y ha sucedido lo inesperado: la magia de trabajar por el bien com\u00fan, de imaginar escenarios maravillosos. Gracias a la Delegaci\u00f3n de Infantiles se ha celebrado el I Encontre de Dibuix Virtual. Por primera vez en la historia de nuestra humanidad Fallera los ni\u00f1os y las ni\u00f1as han dibujado en solitario, aislados en la burbuja de su casa el boceto, que no la Falla Infantil. Y sin embargo, es la primera vez que sus dibujos tienen acceso al discurso p\u00fablico fuera del muro del Casal, es la primera vez que pintan con color y es la primera vez que han sido compartidos por el m\u00f3vil. Su dibujo libre y no competeitivo se ha convertido en un autorretrato conceptual de las circunstancias que vivimos en la cuarentena y su lugar en la no-plaza, en su \u00abLloc\u00bb en esta prof\u00e9tica \u00abTribusfera\u00bb.<\/p>\n<p>As\u00ed que todo es tan incre\u00edble y todo tiene un sentido tan supraconsciente que por favor, cuando la creatividad os venga y os conecte con lo que no tiene nombre, fluid y confiad, porque el futuro est\u00e1 ya en cada decisi\u00f3n tomada con amor.<\/p>\n<p>Las lecciones vertiginosas que estamos aprendiendo junt@s y la oportunidad para aprovechar y transmitir esta Escuela de Valores avanzada en que se est\u00e1 convirtiendo la cuarentena, puede definitivamente ayudarnos a mejorar nuestra actitud y nuestra convivencia en este bendito Planeta llamado milagro Tierra, sean cuales sean las causas y las consecuencias reales de este confinamiento impuesto.<\/p>\n<p>Gracias a quienes lo hab\u00e9is hecho posible, por la imaginaci\u00f3n y el amor puesto al servicio de la felicidad com\u00fan. Que la cuarentena nos haya coincidido con las Fallas (diametralmente opuestas a la calma y afectivamente proporcionales a la intensidad de esta vivencia) solo hace que incrementar la solidaridad y las ganas de vivir.&nbsp;<\/p>\n<p>Y sin m\u00e1s, por favor, disfrutad de este maravilloso Concurso de Dibujo Infantil tan suigeneris de RIBESAN en el que tod@s somos ganador@s.<\/p>\n<p><strong>Un aplauso para ell@s y enhorabuena!<\/strong><\/p>\n<p><strong>TREMENTINA LUX<\/strong><\/p>\nngg_shortcode_0_placeholder\n","protected":false},"excerpt":{"rendered":"<p>El arte, el verdadero arte con min\u00fasculas, tiene la facultad de situarse m\u00e1s all\u00e1 del de toda frontera f\u00edsica o espacio temporal. El verdadero arte es eso que nos sorprende resignific\u00e1ndose con el paso de los d\u00edas, imant\u00e1ndose de sentido con cada movimiento c\u00f3smico, transformando nuestra alma y nuestra percepci\u00f3n de lo real, ayud\u00e1ndonos a [&hellip;]<\/p>\n","protected":false},"author":1,"featured_media":6718,"comment_status":"open","ping_status":"open","sticky":false,"template":"","format":"standard","meta":{"rop_custom_images_group":[],"rop_custom_messages_group":[],"rop_publish_now":"initial","rop_publish_now_accounts":[],"rop_publish_now_history":[],"rop_publish_now_status":"pending","ngg_post_thumbnail":0,"_jetpack_memberships_contains_paid_content":false,"footnotes":""},"categories":[8,366,367,113,373],"tags":[],"class_list":["post-6638","post","type-post","status-publish","format-standard","has-post-thumbnail","hentry","category-arte-y-otras-delicias-vindicativas","category-climate-change","category-ecofeminismo","category-obra","category-tribusfera"],"jetpack_featured_media_url":"https:\/\/trementinalux.com\/Blog\/wp-content\/uploads\/2020\/03\/DIBUIX-VIRTUAL-UN-LLOC-EN-LA-TRIBUSFERA.jpg","jetpack_likes_enabled":true,"jetpack_sharing_enabled":true,"_links":{"self":[{"href":"https:\/\/trementinalux.com\/Blog\/wp-json\/wp\/v2\/posts\/6638","targetHints":{"allow":["GET"]}}],"collection":[{"href":"https:\/\/trementinalux.com\/Blog\/wp-json\/wp\/v2\/posts"}],"about":[{"href":"https:\/\/trementinalux.com\/Blog\/wp-json\/wp\/v2\/types\/post"}],"author":[{"embeddable":true,"href":"https:\/\/trementinalux.com\/Blog\/wp-json\/wp\/v2\/users\/1"}],"replies":[{"embeddable":true,"href":"https:\/\/trementinalux.com\/Blog\/wp-json\/wp\/v2\/comments?post=6638"}],"version-history":[{"count":22,"href":"https:\/\/trementinalux.com\/Blog\/wp-json\/wp\/v2\/posts\/6638\/revisions"}],"predecessor-version":[{"id":6729,"href":"https:\/\/trementinalux.com\/Blog\/wp-json\/wp\/v2\/posts\/6638\/revisions\/6729"}],"wp:featuredmedia":[{"embeddable":true,"href":"https:\/\/trementinalux.com\/Blog\/wp-json\/wp\/v2\/media\/6718"}],"wp:attachment":[{"href":"https:\/\/trementinalux.com\/Blog\/wp-json\/wp\/v2\/media?parent=6638"}],"wp:term":[{"taxonomy":"category","embeddable":true,"href":"https:\/\/trementinalux.com\/Blog\/wp-json\/wp\/v2\/categories?post=6638"},{"taxonomy":"post_tag","embeddable":true,"href":"https:\/\/trementinalux.com\/Blog\/wp-json\/wp\/v2\/tags?post=6638"}],"curies":[{"name":"wp","href":"https:\/\/api.w.org\/{rel}","templated":true}]}}