{"id":6610,"date":"2020-03-11T09:56:01","date_gmt":"2020-03-11T09:56:01","guid":{"rendered":"http:\/\/trementinalux.com\/Blog\/?p=6610"},"modified":"2020-03-11T10:05:20","modified_gmt":"2020-03-11T10:05:20","slug":"la-suspension-de-las-fallas-como-sintoma-de-la-barbarie-que-se-avecina","status":"publish","type":"post","link":"https:\/\/trementinalux.com\/Blog\/la-suspension-de-las-fallas-como-sintoma-de-la-barbarie-que-se-avecina\/","title":{"rendered":"La suspensi\u00f3n de las Fallas como s\u00edntoma de la barbarie que se avecina"},"content":{"rendered":"<p><strong>Tribusfera Work in progress VI&#8230;<\/strong><\/p>\n<p>Esta es Greteta. Acab\u00e9 de pintarla ayer. Lleva medio pintada muchos d\u00edas esperando algo. El momento apropiado. Greteta es chamana. Por eso la pint\u00e9 ayer, con un terrible y sobrevenido dolor de articulaciones que me tuvo postrada todo el d\u00eda. Y me dije (yo siempre me digo cosas) Tienes una misi\u00f3n, as\u00ed que ac\u00e1bala.<\/p>\n<p>Me levant\u00e9 y la pint\u00e9. Enajenada de mi cuerpo que de tanto dolerme me imped\u00eda fijarme en la mano haciendo planetas de \u00f3leo sobre sus pupilas de cera de abeja. Y al acabar me pregunt\u00e9 de qu\u00e9 dol\u00eda el alma, y el alma me dijo, es p\u00e1nico, est\u00e1s paralizada porque sabes que su destino no es estar en la plaza.<\/p>\n<p><strong>Esto es lo m\u00e1s plantada que va a estar Greteta: en una maceta, en mi balc\u00f3n.<\/strong><\/p>\n<p>Voy a hacer una bajada de registro ling\u00fc\u00edstico. A la mierda las Fallas. No, no estoy de acuerdo con esta decisi\u00f3n y voy a explicaros mis razones, mientras haya libertad de expresi\u00f3n habr\u00e1 voces con derecho a disentir.<\/p>\n<p><strong>Papa Estado<\/strong><\/p>\n<p>Pap\u00e1 estado nos protege. \u00bfDe qu\u00e9 nos protege? Nos protege de una pandemia medi\u00e1tica que Dean Koonz imagin\u00f3 en el a\u00f1o 1981 y alguien con poca imaginaci\u00f3n y muchos recursos, ha decidido poner en pr\u00e1ctica (<a href=\"https:\/\/books.google.es\/books\/about\/The_Eyes_of_Darkness.html?id=mMiQPwAACAAJ&amp;redir_esc=y\"><em>Dean Koontz&#8217;s novel<\/em> &#8216;The Eyes of Darkness&#8217;<\/a>).&nbsp;<\/p>\n<p>No s\u00e9 si conoc\u00e9is a alguien con Coronavirus, pero seguro que conoc\u00e9is a muchas personas que hoy se quieren morir. A pap\u00e1 estado le sale bien la jugada, el sistema de salud p\u00fablica salva el culo, se supone, y las farmac\u00e9uticas van a ponerse ciegas a vender paracetamoles y antidepresivos para todas las personas y los peque\u00f1os autonom@s, artistas y artesanos de una fragilidad absoluta, que van a entrar en colapso emocional y tambi\u00e9n econ\u00f3mico. Porque el sistema inmunol\u00f3gico se pone fuerte con la felicidad. Pero m\u00e1s all\u00e1&#8230;<\/p>\n<p><strong>Papa estado nos lleva a la barbarie<\/strong><\/p>\n<p>Ayer ve\u00eda las noticias. Si yo estuviera en su lugar har\u00eda lo mismo. Todo el mundo habla de acatar la decisi\u00f3n por responsabilidad y salud publica. Esto es el <a href=\"http:\/\/www.revistadefilosofia.org\/53-04.pdf\">Biopoder<\/a>&nbsp;y el efecto de las Tecnolog\u00edas del yo, de las que hablaba Michel Foucault, de la que nadie se escapa. Con la consigna de hacer noticiable este acontecimiento durante meses, los poderes f\u00e1cticos globales, porque esto no es local, han conseguido su prop\u00f3sito: la poblaci\u00f3n ha interiorizado las razones para que la barbarie se instale entre nosotr@s y somos sus mejores valedores. Mis amigas de Jap\u00f3n, Bangalore y Singapur est\u00e1n tan en schock como nosot@s por el cierre de escuelas y la cancelaci\u00f3n de espect\u00e1culos, todo suena a tremenda manipulaci\u00f3n \u00bfLas personas no entendemos nada porque nos ocultan mucho? <a href=\"https:\/\/news.un.org\/es\/story\/2020\/03\/1470901\">\u00bfQu\u00e9 est\u00e1 pasando realmente<\/a>?<\/p>\n<p><strong>El miedo a la muerte nos impide vivir<\/strong><\/p>\n<p>La manipulaci\u00f3n se sustenta sobre esta premisa paranoica. El puto miedo a la muerte para el que nos han maleducado en Occidente. Hay que morirse, lo digo ya. Quien vive se arriesga a morir, es la condici\u00f3n b\u00e1sica para la vida. Las fallas, como el <a href=\"https:\/\/www.independent.co.uk\/life-style\/holi-2020-festival-india-nepal-hindu-colours-celebrations-best-photos-a9387426.html\">Holi<\/a>, que hoy se est\u00e1 celebrando en India, son la expresi\u00f3n at\u00e1vica, pagana, antisistema, revolucionaria y benditamente feliz de mandar a la mierda el miedo a la muerte. De re\u00edrse del miedo a la muerte y bailar con ella.&nbsp;Y s\u00ed, hoy gasto tacos porque llevo desde noviembre sin dormir haciendo una Falla de barrio, para la gente de mi barrio que Papa Estado no nos permite plantar. Menuda paradoja nuestros infantiles: nunca tendran su \u00ab<a href=\"http:\/\/trementinalux.com\/Blog\/?s=tribusfera\">Lloc en la Tribusfera<\/a>\u00bb<\/p>\n<p><strong>Y ahora la pregunta gorda \u00bfPor qu\u00e9 ovarios hay que seguir hoy yendo a trabajar?<\/strong><\/p>\n<p>\u00bfPor qu\u00e9 Papa Estado prohibe los eventos deportivos, los espect\u00e1culos y las manifestaciones culturales, situaciones todas ellas a las que una persona puede decidir libre y responsablemente si acude o no?<\/p>\n<p>\u00bfPor qu\u00e9 Papa Estado no defiende a l@s ciudadan@s de obligaciones laborales de las que no pueden eximirse porque est\u00e1 en su contrato aceptar la sumisi\u00f3n? Me explico. \u00bfPor qu\u00e9 una persona tiene que acudir hoy a trabajar a una gran superficie comercial, o a una oficina cerrada con cien trabajadores, o a conducir un autob\u00fas o a servir en un restaurante asumiendo un riesgo de presunto contagio mucho mayor que en una masclet\u00e0?<\/p>\n<p>Yo os lo digo: porque la cultura nos hace humanos, libres, felices, y nos ayuda a vivir con dignidad y valent\u00eda, a aceptar la vida con todos sus misterios y todas sus regulaciones naturales, porque viviendo libre y responsablemente podemos tomar decisiones sensatas sobre nuestra vida. Y viviendo con la cabeza metida en el fango solo podemos repetir las consignas que los medios de comunicaci\u00f3n nos inculcan.<\/p>\n<p><strong>Todos somos sospechos@s. Esto es la barbarie<\/strong><\/p>\n<p>Esta es la cuesti\u00f3n. Aceptamos el cierre de fronteras. Aceptamos dejar de besar y abrazar a seres queridos, sospechamos de un vecino que tose, nos lavamos las manos despu\u00e9s de tocar a la panadera como si nunca hubieramos vivido inviernos de gripe. La sospecha sobre los cuerpos ajenos es terror\u00edfica. Aceptamos que las dem\u00e1s personas son peligrosas para nuestra vida. Aceptamos el aislamiento y el confinamiento, empezamos a comprar provisiones como en tiempo de guerra. \u00bfQu\u00e9 no seremos capaces de justificar con estas terribles premisas?<\/p>\n<p><strong>Recoger a los muertos con carretas, ver a la gente morir en las calles<\/strong><\/p>\n<p>Eso es una pandemia. Os recomiendo leer \u00ab<a href=\"https:\/\/books.google.es\/books\/about\/Diario_del_a%C3%B1o_de_la_peste.html?id=NKXjAAAACAAJ&amp;redir_esc=y\">Diario del a\u00f1o de la Peste<\/a>\u00bb de Daniel Defoe para entender c\u00f3mo nos comportamos los seres humanos ante una pandemia real. Os recomiendo leer tambi\u00e9n \u00ab<a href=\"https:\/\/books.google.es\/books?id=tKjAj5rDY0sC&amp;printsec=frontcover&amp;dq=ensayo+sobre+la+ceguera&amp;hl=es&amp;sa=X&amp;ved=0ahUKEwjXv5Dtj5LoAhXJzoUKHQgzC9UQ6AEIKDAA#v=onepage&amp;q=ensayo%20sobre%20la%20ceguera&amp;f=false\">Ensayo sobre la ceguera<\/a>\u00bb de Saramago para entender c\u00f3mo nos comportamos los seres humanos en tiempos globales ante una pandemia imaginaria. Os recomiendo leer \u00ab<a href=\"https:\/\/books.google.es\/books\/about\/1791_el_%C3%BAltimo_a%C3%B1o_de_Mozart.html?id=hJV9AAAACAAJ&amp;redir_esc=y\">1791, El \u00faltimo a\u00f1o de Mozart<\/a>\u00bb para que sep\u00e1is lo mucho que aumentaba la s\u00edfilis y la gonorrea despu\u00e9s de los Carnavales de Venecia y os recomiendo leer \u00ab<a href=\"https:\/\/www.traficantes.net\/sites\/default\/files\/pdfs\/Caliban%20y%20la%20bruja-TdS.pdf\">Calib\u00e1n y la bruja<\/a>\u00bb de Silvia Federici, para entender c\u00f3mo Pap\u00e1 Estado utiliz\u00f3 la peste negra y los feminicidios para controlar a la poblaci\u00f3n en su propio beneficio y de su relaci\u00f3n con el nacimiento del capitalismo. (Se parece todo tanto que da escalofr\u00edos).<\/p>\n<p><strong>Y por \u00faltimo, las fallas son una fiesta de barrio<\/strong><\/p>\n<p>Mi hija me pregunta si puede celebrar su cumplea\u00f1os en la plaza, si puede vestirse de valenciana, si puede bailar con sus amigas, si puede jugar en la calle estos d\u00edas. Me pregunta si podemos quemar los seis ninots que hemos hecho para nuestra gente de barrio. Me dice que si esto se llaman Fallas, si podemos cambiarle el nombre.&nbsp;<\/p>\n<p>Con muy pocos a\u00f1os ya entiende que nombrar las cosas es hacer un ejercicio de poder sobre ellas. Esa es la cuesti\u00f3n. Las Fallas no son ante todo un evento global para sacar tajada millonaria. Las fallas son una fiesta de barrio, horizontal y matrilocal hecha por y para las personas de una demarcaci\u00f3n. La orientaci\u00f3n de la Falla a lo global impide entender su verdadera idiosincracia. Impide entender el descalabro emocional, social, vital y por supuesto econ\u00f3mico de miles de personas que viven de ellas dando lo mejor de si mismas y&nbsp;sobre todo de las personas que con su esfuerzo durante todo el a\u00f1o sobreviven con ilusi\u00f3n para quemar la amargura de sus vidas a sueldo del sistema capitalista con su tribu, con su gente hermana, entre abrazos y apretones, entre risas y valent\u00eda, mezcl\u00e1ndose hasta morir y renacer con las cenizas el 19 de marzo.<\/p>\n<p>No, no estoy de acuerdo con suspender las fallas por un virus, sea real o ficticio a cuatro d\u00edas de plantarlas, algunas ya en las calles, hechas para ser quemadas, no almacenadas. \u00bfPor qu\u00e9 Pap\u00e1 Estado no tom\u00f3 medidas antes? No estoy de acuerdo en que sea una cuesti\u00f3n de salud p\u00fablica, es una cuesti\u00f3n de llevarnos de la mano a la paranoia y la barbarie autoinducida, es una cuesti\u00f3n de poner a prueba hasta donde somos capaces de someternos y hasta donde llega el revanchismo, la hipocondr\u00eda y la envidia cruel de quien se alegra. Todos ellos indicadores excelentes del buen estado de salud de la intolerancia, germen del fascismo galopante que se avecina.<\/p>\n<p>Feliz d\u00eda. Me voy a ver como destrozan las fallas de especial que ya est\u00e1n montadas en las plazas.<\/p>\n<p>TREMENTINA LUX&nbsp;<\/p>\n<p>&nbsp;<\/p>\n<p>&nbsp;<\/p>\n<p>&nbsp;<\/p>\n","protected":false},"excerpt":{"rendered":"<p>Tribusfera Work in progress VI&#8230; Esta es Greteta. Acab\u00e9 de pintarla ayer. Lleva medio pintada muchos d\u00edas esperando algo. El momento apropiado. Greteta es chamana. Por eso la pint\u00e9 ayer, con un terrible y sobrevenido dolor de articulaciones que me tuvo postrada todo el d\u00eda. Y me dije (yo siempre me digo cosas) Tienes una [&hellip;]<\/p>\n","protected":false},"author":1,"featured_media":6616,"comment_status":"open","ping_status":"open","sticky":false,"template":"","format":"standard","meta":{"rop_custom_images_group":[],"rop_custom_messages_group":[],"rop_publish_now":"initial","rop_publish_now_accounts":[],"rop_publish_now_history":[],"rop_publish_now_status":"pending","ngg_post_thumbnail":0,"_jetpack_memberships_contains_paid_content":false,"footnotes":""},"categories":[8,366,367,301,3,113,1,373,87],"tags":[18,23,291,172,290,368,6,62,279],"class_list":["post-6610","post","type-post","status-publish","format-standard","has-post-thumbnail","hentry","category-arte-y-otras-delicias-vindicativas","category-climate-change","category-ecofeminismo","category-gender-studies","category-lletraferida","category-obra","category-sin-categoria","category-tribusfera","category-vindicaciones-nomadas","tag-construccion-social-de-la-realidad","tag-cultura-libre","tag-estudios-de-genero","tag-fallas","tag-gender-studies","tag-greta-thunberg","tag-reflexion","tag-violencia-simbolica","tag-volem-fer-falla"],"jetpack_featured_media_url":"https:\/\/trementinalux.com\/Blog\/wp-content\/uploads\/2020\/03\/greteta1.jpeg","jetpack_likes_enabled":true,"jetpack_sharing_enabled":true,"_links":{"self":[{"href":"https:\/\/trementinalux.com\/Blog\/wp-json\/wp\/v2\/posts\/6610","targetHints":{"allow":["GET"]}}],"collection":[{"href":"https:\/\/trementinalux.com\/Blog\/wp-json\/wp\/v2\/posts"}],"about":[{"href":"https:\/\/trementinalux.com\/Blog\/wp-json\/wp\/v2\/types\/post"}],"author":[{"embeddable":true,"href":"https:\/\/trementinalux.com\/Blog\/wp-json\/wp\/v2\/users\/1"}],"replies":[{"embeddable":true,"href":"https:\/\/trementinalux.com\/Blog\/wp-json\/wp\/v2\/comments?post=6610"}],"version-history":[{"count":7,"href":"https:\/\/trementinalux.com\/Blog\/wp-json\/wp\/v2\/posts\/6610\/revisions"}],"predecessor-version":[{"id":6618,"href":"https:\/\/trementinalux.com\/Blog\/wp-json\/wp\/v2\/posts\/6610\/revisions\/6618"}],"wp:featuredmedia":[{"embeddable":true,"href":"https:\/\/trementinalux.com\/Blog\/wp-json\/wp\/v2\/media\/6616"}],"wp:attachment":[{"href":"https:\/\/trementinalux.com\/Blog\/wp-json\/wp\/v2\/media?parent=6610"}],"wp:term":[{"taxonomy":"category","embeddable":true,"href":"https:\/\/trementinalux.com\/Blog\/wp-json\/wp\/v2\/categories?post=6610"},{"taxonomy":"post_tag","embeddable":true,"href":"https:\/\/trementinalux.com\/Blog\/wp-json\/wp\/v2\/tags?post=6610"}],"curies":[{"name":"wp","href":"https:\/\/api.w.org\/{rel}","templated":true}]}}