{"id":6546,"date":"2019-12-27T12:20:05","date_gmt":"2019-12-27T12:20:05","guid":{"rendered":"http:\/\/trementinalux.com\/Blog\/?p=6546"},"modified":"2019-12-27T12:20:05","modified_gmt":"2019-12-27T12:20:05","slug":"el-heroe-del-coltan-y-la-mineria-del-carton-o-viceversa-tribusfera-work-in-progress-iii","status":"publish","type":"post","link":"https:\/\/trementinalux.com\/Blog\/el-heroe-del-coltan-y-la-mineria-del-carton-o-viceversa-tribusfera-work-in-progress-iii\/","title":{"rendered":"El H\u00e9roe del Colt\u00e1n y la miner\u00eda del Cart\u00f3n, o viceversa&#8230; (Tribusfera work in progress III)"},"content":{"rendered":"<p><strong>Hoy voy a hablar de c\u00f3mo ha nacido en nuestra Tribusfera el H\u00e9roe del Colt\u00e1n.<\/strong><\/p>\n<p>El h\u00e9roe del Coltan es un chico que tiene nombre, pero nunca sabremos ni pronunciarlo. Es un chico que trabaja en las minas del Congo para que puedas leer esto, para que yo pueda escribirlo, para que podamos <em>twitearlo<\/em> y <em>sharearlo<\/em> a placer. Tambi\u00e9n muere all\u00ed, no quiero olvidar decirlo.<\/p>\n<p>El H\u00e9roe del Colt\u00e1n es peque\u00f1o y tiene una enorme dignidad. Una dignidad descomunal. Un d\u00eda, un fot\u00f3grafo fue a su tierra a hacerle fotos y desde entonces ilustra todos los reportajes sobre la miner\u00eda del Colt\u00e1n con una enorme presencia, con un cuerpo desafiante, con una mirada plet\u00f3rica de anonimato y sabidur\u00eda. Al H\u00e9roe del Colt\u00e1n los derechos de imagen de los menores tampoco le protegen.<\/p>\n<p>Ahora que sus familias han llevado a juicio a <a href=\"https:\/\/www.eldiario.es\/theguardian\/Minas-Republica-Democratica-Congo-tecnologicas_0_975002801.html\">Apple, Google, Microsoft y Tesla<\/a>&nbsp;por la muerte o el enterramiento en vida de varios ni\u00f1os mineros, el H\u00e9roe del Coltan (o su primo) siguen en portada sin merecer un nombre en prensa,&nbsp;<em>John Doe<\/em> lo llaman<em>,<\/em>&nbsp;<em>Jane Doe<\/em> a su madre.<\/p>\n<p>El H\u00e9roe del Colt\u00e1n trabaja para que los ni\u00f1os y las ni\u00f1as de un planeta en emergencia clim\u00e1tica puedan jugar a la Play en el sof\u00e1 de su casa. Esclavos a ambos lados, metidos en las cavernas, unas cavernas m\u00e1s mortales que otras, de ah\u00ed que en nuestra Tribusfera al chico sin nombre le demos voz y lo bauticemos como el H\u00e9roe del Colt\u00e1n.&nbsp;<\/p>\n<p><strong>Vamos con el d\u00eda en que nace<\/strong><\/p>\n<p>El H\u00e9roe del Colt\u00e1n nace del barro una ma\u00f1ana en que todas las contrase\u00f1as fallan, en la que hay que renovar el pago de los servidores, es una ma\u00f1ana blindada en la que se manifiesta que el tercer entorno deja de ser real si no sufragas los gastos del amo tecnol\u00f3gico. Es tambi\u00e9n una ma\u00f1ana de poner sobre la mesa viejos expedientes, esa ma\u00f1ana, la de conocer la verdad. Una ma\u00f1ana renovadora un tanto her\u00f3ica.<\/p>\n<p>La tarde en que modelo en barro al H\u00e9roe del Colt\u00e1n los labios de Sophie se transmutan en un mapa africano tornado coraz\u00f3n. Es la tarde en la que se debate sobre la profesi\u00f3n del Artista Fallero en el templo del saber. Asisto en calidad de Artista, de Fallera y de Artista Fallera, esta pluralidad de yoes amalgamados y las u\u00f1as coloreadas por el barro me hacen poner el foco en la divergencia.<\/p>\n<p><strong>La miner\u00eda del Cart\u00f3n<\/strong><\/p>\n<p>Yo llevo haciendo cart\u00f3n artesanal desde este verano. Desde que supe que la \u00fanica <a href=\"https:\/\/www.lasprovincias.es\/fiestas-tradiciones\/201612\/03\/cierra-unica-fabrica-carton-20161203000627-v.html\">f\u00e1brica de cart\u00f3n fallero<\/a> que exist\u00eda en este planeta cerr\u00f3 por falta de rentabilidad. El corcho blanco mat\u00f3 al cart\u00f3n como el&nbsp;<em><a href=\"https:\/\/www.youtube.com\/watch?v=Iwuy4hHO3YQ\">Video killed the radio star&#8230;<\/a>&nbsp;<\/em>y claro&nbsp;<em>We can&#8217;t rewind we&#8217;ve gone too far.<\/em><\/p>\n<p>Cuando digo haciendo cart\u00f3n, digo haciendo cart\u00f3n. Ahora que voy r\u00e1pida he conseguido sacar 6 hojas tama\u00f1o A4 en unas seis horas. Remojo las cajas de la mudanza de India, separo los cartones, los selecciono, los trituro, los mezclo con colas y otros materiales los tamizo, los escurro, los filtro, los tiendo, los seco y ya est\u00e1. Trabajo en la mina de Cart\u00f3n.<\/p>\n<p><strong>\u00bfPor qu\u00e9 hago cart\u00f3n?<\/strong><\/p>\n<p>El cart\u00f3n fallero ten\u00eda una textura algodonosa capaz de recoger convexidades y concavidades con un amor a la forma sobrenatural, sin quebrarse ni generar tensiones. Era denso, flexible, carism\u00e1tico, dulce al tacto, mat\u00e9rico, resistente y sutil como el abrazo de un \u00e1rbol. El cart\u00f3n fallero se serv\u00eda en tres grosores y tres colores, dos grises y un rosa, para hacer visible la superposici\u00f3n de las tres capas en el proceso de \u00abtirar cart\u00f3n\u00bb en el molde de escayola.<\/p>\n<p>Ya no existe.<\/p>\n<p>Y el poco que existe en alg\u00fan taller no vale la pena quemarlo en marzo porque es patrimonio extinto de la humanidad. Yo tengo tres muestras enmarcadas que me regalaron en el <a href=\"https:\/\/venturahosta.net\/es\/ventura-hosta-2\/\">Taller de Ventura Hosta<\/a> en Navata los maravillosos hacedores de Caps Grossos Neus y David.<\/p>\n<p><strong> Qu\u00e9 cara e&nbsp;inaccesible&nbsp;es la sostenibilidad<\/strong><\/p>\n<p>El caso, el cart\u00f3n que ahora se vende en la <a href=\"https:\/\/cadenaser.com\/emisora\/2017\/09\/22\/radio_valencia\/1506070101_193818.html\">cooperativa<\/a> no es cart\u00f3n fallero, aunque se puede llenar un molde con \u00e9l, claro. Es un cart\u00f3n tenso, industrial, que intenta con buena fe dar respuesta a una demanda peque\u00f1a de talleres en busca de procesos que antes suced\u00edan de forma natural y que con la desaparici\u00f3n de herramientas, conocimiento y materia prima se han convertido en lujo. Hablamos de sostenibilidad.<\/p>\n<p><strong>Nuestro lovely, blessed and orange cart\u00f3n<\/strong><\/p>\n<p>La materia prima que utilizo para hacer nuestro cart\u00f3n artesanal proviene de India y est\u00e1 hecho a mano. Son las cajas que durante m\u00e1s de un a\u00f1o han contenido enseres de mi vida. Han viajado en barco y dormido en h\u00famedos trasteros cerrados bajo llave. Se llenaron y se vaciaron, se plegaron y se precintaron al mismo tiempo que se constru\u00eda mi yo migrante.<\/p>\n<p>Mi hija y mi prima me han acompa\u00f1ado en este proceso de encontrar mi papel en Valencia. Con las manos h\u00famedas, en invierno y en verano. Y ahora ya tenemos hecho el suficiente para tirar de cart\u00f3n nuestras seis figuras Tribusf\u00e9ricas. No hemos conseguido que dos piezas se comporten igual, est\u00e1 vivo, es sumamente org\u00e1nico y sus fibras tienen una testaruda e imperfecta personalidad. Es fascinante.<\/p>\n<p><strong>Sobre la profesi\u00f3n y el oficio<\/strong><\/p>\n<p>Alguien dijo en las jornadas que si ca\u00edas en un buen taller acabar\u00edas haciendo fallas con prestigio, como si fueras \u00abhijo de\u00bb (digo hijo con \u00abo\u00bb). Yo deb\u00ed de caer en talleres de otro tipo porque pint\u00e9 fallas alg\u00fan tiempo y antes me cans\u00e9 que me emancip\u00e9.<\/p>\n<p>Recuerdo que J. y yo pusimos un cartel: \u00abPintamos como los \u00e1ngeles\u00bb. Me llamaron solo a m\u00ed y me pusieron a prueba pintando una falla infantil entera durante un d\u00eda. Al acabar me dijeron que adelante. Yo les pregunt\u00e9 si mi amigo pod\u00eda venir y me dijeron que no, que era solo para fallas infantiles y que buscaban sensibilidad femenina. Les dije que J. era gay y que yo era m\u00e1s de brocha gorda que de pincel fino y entonces les pareci\u00f3 fant\u00e1stico que fu\u00e9ramos los dos. Ambos acabamos pintando de todo, en todas partes, tratados siempre de forma maravillosa.&nbsp;<\/p>\n<p>Nos pagaban poco. Nos pagaban por pieza. El primer d\u00eda gan\u00e9 una miseria. As\u00ed aprend\u00ed a pintar m\u00e1s r\u00e1pido y a ganar lo suficiente como para irme a Pirineos en tienda de campa\u00f1a. El pintor viejo nos ense\u00f1aba t\u00e9cnicas de policrom\u00eda de talla religiosa barroca y as\u00ed pasamos algunos febreros felices que quedaron intactos en mi memoria, como gota de trementina nunca diluida en el oc\u00e9ano.<\/p>\n<p><strong>\u00bfEst\u00e1 el oficio de Artista Fallero\/a en extinci\u00f3n?<\/strong><\/p>\n<p>Ahora se ha creado un <a href=\"http:\/\/www.ceice.gva.es\/es\/web\/formacion-profesional\/publicador-ciclos\/-\/asset_publisher\/FRACVC0hANWa\/content\/ciclo-formativo-artista-fallero-y-construccion-de-escenografias\">grado superior<\/a> para salvar el oficio pero l@s profesionales que lo imparten no tienen el t\u00edtulo y tal y como est\u00e1 el sistema de acreditaciones en la ense\u00f1anza reglada esto es problem\u00e1tico.&nbsp;Se ha creado para mantener vivo el oficio, pero quienes lo estudian saben que tambi\u00e9n se necesita aprender trabajando al tajo en un taller. Es todo una paradoja porque puede que, aunque sea de buena fe, el grado (o el negocio moderno de la educaci\u00f3n) acabe matando una profesi\u00f3n que tiene mucho de renacentista, de inapresable, de innombrable.<\/p>\n<p>Alguien dej\u00f3 caer la opini\u00f3n de que las comisiones falleras explotan a los artistas y que se sienten c\u00f3modas en esta posici\u00f3n quasi esclavista. Pero lo cierto es que son asociaciones culturales sin \u00e1nimo de lucro y esto implica subsistir a base de cuotas altruistas y tener una ganancias anuales igual a cero. Miner\u00eda de la cuota, cuento de la lechera y castillo de naipes para el oficio en cuesti\u00f3n.<\/p>\n<p>Tal vez una gesti\u00f3n responsable del turismo pueda interpelar a los agentes que ahora explotan la fiesta sin contribuir a su desarrollo para que asuman una parte de responsabilidad en su financiaci\u00f3n en lugar de parasitarla como sucede ahora. Dos ejemplos, <a href=\"https:\/\/www.elmundo.es\/comunidad-valenciana\/2019\/03\/16\/5c8cbb9621efa06b198b45ab.html\">aqu\u00ed<\/a> y <a href=\"https:\/\/www.booking.com\/searchresults.es.html?aid=1815542&amp;label=2166_555&amp;sid=fe9cc62d4a0a108904052301b583a16a&amp;sb=1&amp;src=searchresults&amp;src_elem=sb&amp;error_url=https%3A%2F%2Fwww.booking.com%2Fsearchresults.es.html%3Faid%3D1815542%3Blabel%3D2166_555%3Bsid%3Dfe9cc62d4a0a108904052301b583a16a%3Btmpl%3Dsearchresults%3Bage%3D10%3Bcheckin_month%3D3%3Bcheckin_monthday%3D14%3Bcheckin_year%3D2020%3Bcheckout_month%3D3%3Bcheckout_monthday%3D20%3Bcheckout_year%3D2020%3Bcity%3D-406131%3Bclass_interval%3D1%3Bdest_id%3D-406131%3Bdest_type%3Dcity%3Bdtdisc%3D0%3Bfrom_sf%3D1%3Bgroup_adults%3D4%3Bgroup_children%3D0%3Binac%3D0%3Bindex_postcard%3D0%3Blabel_click%3Dundef%3Bno_rooms%3D1%3Boffset%3D0%3Bpostcard%3D0%3Broom1%3DA%252CA%252CA%252CA%3Bsb_price_type%3Dtotal%3Bshw_aparth%3D1%3Bslp_r_match%3D0%3Bsrc%3Dsearchresults%3Bsrc_elem%3Dsb%3Bsrpvid%3Db1d7525c1e180058%3Bss%3DValencia%3Bss_all%3D0%3Bssb%3Dempty%3Bsshis%3D0%3Bssne%3DValencia%3Bssne_untouched%3DValencia%3Btop_ufis%3D1%26%3B&amp;sr_autoscroll=1&amp;ss=Valencia&amp;is_ski_area=0&amp;ssne=Valencia&amp;ssne_untouched=Valencia&amp;city=-406131&amp;checkin_year=2020&amp;checkin_month=3&amp;checkin_monthday=14&amp;checkout_year=2020&amp;checkout_month=3&amp;checkout_monthday=20&amp;group_adults=2&amp;group_children=0&amp;no_rooms=1&amp;from_sf=1#map_opened-map-header-cta\">aqu\u00ed<\/a>.<\/p>\n<p><strong>Y \u00bfqu\u00e9 cosas suceden mientras nace el H\u00e9roe del Colt\u00e1n?<\/strong><\/p>\n<p>Pues que son d\u00edas de lluvia intensa y que las plantas de mi jard\u00edn balcon\u00edfero recogen gemas de preciada agua en sus hojas. Esta sinergia es.&nbsp;Que el H\u00e9roe nace siendo hijo de las <a href=\"http:\/\/trementinalux.com\/Blog\/tag\/secuencia-del-amor-universal\/\">ni\u00f1as Nigerianas<\/a> a las que pint\u00e9 y en dos horas ve la luz un ni\u00f1o marcado por la geometr\u00eda de la madera, herramientas que modelan una carne conocida, turgente, serena, vibrante llena de autenticidad.&nbsp;<\/p>\n<p>Yo no s\u00e9 si en primaria o infantil hay en el Congo un grado superior para profesionalizar la Miner\u00eda del Colt\u00e1n, porque estar\u00eda bien dignificar la profesi\u00f3n de nuestro H\u00e9roe, \u00bfque os parece?<\/p>\n<p>Abrazo.<\/p>\n<p>Benvingut a casa estimat H\u00e9roe del Colt\u00e1n!<\/p>\n<p>TREMENTINA LUX<\/p>\n<p>&nbsp;<\/p>\n","protected":false},"excerpt":{"rendered":"<p>Hoy voy a hablar de c\u00f3mo ha nacido en nuestra Tribusfera el H\u00e9roe del Colt\u00e1n. El h\u00e9roe del Coltan es un chico que tiene nombre, pero nunca sabremos ni pronunciarlo. Es un chico que trabaja en las minas del Congo para que puedas leer esto, para que yo pueda escribirlo, para que podamos twitearlo y [&hellip;]<\/p>\n","protected":false},"author":1,"featured_media":6548,"comment_status":"open","ping_status":"open","sticky":false,"template":"","format":"standard","meta":{"rop_custom_images_group":[],"rop_custom_messages_group":[],"rop_publish_now":"initial","rop_publish_now_accounts":[],"rop_publish_now_history":[],"rop_publish_now_status":"pending","ngg_post_thumbnail":0,"_jetpack_memberships_contains_paid_content":false,"footnotes":""},"categories":[8,366,367,301,113,373],"tags":[],"class_list":["post-6546","post","type-post","status-publish","format-standard","has-post-thumbnail","hentry","category-arte-y-otras-delicias-vindicativas","category-climate-change","category-ecofeminismo","category-gender-studies","category-obra","category-tribusfera"],"jetpack_featured_media_url":"https:\/\/trementinalux.com\/Blog\/wp-content\/uploads\/2019\/12\/HEROE-COLTAN-MINERIA-DEL-CARTON.jpg","jetpack_likes_enabled":true,"jetpack_sharing_enabled":true,"_links":{"self":[{"href":"https:\/\/trementinalux.com\/Blog\/wp-json\/wp\/v2\/posts\/6546","targetHints":{"allow":["GET"]}}],"collection":[{"href":"https:\/\/trementinalux.com\/Blog\/wp-json\/wp\/v2\/posts"}],"about":[{"href":"https:\/\/trementinalux.com\/Blog\/wp-json\/wp\/v2\/types\/post"}],"author":[{"embeddable":true,"href":"https:\/\/trementinalux.com\/Blog\/wp-json\/wp\/v2\/users\/1"}],"replies":[{"embeddable":true,"href":"https:\/\/trementinalux.com\/Blog\/wp-json\/wp\/v2\/comments?post=6546"}],"version-history":[{"count":12,"href":"https:\/\/trementinalux.com\/Blog\/wp-json\/wp\/v2\/posts\/6546\/revisions"}],"predecessor-version":[{"id":6560,"href":"https:\/\/trementinalux.com\/Blog\/wp-json\/wp\/v2\/posts\/6546\/revisions\/6560"}],"wp:featuredmedia":[{"embeddable":true,"href":"https:\/\/trementinalux.com\/Blog\/wp-json\/wp\/v2\/media\/6548"}],"wp:attachment":[{"href":"https:\/\/trementinalux.com\/Blog\/wp-json\/wp\/v2\/media?parent=6546"}],"wp:term":[{"taxonomy":"category","embeddable":true,"href":"https:\/\/trementinalux.com\/Blog\/wp-json\/wp\/v2\/categories?post=6546"},{"taxonomy":"post_tag","embeddable":true,"href":"https:\/\/trementinalux.com\/Blog\/wp-json\/wp\/v2\/tags?post=6546"}],"curies":[{"name":"wp","href":"https:\/\/api.w.org\/{rel}","templated":true}]}}