{"id":6304,"date":"2019-04-16T18:23:38","date_gmt":"2019-04-16T18:23:38","guid":{"rendered":"http:\/\/trementinalux.com\/Blog\/?p=6304"},"modified":"2019-11-06T12:05:25","modified_gmt":"2019-11-06T12:05:25","slug":"volem-fer-mon-queremos-hacer-mundo-we-want-to-make-world","status":"publish","type":"post","link":"https:\/\/trementinalux.com\/Blog\/volem-fer-mon-queremos-hacer-mundo-we-want-to-make-world\/","title":{"rendered":"Volem fer M\u00f3n \/Queremos hacer Mundo \/We want to make World"},"content":{"rendered":"<div class=\"fusion-layout-column fusion_builder_column fusion_builder_column_3_5 fusion-three-fifth fusion-column-last marginCero 3_5\">\n<div class=\"fusion-column-wrapper\" data-bg-url=\"\">\n<div class=\"fusion-title title fusion-sep-none fusion-title-size-four fusion-border-below-title\"><a href=\"http:\/\/educacio-valencia.es\/es\/proyectos\/volem-fer-mon-queremos-hacer-mundo-we-want-to-make-world\/\">La Residencia Art\u00edstica<\/a> se ha concretado en maravillosas sesiones de trabajo colaborativo y co-asociativo con un alto grado de implicaci\u00f3n, pasi\u00f3n y gozo absoluto. Pronto la exposici\u00f3n de resultados en el TEM. Os dejo la presentaci\u00f3n de resultados, un breve resumen del proyecto y enlace a la web oficial.<\/div>\n<div><span style=\"line-height: inherit;\">!Seguimos! !Gracias!<\/span><\/div>\n<div>TREMENTINA LUX<\/div>\n<div>&nbsp;<\/div>\n<div>\n<div id=\"attachment_6460\" style=\"width: 1103px\" class=\"wp-caption alignnone\"><a href=\"https:\/\/issuu.com\/navarro_julia\/docs\/presentacion_volem_fer_monbaja\"><img decoding=\"async\" aria-describedby=\"caption-attachment-6460\" class=\"size-full wp-image-6460\" src=\"http:\/\/trementinalux.com\/Blog\/wp-content\/uploads\/2019\/04\/Captura-de-pantalla-2019-11-06-a-las-13.03.13.png\" alt=\"PRESENTACION RESULTADOS VOLEM FER MON\" width=\"1093\" height=\"292\" srcset=\"https:\/\/trementinalux.com\/Blog\/wp-content\/uploads\/2019\/04\/Captura-de-pantalla-2019-11-06-a-las-13.03.13.png 1093w, https:\/\/trementinalux.com\/Blog\/wp-content\/uploads\/2019\/04\/Captura-de-pantalla-2019-11-06-a-las-13.03.13-300x80.png 300w, https:\/\/trementinalux.com\/Blog\/wp-content\/uploads\/2019\/04\/Captura-de-pantalla-2019-11-06-a-las-13.03.13-768x205.png 768w, https:\/\/trementinalux.com\/Blog\/wp-content\/uploads\/2019\/04\/Captura-de-pantalla-2019-11-06-a-las-13.03.13-580x155.png 580w, https:\/\/trementinalux.com\/Blog\/wp-content\/uploads\/2019\/04\/Captura-de-pantalla-2019-11-06-a-las-13.03.13-380x102.png 380w, https:\/\/trementinalux.com\/Blog\/wp-content\/uploads\/2019\/04\/Captura-de-pantalla-2019-11-06-a-las-13.03.13-280x75.png 280w\" sizes=\"(max-width: 1093px) 100vw, 1093px\" \/><\/a><p id=\"caption-attachment-6460\" class=\"wp-caption-text\">PRESENTACION RESULTADOS VOLEM FER MON<\/p><\/div>\n<\/div>\n<div>&nbsp;<\/div>\n<\/div>\n<div><strong style=\"line-height: inherit;\">Residencias Art\u00edsticas<\/strong><\/div>\n<div class=\"fusion-column-wrapper\" data-bg-url=\"\">\n<div class=\"fusion-title title fusion-sep-none fusion-title-size-four fusion-border-below-title\">\n<p>La Concejal\u00eda de Educaci\u00f3n tiene inter\u00e9s en promover actividades que involucran a artistas en procesos creativos junto con colegios del municipio de Valencia. Para esto, se implementar\u00e1n un total de 9 residencias art\u00edsticas en 9 centros educativos de la ciudad. En cada una de ellas el\/la creador\/a desarrollar\u00e1 un proyecto art\u00edstico personal en colaboraci\u00f3n con el alumnado participante. Se tratar\u00e1 de proyectos innovadores y arraigados en el territorio, que evidencian el car\u00e1cter procesual de la creaci\u00f3n contempor\u00e1nea y empoderan al alumnado y al profesorado como productores\/as culturales y no como \u201cconsumidores\/as\u201d de educaci\u00f3n o de cultura.<\/p>\n<p><strong>Volem fer M\u00f3n \/Queremos hacer Mundo \/We want to make World<\/strong><\/p>\n<\/div>\n<p><strong>Breve Descripci\u00f3n: <\/strong><\/p>\n<p>La mayor\u00eda de narraciones simb\u00f3licas acerca del S.XXI poseen tintes apocal\u00edpticos. Desde una perspectiva de g\u00e9nero, ecologista y animista es f\u00e1cil darse cuenta de que todas las pel\u00edculas y videojuegos sobre un futuro, que ya es nuestro presente, est\u00e1n basados en un paradigma de dominaci\u00f3n patriarcal y tienen brutales protagonistas masculinos y desastrosos escenarios apocal\u00edpticos.<\/p>\n<p>\u00bfDe verdad queremos vivir en un mundo sin agua ni aire puro, con la naturaleza como enemiga, en un mundo violento y motorizado, con la ley del m\u00e1s fuerte por toda garant\u00eda de supervivencia?&nbsp; Tal vez es hora de cambiar la forma de imaginarlo.<\/p>\n<p>\u201cVolem fer M\u00f3n\u201d es un proyecto que aporta a la comunidad educativa las herramientas necesarias, para la creaci\u00f3n de discursos conscientes, que puedan dotar de un sentido y significados propios a estas narrativas simb\u00f3licas.<\/p>\n<p>Utilizando como metodolog\u00eda las bases generales de la pr\u00e1ctica arteterap\u00e9utica, se plantea la creaci\u00f3n de piezas con car\u00e1cter art\u00edstico que se unificar\u00e1n en un producto l\u00fadico, un juego, cuyo uso infinito les permitir\u00e1 convertirse en protagonistas activos para la construcci\u00f3n de un futuro mejor.<span style=\"line-height: inherit;\">&nbsp;<\/span><\/p>\n<\/div>\n<\/div>\n<div class=\"fusion-layout-column fusion_builder_column fusion_builder_column_3_5 fusion-three-fifth fusion-column-last bloqueSeccion marginCero 3_5\">\n<div class=\"fusion-column-wrapper\" data-bg-url=\"\">\n<div class=\"fusion-title title fusion-sep-none fusion-title-size-four fusion-border-below-title\">\n<h4 class=\"title-heading-left\" data-fontsize=\"14\" data-lineheight=\"21\"><strong>Objetivos<\/strong><\/h4>\n<\/div>\n<ul>\n<li>Proporcionar a la comunidad educativa el protagonismo en la toma de decisiones sobre la creaci\u00f3n de un mundo m\u00e1s emp\u00e1tico, habitable y sostenible.<\/li>\n<li>Concienciar activamente sobre la problem\u00e1tica del actual progreso insostenible, a trav\u00e9s del proceso de creaci\u00f3n&nbsp; y el juego colaborativo.<\/li>\n<li>Proporcionar al alumnado herramientas de aprendizaje basadas en su propia experiencia y proceso, para poder crear sus propias narrativas simb\u00f3licas y compararlas con otras basadas en la destrucci\u00f3n, el apocalipsis y la violencia.<\/li>\n<li>Familiarizar a la comunidad educativa con procesos, t\u00e9cnicas y herramientas art\u00edsticas b\u00e1sicas interdisciplinares: investigaci\u00f3n documental, creaci\u00f3n art\u00edstica, obra \u00fanica, proyecto expositivo, producci\u00f3n seriada e inmersi\u00f3n l\u00fadico experiencial.<\/li>\n<\/ul>\n<\/div>\n<\/div>\n<div class=\"fusion-layout-column fusion_builder_column fusion_builder_column_2_5 fusion-two-fifth fusion-column-first 2_5\">&nbsp;<\/div>\n<div class=\"fusion-layout-column fusion_builder_column fusion_builder_column_3_5 fusion-three-fifth fusion-column-last bloqueSeccion marginCero 3_5\">\n<div class=\"fusion-column-wrapper\" data-bg-url=\"\"><span class=\"fusion-imageframe imageframe-none imageframe-2 hover-type-none\"><img decoding=\"async\" class=\"img-responsive wp-image-3076\" title=\"logo-educacio-valencia\" src=\"http:\/\/educacio-valencia.es\/wp-content\/uploads\/2017\/07\/logo-educacio-valencia.png\" sizes=\"(max-width: 800px) 100vw, 4888px\" srcset=\"http:\/\/educacio-valencia.es\/wp-content\/uploads\/2017\/07\/logo-educacio-valencia-200x25.png 200w, http:\/\/educacio-valencia.es\/wp-content\/uploads\/2017\/07\/logo-educacio-valencia.png 300w\" alt=\"Logotipo de la Regidoria de Educaci\u00f3n.\" width=\"300\" height=\"37\"><\/span><\/div>\n<\/div>\n","protected":false},"excerpt":{"rendered":"<p>La Residencia Art\u00edstica se ha concretado en maravillosas sesiones de trabajo colaborativo y co-asociativo con un alto grado de implicaci\u00f3n, pasi\u00f3n y gozo absoluto. Pronto la exposici\u00f3n de resultados en el TEM. Os dejo la presentaci\u00f3n de resultados, un breve resumen del proyecto y enlace a la web oficial. !Seguimos! !Gracias! TREMENTINA LUX &nbsp; &nbsp; [&hellip;]<\/p>\n","protected":false},"author":1,"featured_media":6307,"comment_status":"open","ping_status":"open","sticky":false,"template":"","format":"standard","meta":{"rop_custom_images_group":[],"rop_custom_messages_group":[],"rop_publish_now":"initial","rop_publish_now_accounts":[],"rop_publish_now_history":[],"rop_publish_now_status":"pending","ngg_post_thumbnail":0,"_jetpack_memberships_contains_paid_content":false,"footnotes":""},"categories":[301,113,1,349],"tags":[23,291,290],"class_list":["post-6304","post","type-post","status-publish","format-standard","has-post-thumbnail","hentry","category-gender-studies","category-obra","category-sin-categoria","category-worlding-game","tag-cultura-libre","tag-estudios-de-genero","tag-gender-studies"],"jetpack_featured_media_url":"https:\/\/trementinalux.com\/Blog\/wp-content\/uploads\/2019\/04\/VOLEM-FER-MON-CEIP-ST.jpg","jetpack_likes_enabled":true,"jetpack_sharing_enabled":true,"_links":{"self":[{"href":"https:\/\/trementinalux.com\/Blog\/wp-json\/wp\/v2\/posts\/6304","targetHints":{"allow":["GET"]}}],"collection":[{"href":"https:\/\/trementinalux.com\/Blog\/wp-json\/wp\/v2\/posts"}],"about":[{"href":"https:\/\/trementinalux.com\/Blog\/wp-json\/wp\/v2\/types\/post"}],"author":[{"embeddable":true,"href":"https:\/\/trementinalux.com\/Blog\/wp-json\/wp\/v2\/users\/1"}],"replies":[{"embeddable":true,"href":"https:\/\/trementinalux.com\/Blog\/wp-json\/wp\/v2\/comments?post=6304"}],"version-history":[{"count":8,"href":"https:\/\/trementinalux.com\/Blog\/wp-json\/wp\/v2\/posts\/6304\/revisions"}],"predecessor-version":[{"id":6456,"href":"https:\/\/trementinalux.com\/Blog\/wp-json\/wp\/v2\/posts\/6304\/revisions\/6456"}],"wp:featuredmedia":[{"embeddable":true,"href":"https:\/\/trementinalux.com\/Blog\/wp-json\/wp\/v2\/media\/6307"}],"wp:attachment":[{"href":"https:\/\/trementinalux.com\/Blog\/wp-json\/wp\/v2\/media?parent=6304"}],"wp:term":[{"taxonomy":"category","embeddable":true,"href":"https:\/\/trementinalux.com\/Blog\/wp-json\/wp\/v2\/categories?post=6304"},{"taxonomy":"post_tag","embeddable":true,"href":"https:\/\/trementinalux.com\/Blog\/wp-json\/wp\/v2\/tags?post=6304"}],"curies":[{"name":"wp","href":"https:\/\/api.w.org\/{rel}","templated":true}]}}