{"id":609,"date":"2011-05-06T13:23:52","date_gmt":"2011-05-06T13:23:52","guid":{"rendered":"http:\/\/trementinalux.com\/Blog\/?p=609"},"modified":"2018-11-23T10:39:41","modified_gmt":"2018-11-23T10:39:41","slug":"derribos-ad-libitum","status":"publish","type":"post","link":"https:\/\/trementinalux.com\/Blog\/derribos-ad-libitum\/","title":{"rendered":"Derribos Ad Libitum"},"content":{"rendered":"<p><strong>Pues me voy a dedicar a escribir poes\u00eda porque leo en toda la prensita institucional que los derribos de nuestra amad\u00edsima e imposible Kunsthaus de la B-SIDE del dichoso IVAM comienzan la pr\u00f3xima semana. Nos dejan incluso sin quedada festiva arteactivista.<\/strong><\/p>\n<p>En lo particular no evito andar por la zona, aunque ya no aparco el coche cerca, la otra noche quemaron dos m\u00e1s. Es incre\u00edble lo eficaces que llegan a ser las actuaciones de los diferentes colectivos a la hora de servir a causas a las que no tienen ni idea de que sirven, causas que se sirven de ellos, que los acaban vejando.<\/p>\n<p>En esto me incluyo. Tengo un amigo, fiable en estas cosas del olfato pol\u00edtico y medi\u00e1tico, que dice que no le parece casual. Vaya, yo que pretend\u00eda avivar un debate antisistema y resulta que el sistema se apresura en sus trece erre que erre, destruir, destruir, destruir. Envidio a esos artistas con presupuesto para imprimir y colgar lonas gigantes en las fachadas, yo no he tenido tiempo ni de pegar las fotocopias que hice ayer en los muros que derribar\u00e1n ma\u00f1ana. Cachis.<\/p>\n<p>Ahora pasar\u00e1 lo propio. Las noticias dicen que respetar\u00e1n el patrimonio que aparezca en las excavaciones. Eso implica tres, cuatro, cinco a\u00f1os de solar llenito de margaritas mientras catalogan y derrumban al gusto los hallazgos arqueol\u00f3gicos, para construir un pasado a la carta, -esto s\u00ed, esto no, como en la Almoina. \u00bfY luego? \u00bfQu\u00ed lo s\u00e1? Lo pongo en italiano porque nos llaman ya la Italia espa\u00f1ola.<\/p>\n<p>A mi amigo le he dicho esto, que los verdaderos artistas deber\u00edan pensar seriamente en quemar sus obras despu\u00e9s de hacerlas para que con el pretexto de la exhibici\u00f3n, exhibici\u00f3n, exhibici\u00f3n de arte de jarta alcurnia no se cometan m\u00e1s bestialidades sociales y urban\u00edsticas. Qu\u00e9 no s\u00f3lo de exhibir vive ni el artista, ni el arte, ni las personas, que hay que fomentar la creaci\u00f3n, el proceso, el ayuntamiento m\u00edstico de los seres creativos vivos, en cafeter\u00edas, raves y lo todo lo que anime el alma!!!<\/p>\n<p>Arte es todo lo que usted puede hacer, dijo alguien. Pues eso, \u00bfIncluido el arte Ad libitum de los derribos injustificables? Va a ser que s\u00ed. Iremos con la c\u00e1mara, si nos dejan, para mostrar la barbarie, porque los medios mostrando lo mismo, hablar\u00e1n de lo lindo, lo limpio, y lo mono que ha quedado el solarcito.<\/p>\n<p>A T\u00cd QUE CALLAS&#8230;<br \/>\nHoy quiero hablarte tumbada<br \/>\ntemblor de cielo,<br \/>\n\u00faltimo aliento canalla<br \/>\ncomo la hoja<br \/>\na la hojarasca.<\/p>\n<p>Eso, a la poes\u00eda, que es la barricada.<br \/>\nTREMENTINA LUX<\/p>\n","protected":false},"excerpt":{"rendered":"<p>Pues me voy a dedicar a escribir poes\u00eda porque leo en toda la prensita institucional que los derribos de nuestra amad\u00edsima e imposible Kunsthaus de la B-SIDE del dichoso IVAM comienzan la pr\u00f3xima semana. Nos dejan incluso sin quedada festiva arteactivista. En lo particular no evito andar por la zona, aunque ya no aparco el [&hellip;]<\/p>\n","protected":false},"author":1,"featured_media":670,"comment_status":"open","ping_status":"open","sticky":false,"template":"","format":"standard","meta":{"rop_custom_images_group":[],"rop_custom_messages_group":[],"rop_publish_now":"initial","rop_publish_now_accounts":[],"rop_publish_now_history":[],"rop_publish_now_status":"pending","ngg_post_thumbnail":0,"_jetpack_memberships_contains_paid_content":false,"footnotes":""},"categories":[8,87],"tags":[],"class_list":["post-609","post","type-post","status-publish","format-standard","has-post-thumbnail","hentry","category-arte-y-otras-delicias-vindicativas","category-vindicaciones-nomadas"],"jetpack_featured_media_url":"https:\/\/trementinalux.com\/Blog\/wp-content\/uploads\/2011\/05\/gloria.jpg","jetpack_likes_enabled":true,"jetpack_sharing_enabled":true,"_links":{"self":[{"href":"https:\/\/trementinalux.com\/Blog\/wp-json\/wp\/v2\/posts\/609","targetHints":{"allow":["GET"]}}],"collection":[{"href":"https:\/\/trementinalux.com\/Blog\/wp-json\/wp\/v2\/posts"}],"about":[{"href":"https:\/\/trementinalux.com\/Blog\/wp-json\/wp\/v2\/types\/post"}],"author":[{"embeddable":true,"href":"https:\/\/trementinalux.com\/Blog\/wp-json\/wp\/v2\/users\/1"}],"replies":[{"embeddable":true,"href":"https:\/\/trementinalux.com\/Blog\/wp-json\/wp\/v2\/comments?post=609"}],"version-history":[{"count":9,"href":"https:\/\/trementinalux.com\/Blog\/wp-json\/wp\/v2\/posts\/609\/revisions"}],"predecessor-version":[{"id":6156,"href":"https:\/\/trementinalux.com\/Blog\/wp-json\/wp\/v2\/posts\/609\/revisions\/6156"}],"wp:featuredmedia":[{"embeddable":true,"href":"https:\/\/trementinalux.com\/Blog\/wp-json\/wp\/v2\/media\/670"}],"wp:attachment":[{"href":"https:\/\/trementinalux.com\/Blog\/wp-json\/wp\/v2\/media?parent=609"}],"wp:term":[{"taxonomy":"category","embeddable":true,"href":"https:\/\/trementinalux.com\/Blog\/wp-json\/wp\/v2\/categories?post=609"},{"taxonomy":"post_tag","embeddable":true,"href":"https:\/\/trementinalux.com\/Blog\/wp-json\/wp\/v2\/tags?post=609"}],"curies":[{"name":"wp","href":"https:\/\/api.w.org\/{rel}","templated":true}]}}