{"id":6079,"date":"2018-01-17T14:06:24","date_gmt":"2018-01-17T14:06:24","guid":{"rendered":"http:\/\/trementinalux.com\/Blog\/?p=6079"},"modified":"2018-11-23T09:00:19","modified_gmt":"2018-11-23T09:00:19","slug":"investigadora-y-docente","status":"publish","type":"post","link":"https:\/\/trementinalux.com\/Blog\/investigadora-y-docente\/","title":{"rendered":"Investigadora y docente"},"content":{"rendered":"<p><strong>2011-2016&nbsp;Doctora en Dise\u00f1o y Comunicaci\u00f3n por la Universidad Polit\u00e9cnica de Valencia. <\/strong><\/p>\n<p><strong>Departamento de Dibujo, Facultad de Bellas Artes de San Carlos, Valencia, Spain.&nbsp;Especialista en estudios de g\u00e9nero e iconograf\u00eda. Tesis Doctoral: <a href=\"https:\/\/riunet.upv.es\/handle\/10251\/60157\">\u00abAn\u00e1lisis iconogr\u00e1fico desde una perspectiva de g\u00e9nero de las fundas de disco de la Biblioth\u00e8que nationale de France desde 1900 hasta 1940\u00bb&nbsp;<\/a><\/strong><\/p>\n<p>La Tesis Doctoral analiza desde una perspectiva iconogr\u00e1fica y de g\u00e9nero las im\u00e1genes fijas que acompa\u00f1an a la m\u00fasica grabada entre 1900 y 1940, en concreto en las fundas de disco localizadas mediante trabajo de campo intensivo en la <em>Biblioth\u00e8que nationale de France<\/em>. La amplitud de la muestra, 512 ejemplares, se apoya con materiales puntuales de especial relevancia, envases de cilindros de cera, rollos de pianola y \u00e1lbumes de disco, localizados en los fondos del <em>Museu de la M\u00fasica de Barcelona<\/em>, la <em>Biblioteca de Catalunya<\/em>, la Biblioteca Nacional de Espa\u00f1a, el <em>Hochschule f\u00fcr Musik und Tanz K\u00f6ln<\/em> y el <em>Musikaren Euskal Artxiboa,<\/em> Archivo Vasco de la M\u00fasica. La Tesis Doctoral ampl\u00eda estas posiciones te\u00f3ricas y se concreta en la localizaci\u00f3n, selecci\u00f3n y catalogaci\u00f3n de una muestra representativa de las fundas de disco previas a 1940 que permanec\u00edan devaluadas y descatalogadas. Se trata de una investigaci\u00f3n documental basada en fuentes primarias in\u00e9ditas, de naturaleza exploratoria y car\u00e1cter inductivo, llevada a cabo mediante herramientas de an\u00e1lisis cuantitativo, cualitativo y visual.<\/p>\n<div data-url=\"https:\/\/issuu.com\/navarro_julia\/docs\/lr490navarro_-_ana_lisis_iconogra_f\" style=\"width: 1180px; height: 834px;\" class=\"issuuembed\"><\/div>\n<p><script type=\"text\/javascript\" src=\"\/\/e.issuu.com\/embed.js\" async=\"true\"><\/script><\/p>\n<p><strong>2006-2016 DOCENCIA UNIVERSITARIA\/DOCENCIA FPO SERVEF<\/strong><\/p>\n<p><strong>Universidad Polit\u00e9cnica de Valencia, EPSG Campus de Gandia.&nbsp;<a href=\"https:\/\/riunet.upv.es\/browse?authority=N:11770&amp;type=author\">Direcci\u00f3n de TFG\/PFC.<\/a><\/strong><\/p>\n<p><strong>Licenciatura y grado en comunicaci\u00f3n Audiovisual.&nbsp;ASIGNATURAS: Teor\u00edas de la comunicaci\u00f3n y la informaci\u00f3n, Teor\u00eda y ecolog\u00eda&nbsp;de los medios audiovisuales, Teor\u00eda de la comunicaci\u00f3n audiovisual, Taller de productos de ficci\u00f3n, Dise\u00f1o de personajes. FPO:&nbsp;<\/strong><strong>T\u00e9cnico Auxiliar Dise\u00f1o Gr\u00e1fico, Programas de retoque digital y escaneado de im\u00e1genes.<\/strong><\/p>\n<p><img decoding=\"async\" class=\"alignnone size-full wp-image-6062\" src=\"http:\/\/trementinalux.com\/Blog\/wp-content\/uploads\/2018\/11\/tci-presentacion-dea-1.jpg\" alt=\"\" width=\"2362\" height=\"758\"><strong>2003 ARTINSITU&nbsp;\u00a9&nbsp;\u00ae<\/strong><\/p>\n<p><strong>Proyecto M\u00e1ster de Gesti\u00f3n del Patrimonio Cultural, Conservaci\u00f3n y Restauraci\u00f3n, 8\u00aa Edici\u00f3n.<\/strong><\/p>\n<p><strong>Universidad de Valencia, Fundaci\u00f3n ADEIT. Valencia. Spain.&nbsp;<\/strong><\/p>\n<p class=\"p1\">ARTINSITU es la propuesta de creaci\u00f3n de un espacio&nbsp;p\u00fablico, al aire libre, destinado a la promoci\u00f3n&nbsp;del arte contempor\u00e1neo valenciano. Concebido para instalarse&nbsp;semanalmente en un lugar privilegiado del centro de la ciudad de Valencia: La Plaza del Carmen.&nbsp;ARTINSITU persigue enriquecer la oferta&nbsp;art\u00edstica de la ciudad recuperando la tradici\u00f3n&nbsp;de promocionar a los autores valencianos.&nbsp;ARTINSITU formula una nueva teor\u00eda de&nbsp;las relaciones entre artista y sociedad&nbsp;fundamentada en el mecenazgo democr\u00e1tico, implantando&nbsp;soluciones imaginativas&nbsp;para rehabilitar el centro hist\u00f3rico&nbsp;intensificando la vitalidad de sus calles.&nbsp;ARTINSITU se posiciona como una alternativa&nbsp;de turismo cultural novedosa, sostenible,&nbsp;satisfactoria y rentable.<\/p>\n<div id=\"attachment_6090\" style=\"width: 1010px\" class=\"wp-caption alignnone\"><img decoding=\"async\" aria-describedby=\"caption-attachment-6090\" class=\"size-full wp-image-6090\" src=\"http:\/\/trementinalux.com\/Blog\/wp-content\/uploads\/2018\/11\/ARTINSITUpres-1.jpg\" alt=\"ARTINSITU\" width=\"1000\" height=\"706\" srcset=\"https:\/\/trementinalux.com\/Blog\/wp-content\/uploads\/2018\/11\/ARTINSITUpres-1.jpg 1000w, https:\/\/trementinalux.com\/Blog\/wp-content\/uploads\/2018\/11\/ARTINSITUpres-1-300x212.jpg 300w, https:\/\/trementinalux.com\/Blog\/wp-content\/uploads\/2018\/11\/ARTINSITUpres-1-768x542.jpg 768w, https:\/\/trementinalux.com\/Blog\/wp-content\/uploads\/2018\/11\/ARTINSITUpres-1-580x409.jpg 580w, https:\/\/trementinalux.com\/Blog\/wp-content\/uploads\/2018\/11\/ARTINSITUpres-1-380x268.jpg 380w, https:\/\/trementinalux.com\/Blog\/wp-content\/uploads\/2018\/11\/ARTINSITUpres-1-280x198.jpg 280w\" sizes=\"(max-width: 1000px) 100vw, 1000px\" \/><p id=\"caption-attachment-6090\" class=\"wp-caption-text\">ARTINSITU<\/p><\/div>\n<p><iframe title=\"Discurso Madrina. Gala de graduaci\u00f3n Comunicaci\u00f3n Audiovisual 2012\" src=\"https:\/\/player.vimeo.com\/video\/114871746?dnt=1&amp;app_id=122963\" width=\"720\" height=\"576\" frameborder=\"0\" allow=\"autoplay; fullscreen; picture-in-picture; clipboard-write\"><\/iframe><\/p>\n<blockquote class=\"wp-embedded-content\" data-secret=\"tSuRdpL0Wc\"><p><a href=\"https:\/\/trementinalux.com\/Blog\/artistes-sobre-vinil-gent-bona-coses-bones\/\">Artistes sobre vinil. Gent bona, coses bones<\/a><\/p><\/blockquote>\n<p><iframe class=\"wp-embedded-content\" sandbox=\"allow-scripts\" security=\"restricted\" style=\"position: absolute; clip: rect(1px, 1px, 1px, 1px);\" title=\"\u00abArtistes sobre vinil. Gent bona, coses bones\u00bb \u2014 Planeta Trementina\" src=\"https:\/\/trementinalux.com\/Blog\/artistes-sobre-vinil-gent-bona-coses-bones\/embed\/#?secret=tSuRdpL0Wc\" data-secret=\"tSuRdpL0Wc\" width=\"600\" height=\"338\" frameborder=\"0\" marginwidth=\"0\" marginheight=\"0\" scrolling=\"no\"><\/iframe><\/p>\n<blockquote class=\"wp-embedded-content\" data-secret=\"s6sDUoP8C7\"><p><a href=\"https:\/\/trementinalux.com\/Blog\/la-falla-ideal-reflexion-sobre-el-modelo-cultural-de-la-falla-ribesan-2016\/\">La Falla Ideal. Reflexi\u00f3n sobre el modelo cultural de la Falla RIBESAN 2016.<\/a><\/p><\/blockquote>\n<p><iframe class=\"wp-embedded-content\" sandbox=\"allow-scripts\" security=\"restricted\" style=\"position: absolute; clip: rect(1px, 1px, 1px, 1px);\" title=\"\u00abLa Falla Ideal. Reflexi\u00f3n sobre el modelo cultural de la Falla RIBESAN 2016.\u00bb \u2014 Planeta Trementina\" src=\"https:\/\/trementinalux.com\/Blog\/la-falla-ideal-reflexion-sobre-el-modelo-cultural-de-la-falla-ribesan-2016\/embed\/#?secret=s6sDUoP8C7\" data-secret=\"s6sDUoP8C7\" width=\"600\" height=\"338\" frameborder=\"0\" marginwidth=\"0\" marginheight=\"0\" scrolling=\"no\"><\/iframe><\/p>\n<p>&nbsp;<\/p>\n<p>&nbsp;<\/p>\n","protected":false},"excerpt":{"rendered":"<p>2011-2016&nbsp;Doctora en Dise\u00f1o y Comunicaci\u00f3n por la Universidad Polit\u00e9cnica de Valencia. Departamento de Dibujo, Facultad de Bellas Artes de San Carlos, Valencia, Spain.&nbsp;Especialista en estudios de g\u00e9nero e iconograf\u00eda. Tesis Doctoral: \u00abAn\u00e1lisis iconogr\u00e1fico desde una perspectiva de g\u00e9nero de las fundas de disco de la Biblioth\u00e8que nationale de France desde 1900 hasta 1940\u00bb&nbsp; La Tesis [&hellip;]<\/p>\n","protected":false},"author":1,"featured_media":6061,"comment_status":"open","ping_status":"open","sticky":false,"template":"","format":"standard","meta":{"rop_custom_images_group":[],"rop_custom_messages_group":[],"rop_publish_now":"initial","rop_publish_now_accounts":[],"rop_publish_now_history":[],"rop_publish_now_status":"pending","ngg_post_thumbnail":0,"_jetpack_memberships_contains_paid_content":false,"footnotes":""},"categories":[363],"tags":[],"class_list":["post-6079","post","type-post","status-publish","format-standard","has-post-thumbnail","hentry","category-portfolio"],"jetpack_featured_media_url":"https:\/\/trementinalux.com\/Blog\/wp-content\/uploads\/2018\/11\/PdD-Julia-Navarro-Coll-e1543322872918.jpg","jetpack_likes_enabled":true,"jetpack_sharing_enabled":true,"_links":{"self":[{"href":"https:\/\/trementinalux.com\/Blog\/wp-json\/wp\/v2\/posts\/6079","targetHints":{"allow":["GET"]}}],"collection":[{"href":"https:\/\/trementinalux.com\/Blog\/wp-json\/wp\/v2\/posts"}],"about":[{"href":"https:\/\/trementinalux.com\/Blog\/wp-json\/wp\/v2\/types\/post"}],"author":[{"embeddable":true,"href":"https:\/\/trementinalux.com\/Blog\/wp-json\/wp\/v2\/users\/1"}],"replies":[{"embeddable":true,"href":"https:\/\/trementinalux.com\/Blog\/wp-json\/wp\/v2\/comments?post=6079"}],"version-history":[{"count":20,"href":"https:\/\/trementinalux.com\/Blog\/wp-json\/wp\/v2\/posts\/6079\/revisions"}],"predecessor-version":[{"id":8217,"href":"https:\/\/trementinalux.com\/Blog\/wp-json\/wp\/v2\/posts\/6079\/revisions\/8217"}],"wp:featuredmedia":[{"embeddable":true,"href":"https:\/\/trementinalux.com\/Blog\/wp-json\/wp\/v2\/media\/6061"}],"wp:attachment":[{"href":"https:\/\/trementinalux.com\/Blog\/wp-json\/wp\/v2\/media?parent=6079"}],"wp:term":[{"taxonomy":"category","embeddable":true,"href":"https:\/\/trementinalux.com\/Blog\/wp-json\/wp\/v2\/categories?post=6079"},{"taxonomy":"post_tag","embeddable":true,"href":"https:\/\/trementinalux.com\/Blog\/wp-json\/wp\/v2\/tags?post=6079"}],"curies":[{"name":"wp","href":"https:\/\/api.w.org\/{rel}","templated":true}]}}