{"id":529,"date":"2009-06-23T21:35:23","date_gmt":"2009-06-23T21:35:23","guid":{"rendered":"http:\/\/trementinalux.com\/Blog\/?p=529"},"modified":"2011-04-29T10:36:43","modified_gmt":"2011-04-29T10:36:43","slug":"come-arte-salta-olas-salvavidas","status":"publish","type":"post","link":"https:\/\/trementinalux.com\/Blog\/come-arte-salta-olas-salvavidas\/","title":{"rendered":"COME ARTE, SALTA OLAS, SALVAVIDAS"},"content":{"rendered":"<p>A lo mejor no entend\u00e9is nada de todo esto, mala se\u00f1al ser\u00eda que lo entendier\u00e1is, el caso es que la letra me pide paso, desahogo, dir\u00edamos, advertidos pod\u00e9is leer este post o salir a tomar el d\u00eda, que lo hace bueno y la noche, que ser\u00e1 la de San Juan, algo habr\u00e1 que desear&#8230; (es hoy, \u00bfno?) Yo dese\u00e9, aqu\u00ed, el a\u00f1o pasado, vaya que si dese\u00e9&#8230;con acento en la \u00e9, que bien suenan algunas \u00abe\u00bb&#8230; aunque los interesados ya lo saben.<\/p>\n<p>A lo que iba: Hoy siento una gran distancia entre el Arte y la Vida. No se si es insalvable. Tampoco puedo explicaros el por qu\u00e9, no es que no lo sepa, es que no puedo explicarlo, es distinto. A m\u00ed, que siempre voy de adalid del uno y de la otra, esto, me descuajeringa, me gusta que est\u00e9n cerca, que se le va a hacer&#8230; <\/p>\n<p>Es como si durante un tiempo, el Arde fuera un platillo vac\u00edo, en una balanza donde en el otro platillo se amontona victoriosa la Vida, con sus excrecencias y su voluptuosidad, amn\u00e9sica, \u00e1grafa, pol\u00edgama, llena de veleidades, insensata, risue\u00f1a, incendiaria, ignorante, ebria y procaz, que para eso es Vida.<\/p>\n<p>Llega un d\u00eda, o unos minutos, tres minutos, en que la Vida se vuelve contagiosa y en su estallido b\u00e1rbaro comienza a cederle al Arte todo su peso, y su color favorito, que es el rojo. La vida habla y el Arte escucha. A partir de entonces, se conocen y se imbrican. La vida se desborda en \u00e9l, se crece en \u00e9l, toma consciencia y se vuelve magn\u00e9tica, la Vida se vuelve existencia en la medida en que ya no es Vida, sino un cad\u00e1ver exquisito, escrito, poetizado, ensalzado, cantado, firmado, rubricado, grabado, filmado, y fluye tanto en las ingles del Arte que es por ello m\u00e1s que nunca Vida con may\u00fasculas!!.<\/p>\n<p>La Vida, \u00e9sta que se trasciende a s\u00ed misma, llega un d\u00eda en que deja el platillo vac\u00edo y mira al Arte, tan lleno de ella, gozoso, adjetivado, brillante, nuevo, Vivo, tan vivo como un reci\u00e9n nacido: &#8211; que bonito, dice ella, -que bonito est\u00e1 el Arte!. Ese ha sido el tiempo secreto del parto, en el que Vida y Arte, tan serenos, parec\u00edan uno y se tocaban los labios, si es que alguna vez tuvieron carne para tocarse, ojos para mirarse, letra para fundirse. Los platillos est\u00e1n cerquita, en esa almendra m\u00edstica, casi placenta intrauterina, conectados por el brazo del destino y el contrapeso de lo que estaba escrito que se escribiera, intercambiando fluidos como en un acto amoroso que dura meses; cu\u00e1nta belleza!.<\/p>\n<p>Sin embargo, hoy la Vida es el zumo de naranja con el que el Arte desayuna, antes de almorzar, comer y cenar, antes de negarla tantas veces que al final, la olvidar\u00e1 creyendo que naci\u00f3 de la nada, del s\u00ed mismo, de la maldita tautolog\u00eda. Hoy, el Arte se emancipa: -Bye, Bye querida, y la Vida lo mira de reojo, se despide de \u00e9l con un pa\u00f1uelo, como una ni\u00f1a, peque\u00f1a, muy peque\u00f1a que se ha quedado hu\u00e9rfana&#8230;\u00bfy qui\u00e9n la escuchar\u00e1, ahora?<\/p>\n<p>La Vida, que siempre ha sido un poco Zen y que se llena sola, sin quererlo, toma consciencia de que por un momento, hoy tan solo el vac\u00edo la llena y que no le queda otro albedr\u00edo que seguir siendo Vida, llenarse para desposeerse, un frasco de vitaminas en el sistema solar. \u00bfEs \u00fatil la vida cuando se ha convertido en Arte? \u00bfPodr\u00eda el Arte volver a nacer con independencia de la Vida?. No, se necesitan. Y est\u00e1n orgullosos, el uno de la otra, la otra del uno y se miran con tanta distancia que podr\u00edan, podr\u00e1n en un futuro, siendo los dos uno solo, partido en dos, no reconocerse. Es un adi\u00f3s en la medida en que es un secreto y s\u00f3lo los investigadores del siglo venidero quitar\u00e1n lo obvio y sacar\u00e1n a la luz toda la penumbra.<\/p>\n<p>El Arte come Vidas crapulosamente. S\u00ed, el Arte es un cr\u00e1pula, pendenciero, solitario, sin escala, sin control, un profesional de la representaci\u00f3n&#8230;un can\u00edbal: -que bien! -dijo la Vida, antes de ser comida, el Arte me har\u00e1 inmortal!!.<\/p>\n<p>Si, que paradoja, el Arte es una delicia que los mortales nos comemos en Vida. Alimento para nuestra alma que llena el platillo de la Vida P\u00fablica, que se desborda, que se r\u00ede, llora, Vida que se dilata y siente alegr\u00eda o tristeza cuando el Arte, le cuenta cosas, cosas, que la Vida Privada le ense\u00f1\u00f3&#8230; y vuelta a empezar, supongo, pasado un tiempo, mucho tiempo&#8230; Hambre, me voy a almorzar&#8230; \u00bfHay alguien ah\u00ed, a\u00fan? <\/p>\n<p>Pues: Feliz San Juan y a desear. Retroalimentaci\u00f3n: \u00d1am, \u00d1am, \u00d1am.<br \/>\nTREMENTINA LUX<\/p>\n","protected":false},"excerpt":{"rendered":"<p>A lo mejor no entend\u00e9is nada de todo esto, mala se\u00f1al ser\u00eda que lo entendier\u00e1is, el caso es que la letra me pide paso, desahogo, dir\u00edamos, advertidos pod\u00e9is leer este post o salir a tomar el d\u00eda, que lo hace bueno y la noche, que ser\u00e1 la de San Juan, algo habr\u00e1 que desear&#8230; (es [&hellip;]<\/p>\n","protected":false},"author":1,"featured_media":0,"comment_status":"open","ping_status":"open","sticky":false,"template":"","format":"standard","meta":{"rop_custom_images_group":[],"rop_custom_messages_group":[],"rop_publish_now":"initial","rop_publish_now_accounts":[],"rop_publish_now_history":[],"rop_publish_now_status":"pending","ngg_post_thumbnail":0,"_jetpack_memberships_contains_paid_content":false,"footnotes":""},"categories":[8],"tags":[],"class_list":["post-529","post","type-post","status-publish","format-standard","hentry","category-arte-y-otras-delicias-vindicativas"],"jetpack_featured_media_url":"","jetpack_likes_enabled":true,"jetpack_sharing_enabled":true,"_links":{"self":[{"href":"https:\/\/trementinalux.com\/Blog\/wp-json\/wp\/v2\/posts\/529","targetHints":{"allow":["GET"]}}],"collection":[{"href":"https:\/\/trementinalux.com\/Blog\/wp-json\/wp\/v2\/posts"}],"about":[{"href":"https:\/\/trementinalux.com\/Blog\/wp-json\/wp\/v2\/types\/post"}],"author":[{"embeddable":true,"href":"https:\/\/trementinalux.com\/Blog\/wp-json\/wp\/v2\/users\/1"}],"replies":[{"embeddable":true,"href":"https:\/\/trementinalux.com\/Blog\/wp-json\/wp\/v2\/comments?post=529"}],"version-history":[{"count":2,"href":"https:\/\/trementinalux.com\/Blog\/wp-json\/wp\/v2\/posts\/529\/revisions"}],"predecessor-version":[{"id":531,"href":"https:\/\/trementinalux.com\/Blog\/wp-json\/wp\/v2\/posts\/529\/revisions\/531"}],"wp:attachment":[{"href":"https:\/\/trementinalux.com\/Blog\/wp-json\/wp\/v2\/media?parent=529"}],"wp:term":[{"taxonomy":"category","embeddable":true,"href":"https:\/\/trementinalux.com\/Blog\/wp-json\/wp\/v2\/categories?post=529"},{"taxonomy":"post_tag","embeddable":true,"href":"https:\/\/trementinalux.com\/Blog\/wp-json\/wp\/v2\/tags?post=529"}],"curies":[{"name":"wp","href":"https:\/\/api.w.org\/{rel}","templated":true}]}}