{"id":523,"date":"2009-07-23T10:30:36","date_gmt":"2009-07-23T10:30:36","guid":{"rendered":"http:\/\/trementinalux.com\/Blog\/?p=523"},"modified":"2011-04-29T10:42:05","modified_gmt":"2011-04-29T10:42:05","slug":"agrafos-y-verborreicos","status":"publish","type":"post","link":"https:\/\/trementinalux.com\/Blog\/agrafos-y-verborreicos\/","title":{"rendered":"\u00c1grafos y Verborr\u00e9icos"},"content":{"rendered":"<p>Hay personas que hacen lo imposible por lograr lo que desean. Esto significa que lo hacen. Son personas de acci\u00f3n y pocas palabras. Yo, para lograr lo que deseo, escribo. Lo que significa que suelo hacer de lo que deseo, un imposible. Soy una verborr\u00e9ica.<br \/>\nAnoche me acost\u00e9 pensando con Ad\u00e1n y con Louise L.Hay. \u00bfDice el G\u00e9nesis cuanto tiempo pas\u00f3 Ad\u00e1n recuper\u00e1ndose de la p\u00e9rdida de su costilla y de la no menos gravante aparici\u00f3n espont\u00e1nea de una compa\u00f1era?<\/p>\n<p>Hoy me he imaginado a Ad\u00e1n tumbado, durante semanas, sin antinflamatorios, tocado, pero bien tocado. Ah\u00ed est\u00e1, todo el d\u00eda a la bartola del manzano en flor, sin poder darse ni la vuelta en el lecho de hojarasca sin exhalar un doloros\u00edsimo y triste \u00a1Ay!. Sin apenas respirar, re\u00edr, levantar el \u00e1nimo y caminar, y sin m\u00fasica, eso si que es una maldici\u00f3n. Y Eva, \u00bfque hace Eva, la \u201cnueva\u201d, esa extra\u00f1a en la vida de Ad\u00e1n y de las bestias?<br \/>\nEva mangonea. Pone el Para\u00edso atado a sus pies. Nombra los bichos, pinta las rocas, domestica las aguas y siente tentaciones. Ad\u00e1n pierde el control, esa mujer que le ha robado la costilla va de aqu\u00ed para all\u00e1, cambia las reses de sitio, le cuenta lo que sucede al otro lado de la ribera, sube y baja a los \u00e1rboles, trepadora, divertida y por tanto insultante, se r\u00ede alegre y por las noches sale mucho y vuelve al alba, desnuda y despeinada y entonces le cuenta s\u00f3lo lo que le interesa. Le manipula. Ad\u00e1n siente que su mundo ya no le pertenece, Eva es la heredera.<br \/>\n\u00bfQu\u00e9 opinar\u00eda de este dolor costal Louise L. Hay? No lo se, no he encontrado la respuesta. Esta autora opina que los dolores del cuerpo son, digamos, los dolores del alma y que cada zona que nos pide auxilio es una alarma, una falta de aceptaci\u00f3n de los dem\u00e1s, de las situaciones, o de nosotros mismos. Ella asocia por ejemplo el dolor de garganta con no expresar lo que se siente, con callar. Su teor\u00eda  apuesta por la autocuraci\u00f3n consciente (casi nada). \u00bfCon qu\u00e9 asociar\u00edamos, seg\u00fan estos postulados el dolor costal?&#8230; \u00bfAlguien tiene alguna hip\u00f3tesis?&#8230;<br \/>\nHace dos semanas el mediterr\u00e1neo me obsequi\u00f3 con un cabezazo en las costillas. Un buzo me embisti\u00f3 y desde entonces soy una nueva Eva emp\u00e1tica con el viejo Ad\u00e1n. El costado, tan cerca del coraz\u00f3n apremia tanto el sentimiento que cambio de la palabra \u201calegre\u201d a la palabra \u201ctriste\u201d dos veces en el mismo p\u00e1rrafo. Digo \u201cestoy contenta\u201d digo, \u201cestoy triste\u201d y ni yo entiendo tanta volubilidad verbal, que no de acci\u00f3n, claro.<br \/>\nDe repente parezco ciclot\u00edmica. En lo personal me he transformado en  una verborr\u00e9ica adolescente y mis estados de humor, leyendo a Madame Bovary, una mujer acuciada por no saber cual es su lugar en el mundo, me convierten en dinamita en la despensa. En lo escritural, me estoy volviendo \u00e1grafa, expulsada de un relato que intento acabar por aut\u00e9ntica cabezoner\u00eda, expulsada del Para\u00edso de mis propias palabras. Por cierto, ojo a los fulminantes retratos psicol\u00f3gicos de Flaubert\u2026 \u00bfPuede que jam\u00e1s se haya vuelto a escribir algo as\u00ed desde entonces? Puede.<br \/>\nEspero que se me pase pronto. He de decir que a diferencia del pobre Ad\u00e1n, escuchando el silencio aburrid\u00edsimo del Ed\u00e9n tan s\u00f3lo interrumpido por los mirlos, yo escucho, de forma muy privilegiada, la banda sonora de los cinco \u00faltimos minutos del universo y he de deciros que suena a gloria.<br \/>\nMientras me recupero admirar\u00e9 la contenci\u00f3n, nunca se sabe motivada porqu\u00e9, de los \u00e1grafos, \u00a1Ah, qu\u00e9 personajes tan misteriosos!. Flores como silencios, palabras como manzanas\u2026 que le pregunten a Newton cuando se acaba el tiempo del deseo y empieza el del mordisco lujurioso y sanador, sin puntos suspensivos\u2026<br \/>\nA LA SOMBRA DEL  MANZANO, esperando vuestros pecados<br \/>\nTREMENTINA LUX<\/p>\n","protected":false},"excerpt":{"rendered":"<p>Hay personas que hacen lo imposible por lograr lo que desean. Esto significa que lo hacen. Son personas de acci\u00f3n y pocas palabras. Yo, para lograr lo que deseo, escribo. Lo que significa que suelo hacer de lo que deseo, un imposible. Soy una verborr\u00e9ica. Anoche me acost\u00e9 pensando con Ad\u00e1n y con Louise L.Hay. [&hellip;]<\/p>\n","protected":false},"author":1,"featured_media":0,"comment_status":"open","ping_status":"open","sticky":false,"template":"","format":"standard","meta":{"rop_custom_images_group":[],"rop_custom_messages_group":[],"rop_publish_now":"initial","rop_publish_now_accounts":[],"rop_publish_now_history":[],"rop_publish_now_status":"pending","ngg_post_thumbnail":0,"_jetpack_memberships_contains_paid_content":false,"footnotes":""},"categories":[8],"tags":[],"class_list":["post-523","post","type-post","status-publish","format-standard","hentry","category-arte-y-otras-delicias-vindicativas"],"jetpack_featured_media_url":"","jetpack_likes_enabled":true,"jetpack_sharing_enabled":true,"_links":{"self":[{"href":"https:\/\/trementinalux.com\/Blog\/wp-json\/wp\/v2\/posts\/523","targetHints":{"allow":["GET"]}}],"collection":[{"href":"https:\/\/trementinalux.com\/Blog\/wp-json\/wp\/v2\/posts"}],"about":[{"href":"https:\/\/trementinalux.com\/Blog\/wp-json\/wp\/v2\/types\/post"}],"author":[{"embeddable":true,"href":"https:\/\/trementinalux.com\/Blog\/wp-json\/wp\/v2\/users\/1"}],"replies":[{"embeddable":true,"href":"https:\/\/trementinalux.com\/Blog\/wp-json\/wp\/v2\/comments?post=523"}],"version-history":[{"count":3,"href":"https:\/\/trementinalux.com\/Blog\/wp-json\/wp\/v2\/posts\/523\/revisions"}],"predecessor-version":[{"id":542,"href":"https:\/\/trementinalux.com\/Blog\/wp-json\/wp\/v2\/posts\/523\/revisions\/542"}],"wp:attachment":[{"href":"https:\/\/trementinalux.com\/Blog\/wp-json\/wp\/v2\/media?parent=523"}],"wp:term":[{"taxonomy":"category","embeddable":true,"href":"https:\/\/trementinalux.com\/Blog\/wp-json\/wp\/v2\/categories?post=523"},{"taxonomy":"post_tag","embeddable":true,"href":"https:\/\/trementinalux.com\/Blog\/wp-json\/wp\/v2\/tags?post=523"}],"curies":[{"name":"wp","href":"https:\/\/api.w.org\/{rel}","templated":true}]}}