{"id":5227,"date":"2018-04-12T14:21:05","date_gmt":"2018-04-12T14:21:05","guid":{"rendered":"http:\/\/trementinalux.com\/Blog\/?p=5227"},"modified":"2018-04-13T10:58:06","modified_gmt":"2018-04-13T10:58:06","slug":"el-oro-doctoral-im-proud-of-doing-it-my-way","status":"publish","type":"post","link":"https:\/\/trementinalux.com\/Blog\/el-oro-doctoral-im-proud-of-doing-it-my-way\/","title":{"rendered":"El Oro Doctoral. I&#8217;m proud of doing it my way."},"content":{"rendered":"<p><strong>En Espa\u00f1a hay estos d\u00edas un cierto revuelo porque al parecer la Presidenta de la Comunidad de Madrid, del PP,\u00a0<a href=\"https:\/\/politica.elpais.com\/politica\/2018\/04\/12\/actualidad\/1523514498_189840.html\">Cristina Cifuentes,<\/a> ha falsificado su curr\u00edculum a\u00f1adiendo un M\u00e1ster que nunca curs\u00f3 en la Universidad Rey Juan Carlos de Madrid. La cuesti\u00f3n es que tiene el t\u00edtulo y ahora se <a href=\"http:\/\/www.elmundo.es\/madrid\/2018\/04\/13\/5ad0684ce2704e91058b457a.html\">investiga<\/a> tambi\u00e9n a la Universidad por d\u00e1rselo. Es la punta del iceberg de una gran noticia. Es el momento de que quienes hemos disfrutado aprendiendo y ense\u00f1ando contra viento y marea, hagamos m\u00e1s ruido que quienes instrumentalizan el saber en su propio beneficio.\u00a0Because we love it.<\/strong><\/p>\n<p>In Spain, there is a commotion these days, because apparently the president of the Community of Madrid, of the PP, <a href=\"https:\/\/politica.elpais.com\/politica\/2018\/04\/12\/actualidad\/1523514498_189840.html\">Cristina Cifuentes<\/a>, has falsified her curriculum by adding a Master that she never did, at the Rey Juan Carlos University in Madrid. The issue is that she has the title and now the University is also being <a href=\"http:\/\/www.elmundo.es\/madrid\/2018\/04\/13\/5ad0684ce2704e91058b457a.html\">investigated<\/a> for give it to her. It is the tip of the iceberg of great news. It is the moment, that the people that we have enjoyed learning and teaching\u00a0through thick and thin, we make more noise than the people who instrumentalize knowledgement in their own benefit. Because we love it.<\/p>\n<div id=\"attachment_5249\" style=\"width: 1290px\" class=\"wp-caption alignleft\"><img decoding=\"async\" aria-describedby=\"caption-attachment-5249\" class=\"wp-image-5249 size-full\" src=\"http:\/\/trementinalux.com\/Blog\/wp-content\/uploads\/2018\/04\/phd-day.jpg\" alt=\"\" width=\"1280\" height=\"255\" srcset=\"https:\/\/trementinalux.com\/Blog\/wp-content\/uploads\/2018\/04\/phd-day.jpg 1280w, https:\/\/trementinalux.com\/Blog\/wp-content\/uploads\/2018\/04\/phd-day-300x60.jpg 300w, https:\/\/trementinalux.com\/Blog\/wp-content\/uploads\/2018\/04\/phd-day-768x153.jpg 768w, https:\/\/trementinalux.com\/Blog\/wp-content\/uploads\/2018\/04\/phd-day-580x116.jpg 580w, https:\/\/trementinalux.com\/Blog\/wp-content\/uploads\/2018\/04\/phd-day-380x76.jpg 380w, https:\/\/trementinalux.com\/Blog\/wp-content\/uploads\/2018\/04\/phd-day-280x56.jpg 280w, https:\/\/trementinalux.com\/Blog\/wp-content\/uploads\/2018\/04\/phd-day-1180x235.jpg 1180w\" sizes=\"(max-width: 1280px) 100vw, 1280px\" \/><p id=\"caption-attachment-5249\" class=\"wp-caption-text\">Aqu\u00ed, defendiendo la Tesis en directo, frente a un Tribunal impresionante.<\/p><\/div>\n<p>&nbsp;<\/p>\n<p><strong>Estudiar en la marmita en el siglo pasado, que no queda tan lejos&#8230;<\/strong><\/p>\n<p>Yo estudi\u00e9 y trabaj\u00e9 en la Universidad porque en Espa\u00f1ol, a diferencia del ingl\u00e9s, la universidad y la tesis tienen nombre de mujer y eso me inspiraba confianza. Si se hubiera llamado el Universidod o el Tesos, me lo hubiera pensado dos veces.<\/p>\n<p>El a\u00f1o que entr\u00e9 en la facultad se saltaron el <em>n\u00famerus clausus<\/em>. Mis padres hicieron un esfuerzo descomunal por pagarme los estudios y nos pareci\u00f3 hasta gracioso que desde el ba\u00f1o, apoyando la tabla de 100&#215;70 en la pileta y dejando la <a href=\"http:\/\/www.levante-emv.com\/comunitat-valenciana\/2009\/12\/24\/bellas-artes-derribara-facultad-navidades\/663789.html\">puerta del aula<\/a> abierta, hubiera el suficiente espacio para dibujar la Venus de Milo, porque en clase no cab\u00edamos. Era la \u00e9poca en que pele\u00e1bamos un cambio de turno a la ma\u00f1ana para tocar un Mac con Photoshop sin capas, entre cinco alumn@s.<\/p>\n<p>Fueron los a\u00f1os en los que la escuela de Bellas Artes en Valencia se mud\u00f3 del Carmen a la Polit\u00e9cnica y tuvieron que ampliar plantilla de profesorado como quien abre la compuerta de un pantano. As\u00ed entr\u00f3 una oleada de reci\u00e9n licenciad@s que contando apenas tres o cuatro a\u00f1os m\u00e1s que sus estudiantes y sin publicar ni un whatsapp, llegaron pronto a Titulares de Universidad.<\/p>\n<p>El primer profesor de pintura que tuvimos entraba a clase habiendo bebido antes uno o varios carajillos y alg\u00fan que otro vaso largo en la cafeter\u00eda de la propia Facultad. Sus lecciones maestras y sus tutor\u00edas privadas sentaban c\u00e1tedra y tard\u00e9 tiempo en olvidar su percepci\u00f3n de Warhol: \u00abUn maric\u00f3n de mierda\u00bb o de las mujeres, incluida yo, como pintoras: \u00abEl cerebro de las mujeres no esta capacitado para pensar en conjunto en obras grandes, por eso siempre os hab\u00e9is dedicado al ganchillo y el bordado\u00bb. Y ten\u00eda raz\u00f3n porque durante cinco a\u00f1os de carrera ning\u00fan profesor ment\u00f3 el trabajo de ninguna mujer artista. En segundo tuvimos una profesora que en la presentaci\u00f3n de la asignatura nos dijo: \u00abVais a hacer un proyecto y yo lo corregir\u00e9 en junio, cuando regrese de Cuba\u00bb. En tercero y cuarto tuvimos dos profesores artistas con cierta reputaci\u00f3n local y miedo a la competencia, pod\u00e9is imaginar c\u00f3mo el clima de confianza hizo crack. En quinto sal\u00edamos a pintar paisaje al Jard\u00edn Bot\u00e1nico hasta que varias alumnas interpusieron una denuncia por acoso entre las plantas.<\/p>\n<p>Cuando pasados diez a\u00f1os intent\u00e9 acceder a una bolsa de trabajo en el departamento de Pintura, mi especialidad, aprob\u00e9 sacando la nota m\u00e1s alta de tod@s los aspirantes, pero aplicaron un coeficiente de idoneidad que me dej\u00f3 en poco m\u00e1s de un tres y al resto de personas en poco m\u00e1s de un cero. La plaza qued\u00f3 desierta y la explicaci\u00f3n que me dieron es que mi perfil\u00a0 (licenciada en Bellas Artes por la especialidad de Pintura, dise\u00f1adora gr\u00e1fica, docente de FPO\u00a0 y directora de arte con diez a\u00f1os de experiencia laboral) no se adecuaba a la plaza de profesora de pintura. Alguien me dijo: \u00abno te has dado cuenta de que ah\u00ed solo entran las mujeres que son sus esposas, novias o amantes, seguramente la persona que ten\u00eda que sacar la plaza o no se ha presentado o ha sacado peor resultado que tu\u00bb. Vaya, pues me fijar\u00e9&#8230;<\/p>\n<p>En cuarto tuve otro profesor humano, muy humano, que tambi\u00e9n adoraba el carajillo y los vasos altos de cristal. Nos re\u00edmos mucho el d\u00eda que los rankings posicionaban a la Facultad como una de las mejores del pa\u00eds: \u00abSois tan buen@s que aprend\u00e9is a pesar de nosotros\u00bb, nos dec\u00eda. Para compensar el esfuerzo que hac\u00edan mi padre y mi madre, pagando clases y materiales m\u00e1s caros que en odontolog\u00eda, yo pintaba acuarelas al por mayor para casas de decoraci\u00f3n, postulaba a becas de todo tipo y sacaba matr\u00edculas de honor para que me salieran gratis las asignaturas del a\u00f1o siguiente.<\/p>\n<p>As\u00ed conoc\u00ed a personas maravillosas, bien formadas y con vocaci\u00f3n de compartir sus conocimientos, como la que veinte a\u00f1os despu\u00e9s fue mi directora de Tesis Doctoral, y tambi\u00e9n a personas cuya ausencia o mala praxis me hizo aprender igualmente lecciones de vida, que no de Arte, a un precio astron\u00f3mico. Cuando llegu\u00e9 a cuarto, gracias a mis calificaciones consegu\u00ed una beca de Colaboraci\u00f3n del Ministerio, una de pase de encuestas de alumnado y otra PIE y en quinto present\u00e9 un proyecto de investigaci\u00f3n avalado por tres titulaciones para poder adscribirme como becaria. Pero en aquella \u00e9poca la prioridad de la instituci\u00f3n no era financiar proyectos de Bellas Artes, as\u00ed que con el padre muerto, la madre enferma y los cr\u00e9ditos de doctorado a medias, me incorpor\u00e9 al proceloso mundo laboral y dije bye bye a la marmita.<\/p>\n<p>Salir de all\u00ed fue una gran oportunidad de descubrir (un peque\u00f1o) mundo. Durante varios a\u00f1os llev\u00e9 la secci\u00f3n de Arte de The Elm y El Planeta y me especialic\u00e9 en redactar art\u00edculos divulgativos sobre la obra de mujeres artistas descubriendo por mi cuenta y riesgo que exist\u00edan, hablamos de finales del siglo pasado. Adem\u00e1s de trabajar duro dur\u00edsimo, curs\u00e9 un Master de la Universidad de Valencia en su octava edici\u00f3n que result\u00f3 ser t\u00edtulo propio y no Master oficial, a pesar de su calidad.\u00a0Para ampliar experiencia en desastres meritocr\u00e1ticos me present\u00e9 a una oposici\u00f3n p\u00fablica en la Diputaci\u00f3n de Valencia de sesenta y tantos temas para una plaza de t\u00e9cnico de cultura que se llev\u00f3 la mujer de Antonio Lis, <a href=\"http:\/\/www.levante-emv.com\/comunitat-valenciana\/2013\/06\/13\/diputacion-crea-nueva-plaza-esposa\/1006667.html\">Mar\u00eda Luisa del Cerro Angosto<\/a>. De cien personas quedamos diez, de las cuales nueve ten\u00edan relaci\u00f3n con la Diputaci\u00f3n o el PP, es decir, todas excepto yo. De nada sirvi\u00f3 reclamar, claro y me pregunto si el tribunal pudo dormir en paz, qu\u00e9 tonter\u00eda.<\/p>\n<p><strong>Trabajar en la marmita en este siglo&#8230;<\/strong><\/p>\n<p>Pasados diez a\u00f1os entr\u00e9 en una bolsa de trabajo del Departamento de Comunicaci\u00f3n Audiovisual, Documentaci\u00f3n e Historia del Arte y acept\u00e9 una plaza de profesora Asociada en Comunicaci\u00f3n Audiovisual en Gandia, a la que hab\u00edan renunciado las cinco personas que estaban delante de m\u00ed, b\u00e1sicamente porque era un trabajo que requer\u00eda mucha formaci\u00f3n e inversi\u00f3n de tiempo, con una especie de contrato de obra y servicio, el sueldo ascend\u00eda a poco m\u00e1s de 400 euros al mes, era necesario estar trabajando por cuenta propia (pagando aut\u00f3nomos) o para otra empresa, y\u00a0 el campus sat\u00e9lite quedaba a 80 kil\u00f3metros de Valencia. Cuando fui a firmar el contrato, b\u00e1sicamente porque adoro aprender y compartir conocimiento, la secretaria a\u00fan recordaba mis a\u00f1os de estudiante y me dijo: \u00ab!Vaya! La chica de las matr\u00edculas, por fin te hemos recuperado\u00bb.<\/p>\n<p>La figura de Asociad@ est\u00e1 pensada para que personas como Jane Campion vayan a la Universidad y compartan su trabajo magistral con el alumnado. Pero claro, tr\u00e1ete a Jane Campion por 400 euros al mes si es un Aso 12, r\u00e9stale 268 de aut\u00f3nomos y 20 euros\/trayecto en gasolina, dos o tres d\u00edas por semana durante nueve a\u00f1os y le dices que si le viene bien en ese tiempo crear, preparar, impartir clases y evaluar a unos 140 alumnos\/a\u00f1o, bailando entre cinco asignaturas distintas, pero bien distintas. Igual Jane Campion o Pedro Almodovar se entusiasman con la idea. O igual no. La figura funcionar\u00eda si el tiempo de impartici\u00f3n fuera compactado en una semana, el viaje y la estancia sufragados por la Universidad y los contenidos absolutamente propios. Pero lo que en realidad se hace es utilizar esta figura para contratar personas an\u00f3nimas, formadas y apasionadas que asuman un trabajo docente con igual carga y responsabilidad que un titular de Universidad pero con un sueldo miserable y sin derecho a ning\u00fan reconocimiento curricular. Hasta la fecha esto es legal y no es delito, aunque si siguen con las <a href=\"https:\/\/politica.elpais.com\/politica\/2018\/02\/02\/actualidad\/1517601267_811315.html\">reivindicaciones<\/a> lo ser\u00e1. Miles de personas lo hacemos o lo hemos hecho porque amamos nuestra vocaci\u00f3n y no tenemos otra opci\u00f3n para ejercerla, o porque como publicar en Facebook o compartir nuestras fotos en Instagram forma parte de una sumisi\u00f3n social dulcemente consentida.<\/p>\n<p>As\u00ed que durante nueve a\u00f1os fui profesora asociada, asumiendo un trabajo que me encantaba, rodeada de compa\u00f1er@s maravillo@s y un alumnado motivador, aunque no fuera modo de ganarme la vida.\u00a0Incorpor\u00e9 el feminismo y los estudios de g\u00e9nero a una titulaci\u00f3n cuando en este pa\u00eds todo el mundo arrugaba la nariz si les preguntabas sobre g\u00e9nero, me hice una media de 320-480 kil\u00f3metros a la semana incluyendo y dirig\u00ed <a href=\"https:\/\/riunet.upv.es\/discover?scope=&amp;rpp=10&amp;page=1&amp;query=julia+navarro+coll&amp;group_by=none&amp;etal=0\">20 TFG<\/a>, sin que en nueve a\u00f1os el sueldo subiera ni el IRPF. Eso s\u00ed, feliz.<\/p>\n<p>Durante esos a\u00f1os pint\u00e9 mujeres, muchas mujeres, escrib\u00ed y defend\u00ed mi <a href=\"https:\/\/riunet.upv.es\/handle\/10251\/60157\">Tesis Doctoral<\/a> especializ\u00e1ndome en iconograf\u00eda desde una perspectiva de g\u00e9nero, pero no pude pertenecer a ning\u00fan grupo de investigaci\u00f3n porque al profesorado asociado, contratado y despedido anualmente cada septiembre, no se le permite trabajar en proyectos de investigaci\u00f3n financiados durante tres o cuatro a\u00f1os porque exceden la duraci\u00f3n de su contrato.<\/p>\n<p><a href=\"https:\/\/politica.elpais.com\/politica\/2018\/02\/09\/actualidad\/1518207100_741157.html\">Esta es la raz\u00f3n<\/a> por la cual el alt\u00edsimo porcentaje de profesor@s asociad@s que llev\u00e1bamos el peso de la titulaci\u00f3n, m\u00e1s de un 60%, por aquel entonces, jam\u00e1s pudimos investigar en un proyecto, firmar art\u00edculos, libros o cap\u00edtulos de investigaci\u00f3n colectivos y hacer m\u00e9ritos suficientes para conseguir la acreditaci\u00f3n de la <a href=\"http:\/\/www.aneca.es\/var\/media\/551398\/pep_2010_07_ppios_070515.pdf\">ANECA<\/a> en la que la actividad investigadora se valora hasta un m\u00e1ximo de 60 puntos sobre 100, mientras que la experiencia docente se valora hasta un m\u00e1ximo de 9 puntos sobre 100.<\/p>\n<p>Es decir, somos una generaci\u00f3n que ha visto la trama desde las bambalinas. Pasaron de la endogamia y el amiguismo como modelo de selecci\u00f3n de personal a la acreditaci\u00f3n que no es sino una burocratizaci\u00f3n de lo mismo. Es en esencia un modelo patriarcal que sigue perjudicando a las mujeres, aunque no solo y esto nos perjudica a tod@s.<\/p>\n<p><strong>Y ahora los lunes al sol, eso s\u00ed en la cima acad\u00e9mica&#8230;<\/strong><\/p>\n<p>Cuando decid\u00ed expatriarme intent\u00e9 buscar una continuidad en mi carrera docente, generar alg\u00fan tipo de convenio con una universidad en India, una estancia en el extranjero que nos sirviera a ambos y que computara para las dichosas acreditaciones. Nada. Pese a los nueve a\u00f1os de trabajo y la buena voluntad del personal del Departamento las normas de la UPV son claras: no eres personal interno, solo es posible una rescisi\u00f3n total del contrato.<\/p>\n<p>En India, mientras hac\u00eda una enorme pr\u00e1ctica de campo en comunicaci\u00f3n audiovisual, g\u00e9nero y decolonialismo, me matricul\u00e9 de otro Master, este oficial y Online, de la Universidad de Valencia, en <a href=\"https:\/\/www.uv.es\/mastergenero\">G\u00e9nero y Pol\u00edticas de Igualdad.\u00a0<\/a><\/p>\n<p>Despu\u00e9s de varias reuniones presenciales con la direcci\u00f3n del m\u00e1ster y una vez pagados los primeros 3.000 euros, me proporcionaron acceso al aula virtual cuando el curso llevaba m\u00e1s un mes comenzado. La conexi\u00f3n era tan deficiente por ambas partes que fue imposible ni siquiera descargar los materiales, en un m\u00e1ster presuntamente on-line. As\u00ed que solicit\u00e9 la anulaci\u00f3n de matr\u00edcula y la devoluci\u00f3n de las tasas, ambas. Pero me concedieron solo la anulaci\u00f3n de matr\u00edcula, por pedirla fuera de plazo. Lo que significa que la Universidad de Valencia se ha quedado mis 3.000 euros y no puedo cursar el m\u00e1ster ni siquiera ahora que estoy aqu\u00ed. De nada me ha servido recurrir.<\/p>\n<p>La cuesti\u00f3n es que pese a poder estar imparti\u00e9ndolo me matricul\u00e9 porque es requisito imprescindible para opositar como Agente de Igualdad en la Comunidad Valenciana. Se trata de un acuerdo entre instituciones que nos priva de oportunidades a quienes hemos desarrollado una carrera independiente y pionera por la igualdad antes de que el m\u00e1ster naciera. Feminismo blanco con base patriarcal y capitalismo meritocr\u00e1tico, en una palabra: <em>business<\/em>.<\/p>\n<p><strong>En Conclusi\u00f3n<\/strong><\/p>\n<p>Me doctor\u00e9 porque me empe\u00f1\u00e9 y le dediqu\u00e9 cinco a\u00f1os de mi vida muy bien rodeada, trabajando a lo bestia y con mucha pasi\u00f3n, vocaci\u00f3n cient\u00edfica, autofinanciaci\u00f3n y creatividad. La tesis fue nominada a <a href=\"http:\/\/www.upv.es\/entidades\/EDOCTORADO\/menu_urlc.html?\/entidades\/EDOCTORADO\/info\/U0770950.pdf\">Premio Extraordinario<\/a> y pese a su<a href=\"file:\/\/\/C:\/Users\/Julia%20Navarro\/Downloads\/7+triptic_expo20.pdf\"> impacto<\/a>\u00a0en los protocolos de documentaci\u00f3n en los fondos sonoros, y los avales nacionales e internacionales qued\u00f3 lejos de obtenerlo porque se premian las tesis que forman parte de un proyecto de investigaci\u00f3n y han sido publicadas en revistas cient\u00edficas. \u00bfTe suena? Estamos otra vez en el mismo bucle de burocracia favoritista. Ahora ando publicando art\u00edculos de investigaci\u00f3n a un ritmo lento pero seguro, tardar\u00e9 unos 10 a\u00f1os en conseguir en solitario los que necesito, pero los conseguir\u00e9 y para entonces habr\u00e1n cambiado la baraja otra vez&#8230;<\/p>\n<div id=\"attachment_5260\" style=\"width: 258px\" class=\"wp-caption alignleft\"><img decoding=\"async\" aria-describedby=\"caption-attachment-5260\" class=\"wp-image-5260\" title=\"Hamster Ferris Wheel. Ma Pitom\" src=\"http:\/\/trementinalux.com\/Blog\/wp-content\/uploads\/2018\/04\/Hamster-Powered-Ferris-Wheel.png\" alt=\"Hamster Powered Ferris Wheel. Ma Pitom\" width=\"248\" height=\"184\" srcset=\"https:\/\/trementinalux.com\/Blog\/wp-content\/uploads\/2018\/04\/Hamster-Powered-Ferris-Wheel.png 710w, https:\/\/trementinalux.com\/Blog\/wp-content\/uploads\/2018\/04\/Hamster-Powered-Ferris-Wheel-300x223.png 300w, https:\/\/trementinalux.com\/Blog\/wp-content\/uploads\/2018\/04\/Hamster-Powered-Ferris-Wheel-580x431.png 580w, https:\/\/trementinalux.com\/Blog\/wp-content\/uploads\/2018\/04\/Hamster-Powered-Ferris-Wheel-380x283.png 380w, https:\/\/trementinalux.com\/Blog\/wp-content\/uploads\/2018\/04\/Hamster-Powered-Ferris-Wheel-280x208.png 280w\" sizes=\"(max-width: 248px) 100vw, 248px\" \/><p id=\"caption-attachment-5260\" class=\"wp-caption-text\">Hamster Ferris Wheel. Ma Pitom<\/p><\/div>\n<p>Creo que va siendo hora de investigar no solo a los pol\u00edticos, sino tambi\u00e9n a la Universidad de este pa\u00eds y no basta con cortar cabezas de turco (vaya tela la frasecita) hay que revisar por completo la estructura: sus modelos de contrataci\u00f3n, de explotaci\u00f3n laboral, su endogamia y su burocratizaci\u00f3n, la estafa de los m\u00e1steres oficiales que no hacen sino aumentar el coste de los cr\u00e9ditos con una garant\u00eda m\u00ednima de calidad, los criterios de acreditaci\u00f3n de la ANECA que permiten y alientan una<a href=\"http:\/\/www.elmundo.es\/grafico\/sociedad\/2017\/09\/27\/59b8e122268e3eae4f8b4672.html\"> desigualdad de g\u00e9nero<\/a> salarial y jer\u00e1rquica encubierta en las plantillas universitarias, la indexaci\u00f3n de revistas cient\u00edficas como negocio absoluto, la estratificaci\u00f3n de temas de conveniencia y temas inconvenientes que nunca ser\u00e1n investigados, las deficiencias del grado convertido en un sistema clientelar, la indefensi\u00f3n del alumnado, no solo ante m\u00e1steres falsos que son firmados como aut\u00e9nticos como el de Cifuentes, sino ante m\u00e1steres pagados que no son impartidos como el fraudulento master on-line cuyos materiales nunca llegu\u00e9 a poder descargar, y tantas y tantas otras cosas m\u00e1s&#8230;<\/p>\n<p>Esta es mi experiencia, seguro que ni mejor ni peor que la de much\u00edsima gente, seguro que tragic\u00f3micamente igual. Podemos entender a las personas y a nuestras circunstancias pero no debemos ni podemos tolerar una estructura pensada para satisfacer la desigualdad, la avaricia de las instituciones y la cada vez m\u00e1s oce\u00e1nica brecha de oportunidades.<\/p>\n<p>La traducci\u00f3n al ingl\u00e9s va a ser simple esta vez: I&#8217;m proud of doing it my way and for sure Spain is different.<\/p>\n<p><strong>TREMENTINA LUX<\/strong><\/p>\n<p><img decoding=\"async\" class=\"wp-image-5250 alignleft\" src=\"http:\/\/trementinalux.com\/Blog\/wp-content\/uploads\/2018\/04\/oro-doctoral1.jpg\" alt=\"\" width=\"127\" height=\"127\" srcset=\"https:\/\/trementinalux.com\/Blog\/wp-content\/uploads\/2018\/04\/oro-doctoral1.jpg 721w, https:\/\/trementinalux.com\/Blog\/wp-content\/uploads\/2018\/04\/oro-doctoral1-150x150.jpg 150w, https:\/\/trementinalux.com\/Blog\/wp-content\/uploads\/2018\/04\/oro-doctoral1-300x300.jpg 300w, https:\/\/trementinalux.com\/Blog\/wp-content\/uploads\/2018\/04\/oro-doctoral1-90x90.jpg 90w, https:\/\/trementinalux.com\/Blog\/wp-content\/uploads\/2018\/04\/oro-doctoral1-580x579.jpg 580w, https:\/\/trementinalux.com\/Blog\/wp-content\/uploads\/2018\/04\/oro-doctoral1-380x379.jpg 380w, https:\/\/trementinalux.com\/Blog\/wp-content\/uploads\/2018\/04\/oro-doctoral1-280x280.jpg 280w\" sizes=\"(max-width: 127px) 100vw, 127px\" \/>La foto superior es cortes\u00eda de protocolo de la UPV, del d\u00eda de la investidura de doctores y doctoras. Es lo m\u00e1s parecido a un rito mas\u00f3nico-clerical-judeo-cristiano de origen hisp\u00e1nico patriarcal en lo que jam\u00e1s he participado y no hab\u00eda toga de alquiler m\u00e1s grande que la m\u00eda. Lo mejor, la sensaci\u00f3n de mover los flecos del birrete, lo peor la enorme <a href=\"https:\/\/es.wikipedia.org\/wiki\/Indumentaria_acad%C3%A9mica_hisp%C3%A1nica#Muceta\">muceta <\/a>desparram\u00e1ndose por los hombros. No me faltaron ni los guantes, ni la medalla de oro, ni las pu\u00f1etas, aunque tuve que devolverlo todo al acabar. Fin del sue\u00f1o.<\/p>\n<p>&nbsp;<\/p>\n","protected":false},"excerpt":{"rendered":"<p>El Oro Doctoral. I&#8217;m proud of doing it my way.<\/p>\n","protected":false},"author":1,"featured_media":5238,"comment_status":"closed","ping_status":"open","sticky":false,"template":"","format":"standard","meta":{"rop_custom_images_group":[],"rop_custom_messages_group":[],"rop_publish_now":"initial","rop_publish_now_accounts":[],"rop_publish_now_history":[],"rop_publish_now_status":"pending","ngg_post_thumbnail":0,"_jetpack_memberships_contains_paid_content":false,"footnotes":""},"categories":[8,301,87],"tags":[18,335,334,291,290,333,6,332],"class_list":["post-5227","post","type-post","status-publish","format-standard","has-post-thumbnail","hentry","category-arte-y-otras-delicias-vindicativas","category-gender-studies","category-vindicaciones-nomadas","tag-construccion-social-de-la-realidad","tag-doctora","tag-doctorado","tag-estudios-de-genero","tag-gender-studies","tag-master","tag-reflexion","tag-universidad"],"jetpack_featured_media_url":"https:\/\/trementinalux.com\/Blog\/wp-content\/uploads\/2018\/04\/foto-investidura-doctora-2.jpg","jetpack_likes_enabled":true,"jetpack_sharing_enabled":true,"_links":{"self":[{"href":"https:\/\/trementinalux.com\/Blog\/wp-json\/wp\/v2\/posts\/5227","targetHints":{"allow":["GET"]}}],"collection":[{"href":"https:\/\/trementinalux.com\/Blog\/wp-json\/wp\/v2\/posts"}],"about":[{"href":"https:\/\/trementinalux.com\/Blog\/wp-json\/wp\/v2\/types\/post"}],"author":[{"embeddable":true,"href":"https:\/\/trementinalux.com\/Blog\/wp-json\/wp\/v2\/users\/1"}],"replies":[{"embeddable":true,"href":"https:\/\/trementinalux.com\/Blog\/wp-json\/wp\/v2\/comments?post=5227"}],"version-history":[{"count":39,"href":"https:\/\/trementinalux.com\/Blog\/wp-json\/wp\/v2\/posts\/5227\/revisions"}],"predecessor-version":[{"id":5271,"href":"https:\/\/trementinalux.com\/Blog\/wp-json\/wp\/v2\/posts\/5227\/revisions\/5271"}],"wp:featuredmedia":[{"embeddable":true,"href":"https:\/\/trementinalux.com\/Blog\/wp-json\/wp\/v2\/media\/5238"}],"wp:attachment":[{"href":"https:\/\/trementinalux.com\/Blog\/wp-json\/wp\/v2\/media?parent=5227"}],"wp:term":[{"taxonomy":"category","embeddable":true,"href":"https:\/\/trementinalux.com\/Blog\/wp-json\/wp\/v2\/categories?post=5227"},{"taxonomy":"post_tag","embeddable":true,"href":"https:\/\/trementinalux.com\/Blog\/wp-json\/wp\/v2\/tags?post=5227"}],"curies":[{"name":"wp","href":"https:\/\/api.w.org\/{rel}","templated":true}]}}