{"id":5160,"date":"2017-09-18T19:02:03","date_gmt":"2017-09-18T19:02:03","guid":{"rendered":"http:\/\/trementinalux.com\/Blog\/?p=5160"},"modified":"2017-09-18T19:03:24","modified_gmt":"2017-09-18T19:03:24","slug":"finestres-obertes-corria-el-ano-2013","status":"publish","type":"post","link":"https:\/\/trementinalux.com\/Blog\/finestres-obertes-corria-el-ano-2013\/","title":{"rendered":"Finestres Obertes, corr\u00eda el a\u00f1o 2013&#8230;"},"content":{"rendered":"<p><iframe src=\"https:\/\/player.vimeo.com\/video\/234372978\" width=\"480\" height=\"272\" frameborder=\"0\" title=\"FINESTRES OBERTES.  Un proyecto original de Julia Navarro Coll y Cristina Cucinella.\" webkitallowfullscreen mozallowfullscreen allowfullscreen><\/iframe><\/p>\n<p>No\u00a0me puedo creer que en su d\u00eda no subiera\u00a0ni un solo post sobre el proyecto \u00abFinestres Obertes\u00bb. \u00a0Bueno pues aqu\u00ed va el v\u00eddeo de nuestra intervenci\u00f3n, de Cristina Cucinella y Julia Navarro Coll, en casa de Francesc, en la edici\u00f3n XV de <a href=\"http:\/\/www.cabanyal.com\/nou\/portes-obertes\/2013-2\/?lang=es\">Cabanyal Portes Obertes<\/a>, en el a\u00f1o 2013.<\/p>\n<p>El proyecto est\u00e1 basado en una idea original titulada<a href=\"http:\/\/trementinalux.com\/Blog\/el-test-de-la-ventana-%C2%A9\/\"> \u00abEl test de la Ventana\u00bb <\/a>del 2012. Me hace gracia que vayamos constantemente en plan OPEN cosas&#8230; \ud83d\ude09 Esto de hacer memoria es curioso.<\/p>\n<p>!Gracias a todas las personas que participasteis!<\/p>\n<p>Que\u00a0lo disfrut\u00e9is.<\/p>\n<p>TREMENTINA LUX<\/p>\n","protected":false},"excerpt":{"rendered":"<p>No\u00a0me puedo creer que en su d\u00eda no subiera\u00a0ni un solo post sobre el proyecto \u00abFinestres Obertes\u00bb. \u00a0Bueno pues aqu\u00ed va el v\u00eddeo de nuestra intervenci\u00f3n, de Cristina Cucinella y Julia Navarro Coll, en casa de Francesc, en la edici\u00f3n XV de Cabanyal Portes Obertes, en el a\u00f1o 2013. El proyecto est\u00e1 basado en una [&hellip;]<\/p>\n","protected":false},"author":1,"featured_media":5162,"comment_status":"open","ping_status":"open","sticky":false,"template":"","format":"standard","meta":{"rop_custom_images_group":[],"rop_custom_messages_group":[],"rop_publish_now":"initial","rop_publish_now_accounts":[],"rop_publish_now_history":[],"rop_publish_now_status":"pending","ngg_post_thumbnail":0,"_jetpack_memberships_contains_paid_content":false,"footnotes":""},"categories":[8,113],"tags":[],"class_list":["post-5160","post","type-post","status-publish","format-standard","has-post-thumbnail","hentry","category-arte-y-otras-delicias-vindicativas","category-obra"],"jetpack_featured_media_url":"https:\/\/trementinalux.com\/Blog\/wp-content\/uploads\/2017\/09\/FINESTRES.jpg","jetpack_likes_enabled":true,"jetpack_sharing_enabled":true,"_links":{"self":[{"href":"https:\/\/trementinalux.com\/Blog\/wp-json\/wp\/v2\/posts\/5160","targetHints":{"allow":["GET"]}}],"collection":[{"href":"https:\/\/trementinalux.com\/Blog\/wp-json\/wp\/v2\/posts"}],"about":[{"href":"https:\/\/trementinalux.com\/Blog\/wp-json\/wp\/v2\/types\/post"}],"author":[{"embeddable":true,"href":"https:\/\/trementinalux.com\/Blog\/wp-json\/wp\/v2\/users\/1"}],"replies":[{"embeddable":true,"href":"https:\/\/trementinalux.com\/Blog\/wp-json\/wp\/v2\/comments?post=5160"}],"version-history":[{"count":8,"href":"https:\/\/trementinalux.com\/Blog\/wp-json\/wp\/v2\/posts\/5160\/revisions"}],"predecessor-version":[{"id":5169,"href":"https:\/\/trementinalux.com\/Blog\/wp-json\/wp\/v2\/posts\/5160\/revisions\/5169"}],"wp:featuredmedia":[{"embeddable":true,"href":"https:\/\/trementinalux.com\/Blog\/wp-json\/wp\/v2\/media\/5162"}],"wp:attachment":[{"href":"https:\/\/trementinalux.com\/Blog\/wp-json\/wp\/v2\/media?parent=5160"}],"wp:term":[{"taxonomy":"category","embeddable":true,"href":"https:\/\/trementinalux.com\/Blog\/wp-json\/wp\/v2\/categories?post=5160"},{"taxonomy":"post_tag","embeddable":true,"href":"https:\/\/trementinalux.com\/Blog\/wp-json\/wp\/v2\/tags?post=5160"}],"curies":[{"name":"wp","href":"https:\/\/api.w.org\/{rel}","templated":true}]}}