{"id":512,"date":"2011-04-28T12:34:37","date_gmt":"2011-04-28T12:34:37","guid":{"rendered":"http:\/\/trementinalux.com\/Blog\/?p=512"},"modified":"2018-11-23T10:36:55","modified_gmt":"2018-11-23T10:36:55","slug":"emigrar","status":"publish","type":"post","link":"https:\/\/trementinalux.com\/Blog\/emigrar\/","title":{"rendered":"Emigrar"},"content":{"rendered":"<p>Ayer apareci\u00f3 en la prensa localista una noticia sobre la cara B del IVAM. Pod\u00e9is encontrarla buscando los TAGS: hiere, cinco, personas, cuchillo, palo, finca, ruinas, junto, ivam. Haciendo un an\u00e1lisis meramente cuantitativo del art\u00edculo y del v\u00eddeo destacan dos de ellas: ruina e inmigrante. Juntas y revueltas, revolviendo el est\u00f3mago. Un buen ejemplo de manipulaci\u00f3n y propaganda.<\/p>\n<p>\u00bfPor qu\u00e9 no hablan del (buen) estado de los muros de carga? \u00bfPor qu\u00e9 hablan de ruina? \u00bfPor qu\u00e9 eluden hablar de la responsabilidad de los propietarios al dejar los bajos abiertos durante meses? \u00bfY de las patrullas que deber\u00edan ver cada d\u00eda y cada noche lo que en esa manzana sucede?<\/p>\n<p>Intent\u00e9 escribir un comentario. Lo publicaron durante un minuto o dos, aproximadamente. Luego el comentario desapareci\u00f3. Escrib\u00ed otro, se public\u00f3 de inmediato y desapareci\u00f3.<\/p>\n<p>Este era el primer comentario, cito de memoria, (lo borraron):<br \/>\n1. Puntualicemos: Las casas no est\u00e1n en ruina. Algunas de ellas se construyeron en 1975, estuvieron habitadas hasta 2007 cuando fueron expropiadas a la fuerza. Ahora est\u00e1n deshabitadas y abandonadas por la misma administraci\u00f3n que las expropi\u00f3. Se entiende que si los propietarios actuales no tapian los vanos est\u00e1n consintiendo y facilitando la degradaci\u00f3n de los inmuebles. Con esta actitud se consigue que la opini\u00f3n p\u00fablica se posicione a favor del derribo y en contra de personas que no tienen ni siquiera un techo bajo el que dormir.<br \/>\n2. Existen otras soluciones m\u00e1s creativas, sostenibles y humanas. Y aqu\u00ed les dirig\u00eda a la idea de la Kunsthaus.<\/p>\n<p>Lo borraron. \u00bfAlguien sabe por qu\u00e9?<br \/>\nY este fue el segundo coment:<br \/>\nVaya, es decir, que si los coments no van en la l\u00ednea de \u00abmalditos roedores\u00bb se censuran? Esto si que supone una ruina informativa.<\/p>\n<p>Pode\u00eds leer el resto de comentarios que quedaron en la p\u00e1gina autorizados por el medio. Repito autorizados por el medio, publicados en su espacio digital. \u00bfHay medios que utilizan los coments para reforzar el mensaje zafio que se esconde bajo las \u00abbuenas formas\u00bb de sus \u00abveraces\u00bb art\u00edculos? En este caso la xenofobia, el racismo, el odio y la barbarie se instalan en los comentarios autorizados sin que nadie lo denuncie. \u00bfSon conscientes de la violencia que promueven? \u00bfD\u00f3nde est\u00e1 la \u00e9tica y la responsabilidad social de ese medio de comunicaci\u00f3n?<\/p>\n<p>Quienes propician este tipo de actuaciones urban\u00edsticas saben que acaba con sangre, con incendio, con destrucci\u00f3n a costa de los m\u00e1s desfavorecidos, los expropiados y los sin techo. Lo saben y lo promueven, hay ejemplos a miles en esta ciudad. \u00bfQu\u00e9 no sabr\u00e1n de esta destrucci\u00f3n programada del patrimonio los habitantes del Cabanyal?<\/p>\n<p>Es as\u00ed. En Valencia se sacan de la ciudad los Juzgados, y se llevan lejos, a la periferia, donde el suelo es m\u00e1s barato, y se hacen grandes, los m\u00e1s grandes de Europa si es posible, lo mismo con el Hospital p\u00fablico, lo mismo con el estadio de f\u00fatbol, habr\u00e1n m\u00e1s ejemplos pero agota pensar en ello&#8230; Obras rid\u00edculas y fara\u00f3nicas para subcontratas de oro, visibilidad medi\u00e1tica, unos pocos bolsillos muy llenos y la opini\u00f3n p\u00fablica deslumbrada. \u00bfPero contratan m\u00e1s personas para asistir a personas en esos macrolugares? Luego se recalifican los terrenos del centro, ese suelo caro donde estaban los bienes p\u00fablicos y otra subcontrata, o la misma, construye viviendas para que cada ciudadano se pague su jaula. \u00bfSer\u00e1 ese el final de la B-SIDE? \u00bfO ser\u00e1 acaso la demolici\u00f3n y el levantamiento de otro continente cement\u00e9rico vac\u00edo de contenido art\u00edstico?<\/p>\n<p>Sab\u00e9is que os digo, que no encuentro hoy d\u00eda necesaria la distinci\u00f3n entre la derecha y la izquierda, que creo que es una construcci\u00f3n para legitimar opresores, v\u00e1ndalos y sinverguenzas que se escudan en ideolog\u00edas caducas, y que deben de haber personas honestas piensen como piensen capaces de velar por el bien com\u00fan de los dem\u00e1s, m\u00e1s all\u00e1 de sus mezquinos intereses entre la cuna y la tumba.<\/p>\n<p>TREMENTINA LUX<\/p>\n","protected":false},"excerpt":{"rendered":"<p>Ayer apareci\u00f3 en la prensa localista una noticia sobre la cara B del IVAM. Pod\u00e9is encontrarla buscando los TAGS: hiere, cinco, personas, cuchillo, palo, finca, ruinas, junto, ivam. Haciendo un an\u00e1lisis meramente cuantitativo del art\u00edculo y del v\u00eddeo destacan dos de ellas: ruina e inmigrante. Juntas y revueltas, revolviendo el est\u00f3mago. Un buen ejemplo de [&hellip;]<\/p>\n","protected":false},"author":1,"featured_media":680,"comment_status":"open","ping_status":"open","sticky":false,"template":"","format":"standard","meta":{"rop_custom_images_group":[],"rop_custom_messages_group":[],"rop_publish_now":"initial","rop_publish_now_accounts":[],"rop_publish_now_history":[],"rop_publish_now_status":"pending","ngg_post_thumbnail":0,"_jetpack_memberships_contains_paid_content":false,"footnotes":""},"categories":[8,87],"tags":[],"class_list":["post-512","post","type-post","status-publish","format-standard","has-post-thumbnail","hentry","category-arte-y-otras-delicias-vindicativas","category-vindicaciones-nomadas"],"jetpack_featured_media_url":"https:\/\/trementinalux.com\/Blog\/wp-content\/uploads\/2011\/04\/KUNSTHAUS-VLClr1.jpg","jetpack_likes_enabled":true,"jetpack_sharing_enabled":true,"_links":{"self":[{"href":"https:\/\/trementinalux.com\/Blog\/wp-json\/wp\/v2\/posts\/512","targetHints":{"allow":["GET"]}}],"collection":[{"href":"https:\/\/trementinalux.com\/Blog\/wp-json\/wp\/v2\/posts"}],"about":[{"href":"https:\/\/trementinalux.com\/Blog\/wp-json\/wp\/v2\/types\/post"}],"author":[{"embeddable":true,"href":"https:\/\/trementinalux.com\/Blog\/wp-json\/wp\/v2\/users\/1"}],"replies":[{"embeddable":true,"href":"https:\/\/trementinalux.com\/Blog\/wp-json\/wp\/v2\/comments?post=512"}],"version-history":[{"count":10,"href":"https:\/\/trementinalux.com\/Blog\/wp-json\/wp\/v2\/posts\/512\/revisions"}],"predecessor-version":[{"id":517,"href":"https:\/\/trementinalux.com\/Blog\/wp-json\/wp\/v2\/posts\/512\/revisions\/517"}],"wp:featuredmedia":[{"embeddable":true,"href":"https:\/\/trementinalux.com\/Blog\/wp-json\/wp\/v2\/media\/680"}],"wp:attachment":[{"href":"https:\/\/trementinalux.com\/Blog\/wp-json\/wp\/v2\/media?parent=512"}],"wp:term":[{"taxonomy":"category","embeddable":true,"href":"https:\/\/trementinalux.com\/Blog\/wp-json\/wp\/v2\/categories?post=512"},{"taxonomy":"post_tag","embeddable":true,"href":"https:\/\/trementinalux.com\/Blog\/wp-json\/wp\/v2\/tags?post=512"}],"curies":[{"name":"wp","href":"https:\/\/api.w.org\/{rel}","templated":true}]}}