{"id":4667,"date":"2016-04-10T06:32:36","date_gmt":"2016-04-10T06:32:36","guid":{"rendered":"http:\/\/trementinalux.com\/Blog\/?p=4667"},"modified":"2018-10-07T23:17:18","modified_gmt":"2018-10-07T23:17:18","slug":"yvonne-a-take-away-wall","status":"publish","type":"post","link":"https:\/\/trementinalux.com\/Blog\/yvonne-a-take-away-wall\/","title":{"rendered":"Yvonne: a take away wall. Welcome to Samsara"},"content":{"rendered":"<h3>Y sucedi\u00f3.<\/h3>\n<h3>El d\u00eda 7 de abril a las 7 de la tarde, en el Palau de Pineda, lo hicimos.\u00a0Gracias.<\/h3>\n<p><iframe src=\"https:\/\/player.vimeo.com\/video\/293852032?app_id=122963\" width=\"1180\" height=\"664\" frameborder=\"0\" title=\"Yvonne a take away wall\" webkitallowfullscreen mozallowfullscreen allowfullscreen><\/iframe><\/p>\n<p>&nbsp;<\/p>\n<p><img decoding=\"async\" class=\"size-full wp-image-4669\" src=\"http:\/\/trementinalux.com\/Blog\/wp-content\/uploads\/2016\/04\/directo-Yvonne.jpg\" alt=\"Yvonne a take away wall live\" width=\"1000\" height=\"567\" srcset=\"https:\/\/trementinalux.com\/Blog\/wp-content\/uploads\/2016\/04\/directo-Yvonne.jpg 1000w, https:\/\/trementinalux.com\/Blog\/wp-content\/uploads\/2016\/04\/directo-Yvonne-300x170.jpg 300w, https:\/\/trementinalux.com\/Blog\/wp-content\/uploads\/2016\/04\/directo-Yvonne-768x435.jpg 768w, https:\/\/trementinalux.com\/Blog\/wp-content\/uploads\/2016\/04\/directo-Yvonne-580x329.jpg 580w, https:\/\/trementinalux.com\/Blog\/wp-content\/uploads\/2016\/04\/directo-Yvonne-380x215.jpg 380w, https:\/\/trementinalux.com\/Blog\/wp-content\/uploads\/2016\/04\/directo-Yvonne-280x159.jpg 280w\" sizes=\"(max-width: 1000px) 100vw, 1000px\" \/><\/p>\n<p><img decoding=\"async\" class=\"size-full wp-image-4676\" src=\"http:\/\/trementinalux.com\/Blog\/wp-content\/uploads\/2016\/04\/evento-yvonne-ok.jpg\" alt=\"evento yvonne\" width=\"960\" height=\"451\" srcset=\"https:\/\/trementinalux.com\/Blog\/wp-content\/uploads\/2016\/04\/evento-yvonne-ok.jpg 960w, https:\/\/trementinalux.com\/Blog\/wp-content\/uploads\/2016\/04\/evento-yvonne-ok-300x141.jpg 300w, https:\/\/trementinalux.com\/Blog\/wp-content\/uploads\/2016\/04\/evento-yvonne-ok-768x361.jpg 768w, https:\/\/trementinalux.com\/Blog\/wp-content\/uploads\/2016\/04\/evento-yvonne-ok-580x272.jpg 580w, https:\/\/trementinalux.com\/Blog\/wp-content\/uploads\/2016\/04\/evento-yvonne-ok-380x179.jpg 380w, https:\/\/trementinalux.com\/Blog\/wp-content\/uploads\/2016\/04\/evento-yvonne-ok-280x132.jpg 280w\" sizes=\"(max-width: 960px) 100vw, 960px\" \/><\/p>\n<p>De todas las cosas que sucedieron solo puedo decir que en efecto crear es amar y viceversa, y que este es\u00a0el \u00fanico arte posible en el siglo venidero:\u00a0el arte en que nos encontramos, nos transformamos y nos fundimos en una sola instancia, sabiendo que somos una y la misma cosa.\u00a0Gracias por no hacer arte para la galer\u00eda, sino para las personas, gracias por abrir esta ventana a las ventanas que somos. \u00a0La energ\u00eda que movemos mueve el mundo. Quien est\u00e1 lo sabe, quien no est\u00e1, lo sabe tambi\u00e9n.<\/p>\n<p>Gracias Cri por hacerlo posible y pas\u00e1rtelo pipa, gracias Demeter&#8217;s Project por la sororidad y el entusiasmo, gracias Rafa por la ilusi\u00f3n resolutiva, gracias a\u00a0Miguel \u00c1ngel y Joan Carles por confiar in-extremis, gracias Amparo por el acompa\u00f1amiento incondicional, gracias Nacho por la impresi\u00f3n a distancia, gracias Yvonne por venir y decirnos tanto sin decirnos nada, siempre reconocidas en lo que fuimos, somos y seremos: ni\u00f1as. Gracias a todas las mujeres migrantes que me acogen en su propia migraci\u00f3n. Gracias a todas las almas que vinisteis. Est\u00e1is aqu\u00ed, \u00abcontra la\u00a0pared\u00bb contra esta pared que es la pantalla bidimensional, a cada lado de la cual vivimos y somos en esencia para los dem\u00e1s.<\/p>\n<p>Las personas que me conoc\u00e9is ya pod\u00e9is enviar la postal que encontrar\u00e9is\u00a0en la Exposici\u00f3n del Palau de Pineda hasta el 29 de abril, \u00a0a mi direcci\u00f3n en la India. Pod\u00e9is mandarla por correo o venir en persona y contarme c\u00f3mo os va la vida y qu\u00e9 os ha parecido la v\u00eddeo-instalaci\u00f3n.\u00a0Recibir doscientas tarjetas con el retrato de Yvonne al otro lado del mundo forma parte del proyecto en marcha: Yvonne: a take away wall.<\/p>\n<p><strong>Feliz domingo, voy a seguir leyendo la prensa India a ver si\u00a0me defino&#8230;<\/strong><\/p>\n<p><strong>TREMENTINA LUX<\/strong><\/p>\n<div id=\"attachment_4673\" style=\"width: 1537px\" class=\"wp-caption alignnone\"><img decoding=\"async\" aria-describedby=\"caption-attachment-4673\" class=\"size-full wp-image-4673\" src=\"http:\/\/trementinalux.com\/Blog\/wp-content\/uploads\/2016\/04\/matrimonial.jpg\" alt=\"matrimonial\" width=\"1527\" height=\"1200\" srcset=\"https:\/\/trementinalux.com\/Blog\/wp-content\/uploads\/2016\/04\/matrimonial.jpg 1527w, https:\/\/trementinalux.com\/Blog\/wp-content\/uploads\/2016\/04\/matrimonial-300x236.jpg 300w, https:\/\/trementinalux.com\/Blog\/wp-content\/uploads\/2016\/04\/matrimonial-768x604.jpg 768w, https:\/\/trementinalux.com\/Blog\/wp-content\/uploads\/2016\/04\/matrimonial-580x456.jpg 580w, https:\/\/trementinalux.com\/Blog\/wp-content\/uploads\/2016\/04\/matrimonial-380x299.jpg 380w, https:\/\/trementinalux.com\/Blog\/wp-content\/uploads\/2016\/04\/matrimonial-280x220.jpg 280w, https:\/\/trementinalux.com\/Blog\/wp-content\/uploads\/2016\/04\/matrimonial-1180x927.jpg 1180w\" sizes=\"(max-width: 1527px) 100vw, 1527px\" \/><p id=\"caption-attachment-4673\" class=\"wp-caption-text\">matrimonial<\/p><\/div>\n<p>&nbsp;<\/p>\n","protected":false},"excerpt":{"rendered":"<p>Y sucedi\u00f3. El d\u00eda 7 de abril a las 7 de la tarde, en el Palau de Pineda, lo hicimos.\u00a0Gracias. &nbsp; De todas las cosas que sucedieron solo puedo decir que en efecto crear es amar y viceversa, y que este es\u00a0el \u00fanico arte posible en el siglo venidero:\u00a0el arte en que nos encontramos, nos [&hellip;]<\/p>\n","protected":false},"author":1,"featured_media":4671,"comment_status":"open","ping_status":"open","sticky":false,"template":"","format":"standard","meta":{"rop_custom_images_group":[],"rop_custom_messages_group":[],"rop_publish_now":"initial","rop_publish_now_accounts":[],"rop_publish_now_history":[],"rop_publish_now_status":"pending","ngg_post_thumbnail":0,"_jetpack_memberships_contains_paid_content":false,"footnotes":""},"categories":[11,113],"tags":[293,16,288],"class_list":["post-4667","post","type-post","status-publish","format-standard","has-post-thumbnail","hentry","category-conciertos","category-obra","tag-conciertos","tag-expos","tag-india"],"jetpack_featured_media_url":"https:\/\/trementinalux.com\/Blog\/wp-content\/uploads\/2016\/04\/POSTAL-CARD-YVONNE-A-TAKE-AWAY-WALLlr-1.jpg","jetpack_likes_enabled":true,"jetpack_sharing_enabled":true,"_links":{"self":[{"href":"https:\/\/trementinalux.com\/Blog\/wp-json\/wp\/v2\/posts\/4667","targetHints":{"allow":["GET"]}}],"collection":[{"href":"https:\/\/trementinalux.com\/Blog\/wp-json\/wp\/v2\/posts"}],"about":[{"href":"https:\/\/trementinalux.com\/Blog\/wp-json\/wp\/v2\/types\/post"}],"author":[{"embeddable":true,"href":"https:\/\/trementinalux.com\/Blog\/wp-json\/wp\/v2\/users\/1"}],"replies":[{"embeddable":true,"href":"https:\/\/trementinalux.com\/Blog\/wp-json\/wp\/v2\/comments?post=4667"}],"version-history":[{"count":15,"href":"https:\/\/trementinalux.com\/Blog\/wp-json\/wp\/v2\/posts\/4667\/revisions"}],"predecessor-version":[{"id":5374,"href":"https:\/\/trementinalux.com\/Blog\/wp-json\/wp\/v2\/posts\/4667\/revisions\/5374"}],"wp:featuredmedia":[{"embeddable":true,"href":"https:\/\/trementinalux.com\/Blog\/wp-json\/wp\/v2\/media\/4671"}],"wp:attachment":[{"href":"https:\/\/trementinalux.com\/Blog\/wp-json\/wp\/v2\/media?parent=4667"}],"wp:term":[{"taxonomy":"category","embeddable":true,"href":"https:\/\/trementinalux.com\/Blog\/wp-json\/wp\/v2\/categories?post=4667"},{"taxonomy":"post_tag","embeddable":true,"href":"https:\/\/trementinalux.com\/Blog\/wp-json\/wp\/v2\/tags?post=4667"}],"curies":[{"name":"wp","href":"https:\/\/api.w.org\/{rel}","templated":true}]}}