{"id":456,"date":"2011-04-10T18:51:21","date_gmt":"2011-04-10T18:51:21","guid":{"rendered":"http:\/\/trementinalux.com\/Blog\/?p=456"},"modified":"2014-02-21T13:56:43","modified_gmt":"2014-02-21T13:56:43","slug":"autoria-pauperum","status":"publish","type":"post","link":"https:\/\/trementinalux.com\/Blog\/autoria-pauperum\/","title":{"rendered":"Autor\u00eda Pauperum"},"content":{"rendered":"<p><a href=\"http:\/\/trementinalux.com\/Blog\/autoria-pauperum\/autoria-pauperum-2\/\" rel=\"attachment wp-att-667\"><img decoding=\"async\" src=\"http:\/\/trementinalux.com\/Blog\/wp-content\/uploads\/2011\/05\/autoria-pauperum.jpg\" alt=\"\" title=\"autoria pauperum\" width=\"400\" height=\"234\" class=\"alignright size-full wp-image-667\" srcset=\"https:\/\/trementinalux.com\/Blog\/wp-content\/uploads\/2011\/05\/autoria-pauperum.jpg 400w, https:\/\/trementinalux.com\/Blog\/wp-content\/uploads\/2011\/05\/autoria-pauperum-150x87.jpg 150w, https:\/\/trementinalux.com\/Blog\/wp-content\/uploads\/2011\/05\/autoria-pauperum-300x175.jpg 300w\" sizes=\"(max-width: 400px) 100vw, 400px\" \/><\/a><br \/>\n<iframe title=\"YouTube video player\" width=\"640\" height=\"390\" src=\"http:\/\/www.youtube.com\/embed\/00WaJvKmoXM\" frameborder=\"0\" allowfullscreen><\/iframe><\/p>\n<p>Padec\u00ed una gripe y vi muchas tabletas efervescentes. Le\u00eda art\u00edculos sobre el conflicto de la autor\u00eda. Sobre los derechos. Chorradas neoliberales sin perspectiva hist\u00f3rica. El pretexto de la crisis ha abierto la brecha a que todo se mire tras las gafas de una pauperrima terminolog\u00eda economicista. Antes hablar de dinero era tab\u00fa, ahora es el valor, la \u00fanica \u00f3ptica, el \u00fanico prisma posible. Los materialistas est\u00e1n de enhorabuena: al fin todos hablamos su lenguaje inhumano, degenerado.<\/p>\n<p>Tanta fiebre padec\u00ed que llegu\u00e9 v\u00eda McLuhan y Ong a esta conclusi\u00f3n visual. En las culturas orales el conocimiento era compartido y la autor\u00eda colectiva. Las canciones y las historias se transmitian de viva voz. Se sab\u00eda s\u00f3lo aquello que se pod\u00eda recordar. Pero lleg\u00f3 la imprenta y con ella el monopolio del saber. Unos pocos aglutinaron el saber de muchos, y lo firmaron, para la posteridad. Luego vino la industria y los estetas a decir lo que era publicable y lo que no, lo que era bueno y lo que no. A obstaculizar el acceso a la cultura, a descatalogar obras que llevaron a la juventud hasta un mayo del 68 franc\u00e9s. Y vino el mercado a darnos carnaza, premios y otros excesos, a atiborrarnos de basura, a aliernarnos con car\u00edsimas novedades y \u00faltimas tendencias para leer previo pago en ipadipedipod. Y ahora tenemos que escuchar a los expertos en la radio culpar a la juventud actual de no movilizarse cuando los amos de la cultura hegem\u00f3nica los tienen leyendo eclipses y otras memeces, mientras guardan, silencian y defenestran en sus arcas de conocimiento privado los derechos de reproducci\u00f3n, por ejemplo, de Beauvoir, Duras, Foucault y yo que s\u00e9 cuantros otros pensadores progresistas, removedores de conciencias.<\/p>\n<p>Pues esto es lo que hay. La nube hoy. Y esto es lo que pasa, que el saber, el conocimiento, la autor\u00eda, regresa a quien nunca debi\u00f3 perderla, al pobre y dolorido pueblo creador. <\/p>\n<p>Porque la cultura no es una mercader\u00eda.<br \/>\nAh\u00ed va la medicina del ma\u00f1ana.<\/p>\n<p>TREMENTINA LUX<br \/>\nAgradecida y colectiva.<\/p>\n","protected":false},"excerpt":{"rendered":"<p>Padec\u00ed una gripe y vi muchas tabletas efervescentes. Le\u00eda art\u00edculos sobre el conflicto de la autor\u00eda. Sobre los derechos. Chorradas neoliberales sin perspectiva hist\u00f3rica. El pretexto de la crisis ha abierto la brecha a que todo se mire tras las gafas de una pauperrima terminolog\u00eda economicista. Antes hablar de dinero era tab\u00fa, ahora es el [&hellip;]<\/p>\n","protected":false},"author":1,"featured_media":0,"comment_status":"open","ping_status":"open","sticky":false,"template":"","format":"standard","meta":{"rop_custom_images_group":[],"rop_custom_messages_group":[],"rop_publish_now":"initial","rop_publish_now_accounts":[],"rop_publish_now_history":[],"rop_publish_now_status":"pending","ngg_post_thumbnail":0,"_jetpack_memberships_contains_paid_content":false,"footnotes":""},"categories":[113,87],"tags":[],"class_list":["post-456","post","type-post","status-publish","format-standard","hentry","category-obra","category-vindicaciones-nomadas"],"jetpack_featured_media_url":"","jetpack_likes_enabled":true,"jetpack_sharing_enabled":true,"_links":{"self":[{"href":"https:\/\/trementinalux.com\/Blog\/wp-json\/wp\/v2\/posts\/456","targetHints":{"allow":["GET"]}}],"collection":[{"href":"https:\/\/trementinalux.com\/Blog\/wp-json\/wp\/v2\/posts"}],"about":[{"href":"https:\/\/trementinalux.com\/Blog\/wp-json\/wp\/v2\/types\/post"}],"author":[{"embeddable":true,"href":"https:\/\/trementinalux.com\/Blog\/wp-json\/wp\/v2\/users\/1"}],"replies":[{"embeddable":true,"href":"https:\/\/trementinalux.com\/Blog\/wp-json\/wp\/v2\/comments?post=456"}],"version-history":[{"count":12,"href":"https:\/\/trementinalux.com\/Blog\/wp-json\/wp\/v2\/posts\/456\/revisions"}],"predecessor-version":[{"id":3050,"href":"https:\/\/trementinalux.com\/Blog\/wp-json\/wp\/v2\/posts\/456\/revisions\/3050"}],"wp:attachment":[{"href":"https:\/\/trementinalux.com\/Blog\/wp-json\/wp\/v2\/media?parent=456"}],"wp:term":[{"taxonomy":"category","embeddable":true,"href":"https:\/\/trementinalux.com\/Blog\/wp-json\/wp\/v2\/categories?post=456"},{"taxonomy":"post_tag","embeddable":true,"href":"https:\/\/trementinalux.com\/Blog\/wp-json\/wp\/v2\/tags?post=456"}],"curies":[{"name":"wp","href":"https:\/\/api.w.org\/{rel}","templated":true}]}}