{"id":4542,"date":"2015-09-07T14:53:24","date_gmt":"2015-09-07T14:53:24","guid":{"rendered":"http:\/\/trementinalux.com\/Blog\/?p=4542"},"modified":"2015-09-07T14:58:35","modified_gmt":"2015-09-07T14:58:35","slug":"ara-malikian-el-retrato-que-subi-a-como-se-llamaba-esa-red-social","status":"publish","type":"post","link":"https:\/\/trementinalux.com\/Blog\/ara-malikian-el-retrato-que-subi-a-como-se-llamaba-esa-red-social\/","title":{"rendered":"Ara Malikian. El retrato que sub\u00ed a&#8230; \u00bfC\u00f3mo se llamaba esa red social?"},"content":{"rendered":"<p><strong>Sobre el retrato:<\/strong><br \/>\nEs un bocetito breve de Ara Malikian, titulado \u00abARA\u00bb por lo que de importante tiene el presente. Me impact\u00f3 mucho su directo y me sent\u00ed en armon\u00eda pr\u00e1nica con el asunto. As\u00ed que de la fusi\u00f3n y la gratitud c\u00f3smica sali\u00f3 este peque\u00f1o retrato breve, sonriente y cargado de energ\u00eda.<\/p>\n<p><strong>Sobre la red social:<\/strong><br \/>\nSi no ten\u00e9is ganas de volver atr\u00e1s os pongo en situaci\u00f3n y si no os interesa saltad este p\u00e1rrafo: fb est\u00e1 secuestrando las cuentas de miles de personas porque ahora no aceptan como \u00ab<a href=\"http:\/\/lema.rae.es\/drae\/?val=real\">real<\/a>\u00bb su nombre, lo que afecta directamente a artistas, personas transg\u00e9nero y personas que por la raz\u00f3n que sea eligen hacer uso del derecho fundamental a la intimidad que tod@s tenemos garantizado, lo usemos o no. A mi b\u00e1sicamente no me interesan sus servicios si tengo que ocultar mi nombre real, TREMENTINA LUX, y no voy a entregar otra documentaci\u00f3n que la que est\u00e1 publicada en mi propia cuenta, por lo que he solicitado el legitimo acceso a los contenidos que he creado durante a\u00f1os antes de cancelar la cuenta yo misma. <\/p>\n<p>Si quer\u00e9is seguir el culebr\u00f3n pod\u00e9is entrar en el <a href=\"http:\/\/trementinalux.com\/Blog\/comunicado-oficial-sobre-el-bloqueo-de-la-cuenta-de-trementina-lux-en-facebook\/\">COMUNICADO OFICIAL<\/a>. En dos d\u00edas super\u00f3 las 250 visitas, sin haber sido compartido en la red social. Vaya, qu\u00e9 cosas..<\/p>\n<p>A fecha de hoy, la \u00faltima respuesta que he recibido por mail de una tal \u00abJosefina\u00bb, que vete t\u00fa a saber qui\u00e9n es, dice literalmente: \u00abNo podemos darte acceso a esta cuenta o continuar con tu solicitud porque: No enviaste un documento de identidad que podamos usar para confirmar tu identidad.\u00bb A eso se llama entrar en bucle, o tambi\u00e9n, pensamiento \u00fanico, no lo llamar\u00eda chantaje, no.<\/p>\n<p>Yo creo que la petici\u00f3n de <a href=\"https:\/\/www.change.org\/p\/facebook-permitid-que-los-artistas-puedan-usar-sus-nombres-art%C3%ADsticos-en-sus-cuentas-de-facebook?recruiter=243734306&#038;utm_source=share_petition&#038;utm_medium=facebook&#038;utm_campaign=share_facebook_responsive&#038;utm_term=des-lg-new_account-no_msg&#038;fb_ref=Default\">change.org<\/a> funcionar\u00e1, porque quedan solo 78 firmas para lograr las 15.000 y que si no progresa, pues una red social sin el contenido que comparten artistas, Drag Quens, transg\u00e9nero y personas con chispa en la construcci\u00f3n de su identidad, la verdad, tiene que ser un verdadero aburrimiento.<\/p>\n<p>Mientras tanto hay una cosa que no han anulado, los correos en los que te recuerdan lo mucho que te est\u00e1s perdiendo fuera. As\u00ed las gastan, menos mal que mi correo es eficiente y los trata como spam. A partir de aqu\u00ed cada cual es cada qui\u00e9n. Si me devuelven alg\u00fan d\u00eda la cuenta tengo muy claro lo que voy a hacer, porque fuera las personas nos olemos y nos contamos hasta los pelillos de las pesta\u00f1as y las cuerdas del viol\u00edn, como sucedi\u00f3 con Ara Malikian, as\u00ed que se est\u00e1 muy, pero que muy bien. <\/p>\n<p>Un abrazo TREMENTINA LUX.<\/p>\n<p><div id=\"attachment_4546\" style=\"width: 310px\" class=\"wp-caption alignnone\"><a href=\"http:\/\/trementinalux.com\/Blog\/wp-content\/uploads\/2015\/09\/NOTIFICACION.png\"><img decoding=\"async\" aria-describedby=\"caption-attachment-4546\" src=\"http:\/\/trementinalux.com\/Blog\/wp-content\/uploads\/2015\/09\/NOTIFICACION-300x186.png\" alt=\"NOTIFICACION\" width=\"300\" height=\"186\" class=\"size-medium wp-image-4546\" srcset=\"https:\/\/trementinalux.com\/Blog\/wp-content\/uploads\/2015\/09\/NOTIFICACION-300x186.png 300w, https:\/\/trementinalux.com\/Blog\/wp-content\/uploads\/2015\/09\/NOTIFICACION-580x360.png 580w, https:\/\/trementinalux.com\/Blog\/wp-content\/uploads\/2015\/09\/NOTIFICACION-380x236.png 380w, https:\/\/trementinalux.com\/Blog\/wp-content\/uploads\/2015\/09\/NOTIFICACION-280x174.png 280w, https:\/\/trementinalux.com\/Blog\/wp-content\/uploads\/2015\/09\/NOTIFICACION-1180x734.png 1180w, https:\/\/trementinalux.com\/Blog\/wp-content\/uploads\/2015\/09\/NOTIFICACION.png 1289w\" sizes=\"(max-width: 300px) 100vw, 300px\" \/><\/a><p id=\"caption-attachment-4546\" class=\"wp-caption-text\">NOTIFICACION<\/p><\/div><strong>Sobre el retrato:<\/strong><\/p>\n","protected":false},"excerpt":{"rendered":"<p>Sobre el retrato: Es un bocetito breve de Ara Malikian, titulado \u00abARA\u00bb por lo que de importante tiene el presente. Me impact\u00f3 mucho su directo y me sent\u00ed en armon\u00eda pr\u00e1nica con el asunto. As\u00ed que de la fusi\u00f3n y la gratitud c\u00f3smica sali\u00f3 este peque\u00f1o retrato breve, sonriente y cargado de energ\u00eda. Sobre la [&hellip;]<\/p>\n","protected":false},"author":1,"featured_media":4550,"comment_status":"open","ping_status":"open","sticky":false,"template":"","format":"standard","meta":{"rop_custom_images_group":[],"rop_custom_messages_group":[],"rop_publish_now":"initial","rop_publish_now_accounts":[],"rop_publish_now_history":[],"rop_publish_now_status":"pending","ngg_post_thumbnail":0,"_jetpack_memberships_contains_paid_content":false,"footnotes":""},"categories":[8,113],"tags":[7,18,23,19,22,278],"class_list":["post-4542","post","type-post","status-publish","format-standard","has-post-thumbnail","hentry","category-arte-y-otras-delicias-vindicativas","category-obra","tag-breu","tag-construccion-social-de-la-realidad","tag-cultura-libre","tag-idiotas-tecnologicos","tag-redes-sociales","tag-retrato-simultaneo"],"jetpack_featured_media_url":"https:\/\/trementinalux.com\/Blog\/wp-content\/uploads\/2015\/09\/ARA-MALIKIAN-POR-TREMENTINA-LUX.jpg","jetpack_likes_enabled":true,"jetpack_sharing_enabled":true,"_links":{"self":[{"href":"https:\/\/trementinalux.com\/Blog\/wp-json\/wp\/v2\/posts\/4542","targetHints":{"allow":["GET"]}}],"collection":[{"href":"https:\/\/trementinalux.com\/Blog\/wp-json\/wp\/v2\/posts"}],"about":[{"href":"https:\/\/trementinalux.com\/Blog\/wp-json\/wp\/v2\/types\/post"}],"author":[{"embeddable":true,"href":"https:\/\/trementinalux.com\/Blog\/wp-json\/wp\/v2\/users\/1"}],"replies":[{"embeddable":true,"href":"https:\/\/trementinalux.com\/Blog\/wp-json\/wp\/v2\/comments?post=4542"}],"version-history":[{"count":11,"href":"https:\/\/trementinalux.com\/Blog\/wp-json\/wp\/v2\/posts\/4542\/revisions"}],"predecessor-version":[{"id":4556,"href":"https:\/\/trementinalux.com\/Blog\/wp-json\/wp\/v2\/posts\/4542\/revisions\/4556"}],"wp:featuredmedia":[{"embeddable":true,"href":"https:\/\/trementinalux.com\/Blog\/wp-json\/wp\/v2\/media\/4550"}],"wp:attachment":[{"href":"https:\/\/trementinalux.com\/Blog\/wp-json\/wp\/v2\/media?parent=4542"}],"wp:term":[{"taxonomy":"category","embeddable":true,"href":"https:\/\/trementinalux.com\/Blog\/wp-json\/wp\/v2\/categories?post=4542"},{"taxonomy":"post_tag","embeddable":true,"href":"https:\/\/trementinalux.com\/Blog\/wp-json\/wp\/v2\/tags?post=4542"}],"curies":[{"name":"wp","href":"https:\/\/api.w.org\/{rel}","templated":true}]}}