{"id":4534,"date":"2015-09-02T12:34:55","date_gmt":"2015-09-02T12:34:55","guid":{"rendered":"http:\/\/trementinalux.com\/Blog\/?p=4534"},"modified":"2015-09-03T06:50:13","modified_gmt":"2015-09-03T06:50:13","slug":"comunicado-oficial-sobre-el-bloqueo-de-la-cuenta-de-trementina-lux-en-facebook","status":"publish","type":"post","link":"https:\/\/trementinalux.com\/Blog\/comunicado-oficial-sobre-el-bloqueo-de-la-cuenta-de-trementina-lux-en-facebook\/","title":{"rendered":"COMUNICADO OFICIAL SOBRE EL BLOQUEO DE LA CUENTA DE TREMENTINA LUX EN FACEBOOK"},"content":{"rendered":"<p>Bueno, como sab\u00e9is, o deber\u00edais saber, Fb est\u00e1 bloqueando las cuentas de personas que poseen una <a href=\"https:\/\/es.wikipedia.org\/wiki\/Nombre_art%C3%ADstico\">identidad art\u00edstica<\/a>, tambi\u00e9n las <a href=\"http:\/\/www.eldiario.es\/turing\/redes_sociales\/facebook-nombre-real-drag-queen_0_303770449.html\">transg\u00e9nero<\/a> y oblig\u00e1ndonos a poner en nuestra cuenta un presunto nombre \u00abreal\u00bb.<\/p>\n<p>Por eso, si me busc\u00e1is en fb no me vais a encontrar, porque han bloqueado sin aviso previo y unilateralmente la cuenta que ten\u00eda abierta desde 2009 como TREMENTINA LUX. Ahora no tengo ganas de ceder a su chantaje y enviarles ning\u00fan documento oficial a quien con tanta impunidad y falta de respeto act\u00faa. Ya me dir\u00e1s qu\u00e9 confianza puedes tener en una compa\u00f1\u00eda que secuestra tu cuenta a cambio de que le env\u00edes tu DNI, tu tarjeta de cr\u00e9dito, tu tarjeta de la seguridad social o tu cuenta bancaria&#8230;<\/p>\n<p>Yo ni tengo, ni quiero, hoy por hoy, otro nombre real para mi actividad art\u00edstica que el que poseo hace m\u00e1s de diez a\u00f1os, TREMENTINA LUX. Creo que lo dej\u00e9 claro <a href=\"http:\/\/trementinalux.com\/Blog\/acerca-de\/\">desde que abr\u00ed el blog en 2007<\/a>. Esta decisi\u00f3n est\u00e1 tan amparada como cualquier otra por mi derecho, y el vuestro, a la privacidad, la intimidad y la propiedad intelectual sobre nuestras creaciones.<\/p>\n<p>Y lo que pasa es que cuando ves las barbas de tu vecina afeitar no pones las tuyas a remojar, porque piensas: -Va, ella se lo ha buscado, que ponga, como tod@s, su nombre \u00abreal\u00bb. Bueno, no lo utilizaron Rita Hayworth, Marilyn Monroe, Hedy Lamar, La Pasionaria, Clar\u00edn, Mata Hari, Claude Cahun, George Eliot, George Sand, Azor\u00edn, Sidonie Gabriel Colette, Pastora Imperio, J.K. Rowling, Ana Bel\u00e9n, Voltaire y una millonada de personas m\u00e1s que no reconocer\u00edas por su otro nombre, el presunto nombre real. Incluso los Ramones, Lady Gaga o David Bowie&#8230;<\/p>\n<p>Desde fuera, en el exilio forzado, la jaula de Fb se ve peque\u00f1a, y se os ve dar vueltas como cobayas en la rueda, felizmente, como las daba yo hace una semana, cre\u00e1ndonos adicci\u00f3n a contar lo vivido, a compartirlo, a seguirnos como idiotas, a esperar los me gusta a cada instante, porque son s\u00faper fugaces, y a ponernos de mal humor con tanta noticia cafre. Y sin embargo suplicando: -Eyyy yo quiero entrar a seguir comiendo pienso en la c\u00e1rcel irreal!! <\/p>\n<p>A mi el comportamiento general este que tenemos, tan a la nuestra y tan preocupad@s por sonre\u00edr a la c\u00e1mara demostrando patol\u00f3gicamente nuestra felicidad, o el inverso, el de cuestionar el sistema en la misma plataforma que el sistema nos pone como trampa distractora, me recuerda mucho a la frase de Martin Niem\u00f6ller atribuida a Bertolt Brecht, en 1945: \u201cPrimero vinieron a buscar a los comunistas, y yo no habl\u00e9 porque no era comunista. Despu\u00e9s vinieron por los socialistas y los sindicalistas, y yo no habl\u00e9 porque no era lo uno ni lo otro. Despu\u00e9s vinieron por los jud\u00edos, y yo no habl\u00e9 porque no era jud\u00edo. Despu\u00e9s vinieron por m\u00ed, y para ese momento ya no quedaba nadie que pudiera hablar por m\u00ed\u201d. Vamos, que hasta que no te toca, como dice la canci\u00f3n: ni te enteras, ni te quieres enterar, ye ye&#8230;<\/p>\n<p>Estoy fuera de Fb y la verdad, me alivia. Lo que fastidia es la impunidad con que sus actuaciones unilaterales ponen en riesgo nuestros derechos, ahora los vuestros, sobre todo, que segu\u00eds dando vueltas en su rueda, a su ritmo, y con vuestro nombre real y las fotos de vuestros hij@s en un cosmos infinito gobernado por personas sin demasiados escr\u00fapulos y con una voluntad controladora, no sabemos a\u00fan bien con qu\u00e9 fines, fuera de toda duda. <\/p>\n<p>En fin, sed felices. A mi me gustar\u00eda recuperar la potestad sobre lo que he subido en ocho o nueve a\u00f1os, y que cuando creo contenido aqu\u00ed os llegue sin necesidad de recurrir a intermediarios, como en los comienzos de internet, o incluso como en los comienzos sin internet. <\/p>\n<p>Por eso os invito a suscribiros al blog anotando vuestro mail, a que coment\u00e9is aqu\u00ed los post y a que estemos en contacto directo tambi\u00e9n a trav\u00e9s de los abrazos, las miradas, las risas, los bares, los parques, el mar y los restaurantes.<\/p>\n<p>En Hamburgo ya hay sentencias contra esta <a href=\"http:\/\/www.eldiario.es\/turing\/facebook-nombres-reales_0_417158899.html\">actividad coercitiva<\/a>. Bueno, esta es la carta que les enviar\u00e9 y este el enlace a un <a href=\"https:\/\/www.change.org\/p\/facebook-allow-performers-to-use-their-stage-names-on-their-facebook-accounts\">change.org<\/a> lanzado por la maravillosa Drag Queen Olivia La Garce, sobre el tema. <\/p>\n<p>De momento s\u00faper agradecida por la oportunidad de reafirmar mi identidad art\u00edstica.<\/p>\n<p>Feliz d\u00eda real y recuerda suscribirte.<br \/>\nTREMENTINA LUX<\/p>\n","protected":false},"excerpt":{"rendered":"<p>Bueno, como sab\u00e9is, o deber\u00edais saber, Fb est\u00e1 bloqueando las cuentas de personas que poseen una identidad art\u00edstica, tambi\u00e9n las transg\u00e9nero y oblig\u00e1ndonos a poner en nuestra cuenta un presunto nombre \u00abreal\u00bb. Por eso, si me busc\u00e1is en fb no me vais a encontrar, porque han bloqueado sin aviso previo y unilateralmente la cuenta que [&hellip;]<\/p>\n","protected":false},"author":1,"featured_media":4541,"comment_status":"open","ping_status":"open","sticky":false,"template":"","format":"standard","meta":{"rop_custom_images_group":[],"rop_custom_messages_group":[],"rop_publish_now":"initial","rop_publish_now_accounts":[],"rop_publish_now_history":[],"rop_publish_now_status":"pending","ngg_post_thumbnail":0,"_jetpack_memberships_contains_paid_content":false,"footnotes":""},"categories":[8,1],"tags":[18,23,6,9,62],"class_list":["post-4534","post","type-post","status-publish","format-standard","has-post-thumbnail","hentry","category-arte-y-otras-delicias-vindicativas","category-sin-categoria","tag-construccion-social-de-la-realidad","tag-cultura-libre","tag-reflexion","tag-veraneando","tag-violencia-simbolica"],"jetpack_featured_media_url":"https:\/\/trementinalux.com\/Blog\/wp-content\/uploads\/2015\/09\/TREMENTINA-LUX1-e1441263390478.jpg","jetpack_likes_enabled":true,"jetpack_sharing_enabled":true,"_links":{"self":[{"href":"https:\/\/trementinalux.com\/Blog\/wp-json\/wp\/v2\/posts\/4534","targetHints":{"allow":["GET"]}}],"collection":[{"href":"https:\/\/trementinalux.com\/Blog\/wp-json\/wp\/v2\/posts"}],"about":[{"href":"https:\/\/trementinalux.com\/Blog\/wp-json\/wp\/v2\/types\/post"}],"author":[{"embeddable":true,"href":"https:\/\/trementinalux.com\/Blog\/wp-json\/wp\/v2\/users\/1"}],"replies":[{"embeddable":true,"href":"https:\/\/trementinalux.com\/Blog\/wp-json\/wp\/v2\/comments?post=4534"}],"version-history":[{"count":5,"href":"https:\/\/trementinalux.com\/Blog\/wp-json\/wp\/v2\/posts\/4534\/revisions"}],"predecessor-version":[{"id":4540,"href":"https:\/\/trementinalux.com\/Blog\/wp-json\/wp\/v2\/posts\/4534\/revisions\/4540"}],"wp:featuredmedia":[{"embeddable":true,"href":"https:\/\/trementinalux.com\/Blog\/wp-json\/wp\/v2\/media\/4541"}],"wp:attachment":[{"href":"https:\/\/trementinalux.com\/Blog\/wp-json\/wp\/v2\/media?parent=4534"}],"wp:term":[{"taxonomy":"category","embeddable":true,"href":"https:\/\/trementinalux.com\/Blog\/wp-json\/wp\/v2\/categories?post=4534"},{"taxonomy":"post_tag","embeddable":true,"href":"https:\/\/trementinalux.com\/Blog\/wp-json\/wp\/v2\/tags?post=4534"}],"curies":[{"name":"wp","href":"https:\/\/api.w.org\/{rel}","templated":true}]}}