{"id":4492,"date":"2015-06-29T14:33:15","date_gmt":"2015-06-29T14:33:15","guid":{"rendered":"http:\/\/trementinalux.com\/Blog\/?p=4492"},"modified":"2015-06-29T14:47:43","modified_gmt":"2015-06-29T14:47:43","slug":"carolina-tratanos-bien","status":"publish","type":"post","link":"https:\/\/trementinalux.com\/Blog\/carolina-tratanos-bien\/","title":{"rendered":"Carolina, tr\u00e1tanos bien&#8230;"},"content":{"rendered":"<p><em>\u201cNuestra piel es el mayor \u00f3rgano del cuerpo, nos protege y nos pone en comunicaci\u00f3n con el entorno, contribuye a mantener \u00edntegras nuestras estructuras internas y es diferente en cada especie. As\u00ed como la piel se comporta, as\u00ed se comporta tambi\u00e9n el lenguaje en el cuerpo de lo social\u201d. <\/em><br \/>\nTREMENTINA LUX<\/p>\n<p><strong>Este es el techo del Sal\u00f3n de Cristal del Ayuntamiento de mi ciudad. Cuando entr\u00e9 el otro d\u00eda se me eriz\u00f3 la piel porque record\u00e9 que yo hab\u00eda estado all\u00ed mismo hace cosa de treinta y tantos a\u00f1os, recogiendo un premio de manos de un alcalde y que tengo una foto del momento, con el flash reflejado en todos los espejos, una imagen que no s\u00e9 donde andar\u00e1.<\/strong><\/p>\n<p><strong>\u00bfPorqu\u00e9 me dieron un premio? <\/strong><br \/>\nTe lo cuento, me dieron un premio por mi dicci\u00f3n en valenciano. Por c\u00f3mo hablaba valenciano en p\u00fablico con apenas cuatro o seis a\u00f1os, no recuerdo. Por el entusiasmo y la emoci\u00f3n que era capaz de transmitir a un auditorio lleno de p\u00fablico experto. Por recitar poes\u00edas exaltadas de amor hacia la tierra de mis ancestros. Por c\u00f3mo lloraban y re\u00edan y aplaud\u00edan locos de euforia, incr\u00e9dulos ante aquella chiquilla experta en declamar poes\u00edas valencianas, en la que yo me hab\u00eda convertido, educada en la ret\u00f3rica, a\u00f1o tras a\u00f1o.<\/p>\n<p>Desde entonces no hab\u00eda vuelto a entrar en el Sal\u00f3n de Cristal de nuestro Ayuntamiento porque ha estado veinticuatro a\u00f1os clausurado hasta que hace dos semanas el nuevo equipo de gobierno decidi\u00f3 <a href=\"http:\/\/www.eldiario.es\/cv\/Valencia-Ribo-ayuntamiento-recibira-municipalizara_0_399660092.html\">abrirlo<\/a> sin condiciones para que pudi\u00e9ramos volver a disfrutarlo, como la casa nuestra que es. <\/p>\n<p>El caso, Carolina, es que te cuento esto porque he escuchado tu <a href=\"http:\/\/www.eldiario.es\/cv\/Video-Carolina-Punset-Trending-Topic_0_402460676.html\">discurso en la investidura<\/a> sobre el uso del Valenciano, y acabo de enterarme de que tu padre es ese experto en ciencia que ahora anda comercializando mapas de inteligencia <a href=\"http:\/\/www.eduardpunset.es\/22962\/general\/universo-de-emociones-el-mapa-de-lo-que-nos-pasa-por-dentro\">emocional<\/a> y he pensado que quiz\u00e1s un post emocional y sencillo en el que tambi\u00e9n te hablar\u00e9 de mi padre te haga reflexionar acerca de esta pregunta: Carolina, sinceramente, \u00bft\u00fa sabes lo que ha sufrido nuestro pueblo por la vieja guerra ling\u00fc\u00edstica? \u00bfQu\u00e9 inter\u00e9s tienes ahora en que odiemos de nuevo el Valenciano? \u00bfNo te parece socialmente t\u00f3xico, para entendernos, poco ecol\u00f3gico?<\/p>\n<p>Pensar\u00e1s que yo era una ni\u00f1a aldeana que solo hablaba valenciano. Te equivocas Carolina. Yo era una ni\u00f1a capitalina que solo hablaba Castellano, como se llamaba entonces el Espa\u00f1ol. \u00bfTe das cuenta de en qu\u00e9 idioma te escribo? Te escribo en Castellano porque mi padre y mi madre, Valenciano-parlantes entre ellos y sus familias de origen jam\u00e1s me hablaron en valenciano. Jam\u00e1s. <\/p>\n<p>Mi padre y mi madre se sent\u00edan orgullosos de que yo declamara en valenciano porque era la lengua des sus ancestros. Y el alcalde me daba premios a\u00f1o s\u00ed, a\u00f1o tambi\u00e9n, o igual me lo invento y solo gan\u00e9 una vez. El caso es que al margen de eso, Carolina, mi relaci\u00f3n con el valenciano se reduc\u00eda exactamente a nada m\u00e1s, porque mis progenitores no pod\u00edan educarme en valenciano. Primero, porque el Valenciano no entraba en los planes de estudio y segundo porque en aquella \u00e9poca el valenciano, Carolina, se hablaba requetebi\u00e9n en los pueblos, pero como sabr\u00e1s, o deber\u00edas saber, por una nefasta influencia Castellana, era repudiado y resultaba vergonzante su uso en la capital. S\u00ed, mis padres no quer\u00edan educar a su hija en una identidad estigmatizada, pero les parec\u00eda leg\u00edtimo que glorificara con mi dicci\u00f3n en el \u00e1mbito folcl\u00f3rico-cultural, la lengua en la que aprendieron a amarse ellos y sus antepasados, los m\u00edos tambi\u00e9n.  <\/p>\n<p><strong>Vamos a hablar de amor, Carolina. <\/strong><br \/>\nA mi padre lo llamaban cari\u00f1osamente en el \u00e1mbito familiar <em>Senti,<\/em> tanto su familia como mi madre. Yo jam\u00e1s le llam\u00e9 as\u00ed. Por si no lo sabes, Carolina, <em>Senti <\/em>es un diminutivo valenciano de Vicente. Hoy me doy cuenta de que hasta su toponimia familiar me estaba vedada, de que llamarle as\u00ed me resultaba lejano, usurpador e inapropiado. Es decir, la guerra ling\u00fc\u00edstica que soterradamente marcaba nuestras vidas en aquellos a\u00f1os setenta, me impidi\u00f3 llamar a mi padre por su verdadero nombre de pila, Senti, sin cursivas.<\/p>\n<p>He visto que naciste en Washington por la misma \u00e9poca en que yo nac\u00ed en Valencia. No s\u00e9 que fue de tu vida despu\u00e9s, pero intuyo que el conflicto ling\u00fc\u00edstico en que nos vimos inmersos en aquellos a\u00f1os no te ha interesado desde un punto de vista emocional, como es el caso de otras personas que ejercen con responsabilidad su cargo. Que todo esto te queda suficientemente lejos como para explic\u00e1rtelo aqu\u00ed, sencillamente, y que puedas entender la falta de respeto y empat\u00eda que puede haber supuesto un discurso tan cargado de odio e incriminaci\u00f3n contra el idioma de tantas personas maravillosas que se aman, se entienden y se expresan en \u00e9l.<\/p>\n<p>Seguimos Carolina, cuando llegu\u00e9 al instituto en los a\u00f1os ochenta la cosa cambi\u00f3. Est\u00e1bamos de enhorabuena, el Valenciano entraba por fin en los planes de estudio, iba a ser leg\u00edtimo aprenderlo. No sabes con qu\u00e9 ilusi\u00f3n me aferr\u00e9 entonces a los cuadernillos reci\u00e9n comprados, a\u00fan recuerdo su olor a tinta fresca y c\u00f3mo le dije a mi padre llena de orgullo: -Papa, yo ahora os ense\u00f1ar\u00e9 a escribirlo, \u00bfvale? <\/p>\n<p><strong>\u00bfSabes qu\u00e9 pas\u00f3 entonces, Carolina? <\/strong><br \/>\nYo te lo explico. Ni una sola de las palabras que escuchaba en mi casa, cuando mi padre y mi madre hablaban entre ellos, o en la falla, o en el mercado, o en la peluquer\u00eda, o en las calles del barrio, ni una sola de las palabras que declamaba en voz alta a todo trapo, Carolina, ni una sola construcci\u00f3n gramatical era correcta. Nada de lo que yo pod\u00eda escribir intuitivamente era aceptable como valenciano normativo, todas las palabras valencianas que yo conoc\u00eda y que hab\u00edan educado y modelado mi escucha ling\u00fc\u00edstica, eran lo que se conoce perversamente como castellanismos. Y esa, la caza y captura del castellanismo ha sido durante muchos a\u00f1os la dura norma que ha regido los ex\u00e1menes de capacitaci\u00f3n. <\/p>\n<p>Jam\u00e1s aprob\u00e9 a la primera un examen de Valenciano. Miento. Aprob\u00e9  a la primera un examen final en bachillerato porque ese d\u00eda visitamos la f\u00e1brica de Cerveza Turia y corr\u00edan los felices a\u00f1os 80.<\/p>\n<p>Perd\u00ed muy pronto la paciencia por una lengua que no parec\u00eda relevante, que me era absolutamente imposible aprender y que entraba en conflicto directo con mi experiencia vivida durante la infancia. Incluso dese\u00e9 ser de Albacete, para poder aprobar mejor o de <em>Sueque<\/em> para suspender siendo nativa. Y t\u00fa pensar\u00e1s, -\u00bfy c\u00f3mo que tu padre y tu madre tan valenciano parlantes, no hablaban entre ellos bien? Pues muy sencillo Carolina. Apenas sab\u00edan escribir en Castellano porque su escolarizaci\u00f3n se trunc\u00f3 con la guerra, puedes leer m\u00e1s sobre esa historia <a href=\"http:\/\/trementinalux.com\/Blog\/la-chatarreria-noferica\/\">aqu\u00ed<\/a>. Y apenas sab\u00edan hablar valenciano porque despu\u00e9s de la guerra el Castellano se impuso por la fuerza y por la persuasi\u00f3n. El Valenciano qued\u00f3 en un segundo plano, desvalorizado y discriminado, cuando no prohibido, transmitido solo oralmente de generaci\u00f3n en generaci\u00f3n, y cuando quisimos darnos cuenta tod@s est\u00e1bamos de mierda, ling\u00fc\u00edsticamente hablando, hasta las orejas.<\/p>\n<p><strong>Y ahora voy a hablarte de hoy, Carolina. <\/strong><br \/>\nPrimero te hablar\u00e9 de que he tenido la suerte de conocer a gente maravillosa de maravillosas aldeas que no merecen en absoluto el trato despectivo con el que has utilizado la palabra que define su entorno vital, aldea. Porque son lugares y gentes llenos de magia y sabidur\u00eda ancestral, cuyo conocimiento del medio mucha falta nos va a hacer si queremos que este planeta sea un hogar m\u00e1s sostenible. Y me sorprende que con tu trayectoria ecologista hagas de la palabra <em>aldea<\/em> una palabra cargada de prejuicios e ignominia.<\/p>\n<p>Bien, dicho esto te dir\u00e9 que leo y entiendo perfectamente el Valenciano desde siempre, pero no he hablado sin p\u00e1nico esc\u00e9nico hasta este mismo a\u00f1o y a\u00fan no lo escribo sin ayuda de la correcci\u00f3n que me ofrecen las formas valencianas del Soft Catal\u00e0. Hoy hace tres a\u00f1os que me estoy reconciliando con el Valenciano y que comienzo a hablarlo y escribirlo sin la paranoia de ser aplaudida y premiada por mi dicci\u00f3n y mi entusiasmo, o castigada y suspendida severamente por mis castellanismos. Yo no soy una excepci\u00f3n, en esto mi experiencia es una experiencia compartida por toda una generaci\u00f3n. Ahora muchas personas tenemos la suerte de contar con otras que nos escuchan sin juzgarnos cuando lo hablamos. Personas que nos aceptan aunque nos equivoquemos. Personas con las que aprendemos a hablarlo de verdad y recuperamos el Valenciano como el verdadero lenguaje del amor.<\/p>\n<p>Esas personas son nuestros nuestros hijos y nuestras hijas, incluso a veces nuestros sobrinos y nuestras sobrinas. Son personitas peque\u00f1as que estudian en un colegios p\u00fablicos, laicos y en valenciano. \u00bfY sabes qu\u00e9 Carolina? Qu\u00e9 no hemos escogido esos colegios por ser ni pobres, ni ricos, ni aldeanos, ni cultos. Los hemos escogido por la calidad humana y profesional de sus docentes, por el alto nivel de sus resultados acad\u00e9micos y emocionales, por la armon\u00eda y la responsabilidad con que cada persona ejerce su papel en la educaci\u00f3n.<\/p>\n<p>Hemos elegido esos colegios porque all\u00ed no les adoctrinan en los dogmas de f\u00e9 incuestionables de una \u00fanica religi\u00f3n, sino que pueden aprender libremente que las religiones son una pulsi\u00f3n antropol\u00f3gica com\u00fan a toda la humanidad, con sus diferentes variantes y sus diferentes perversiones jer\u00e1rquicas. Los hemos elegido porque la educaci\u00f3n p\u00fablica es la \u00fanica forma de garantizar que sea cual sea tu origen, tus capacidades o las necesidades especiales que requieras vas a poder aprender exactamente igual que otras personas diferentes a ti y vas a poder hacerlo en su compa\u00f1\u00eda, sin exclusiones. Y sobre todo porque la l\u00ednea en valenciano les garantiza, en un ecosistema castellano parlante, un biling\u00fcismo real. Esto, con la naturalidad con la que sucede, Carolina, es bello y enorgullecedor. \u00bfPor qu\u00e9 lo repruebas y lo tergiversas? <\/p>\n<p>Te das cuenta, Carolina, elegimos esta clase de educaci\u00f3n para que l@s ni\u00f1@s de hoy en d\u00eda puedan elegir de verdad su confesionalidad o su aconfesionalidad, para que puedan elegir la lengua en la que se expresan y para que tengan un conocimiento y un respeto profund\u00edsimo por la diversidad social y cultural valenciana. Tres grandes privilegios que su magnifica educaci\u00f3n p\u00fablica, laica y en valenciano, les proporcionan a diario. Sobre esto tambi\u00e9n escrib\u00ed <a href=\"http:\/\/trementinalux.com\/Blog\/educacion-intonaco-y-sexualidad\/\">aqu\u00ed.<\/a><\/p>\n<p><strong>Por todo ello Carolina, me gustar\u00eda que recapacitaras.<\/strong><br \/>\nQue reflexionaras \u00edntimamente si puedes explicarle a las personitas que estudian en colegios p\u00fablicos, l\u00e1icos y en valenciano y a los ni\u00f1@s que estudian en las aldeas, qu\u00e9 significa que los consideres despectivamente pobres, o aldean@s, o por qu\u00e9 les dices que jam\u00e1s llegar\u00e1n a poder competir con Finlandia por aprender a leer, escribir y hablar dignamente la lengua de once millones de hablantes, entre los que se encuentran sus seres m\u00e1s queridos. \u00bfPor qu\u00e9 les dices que aprender Valenciano es poco \u00fatil para encontrar un empleo mejor en el mundo neoliberalista que les va a tocar vivir, si no van a poder quejarse en ning\u00fan idioma?<\/p>\n<p>\u00bfQuieres que nuestros hij@s se verguencen de decir \u00abBon dia\u00bb en lugar de \u00abBuenos d\u00edas\u00bb? \u00bfQu\u00e9 crezcan interiorizando que son inferiores por ello? \u00bfNo te parece una barbaridad intelectual y emocional impropia de ser, no la hija de quien eres, sino una mujer cultivada que ostenta un cargo p\u00fablico en Valencia, nuestra querida y soleada tierra?<\/p>\n<p>En fin Carolina, sobre todo, me gustar\u00eda que recapacitaras sobre la falta de responsabilidad social que supone volver a acuchillar gratuitamente con el objetivo de sacar rentabilidad pol\u00edtica, la autoestima ling\u00fc\u00edstica de personas que como yo y como t\u00fa, con cuarenta a\u00f1os cumplidos, encuentran por fin un modo saludable de restituir muy lentamente la p\u00e9rdida patrimonial que supuso que tres generaciones dej\u00e1ramos de hablarnos y entendernos en la lengua en la que sab\u00edamos decir sin traducciones impuestas e ileg\u00edtimas a tota veu: T\u2019estime. <\/p>\n<p>\u201cT\u2019estime\u201d es la \u00fanica palabra que no necesito mirar en el traductor para confirmar que est\u00e1 bien escrita. Esa es la \u00fanica palabra en Valenciano que he utilizado en mis discursos p\u00fablicos. Esa es la primera palabra con la que puedo volver a amar la lengua de mi familia, la m\u00eda propia. La que abre la puerta a que perdone tanta batalla normativa, tanta capacitaci\u00f3n excluyente y recupere la \u00fanica finalidad posible de todas las lenguas, Carolina, la que nos han negado: construir y entender la realidad de nuestro mundo y poder expresar libre, verbal e intelectualmente el amor por todo lo que nos rodea. <\/p>\n<p>Gr\u00e0cies bonica, un petonet a ton pare.<br \/>\nTREMENTINA LUX<\/p>\n","protected":false},"excerpt":{"rendered":"<p>\u201cNuestra piel es el mayor \u00f3rgano del cuerpo, nos protege y nos pone en comunicaci\u00f3n con el entorno, contribuye a mantener \u00edntegras nuestras estructuras internas y es diferente en cada especie. As\u00ed como la piel se comporta, as\u00ed se comporta tambi\u00e9n el lenguaje en el cuerpo de lo social\u201d. TREMENTINA LUX Este es el techo [&hellip;]<\/p>\n","protected":false},"author":1,"featured_media":4496,"comment_status":"open","ping_status":"open","sticky":false,"template":"","format":"standard","meta":{"rop_custom_images_group":[],"rop_custom_messages_group":[],"rop_publish_now":"initial","rop_publish_now_accounts":[],"rop_publish_now_history":[],"rop_publish_now_status":"pending","ngg_post_thumbnail":0,"_jetpack_memberships_contains_paid_content":false,"footnotes":""},"categories":[8,87],"tags":[],"class_list":["post-4492","post","type-post","status-publish","format-standard","has-post-thumbnail","hentry","category-arte-y-otras-delicias-vindicativas","category-vindicaciones-nomadas"],"jetpack_featured_media_url":"https:\/\/trementinalux.com\/Blog\/wp-content\/uploads\/2015\/06\/AJUNTAMENT-VALENCIA.jpg","jetpack_likes_enabled":true,"jetpack_sharing_enabled":true,"_links":{"self":[{"href":"https:\/\/trementinalux.com\/Blog\/wp-json\/wp\/v2\/posts\/4492","targetHints":{"allow":["GET"]}}],"collection":[{"href":"https:\/\/trementinalux.com\/Blog\/wp-json\/wp\/v2\/posts"}],"about":[{"href":"https:\/\/trementinalux.com\/Blog\/wp-json\/wp\/v2\/types\/post"}],"author":[{"embeddable":true,"href":"https:\/\/trementinalux.com\/Blog\/wp-json\/wp\/v2\/users\/1"}],"replies":[{"embeddable":true,"href":"https:\/\/trementinalux.com\/Blog\/wp-json\/wp\/v2\/comments?post=4492"}],"version-history":[{"count":25,"href":"https:\/\/trementinalux.com\/Blog\/wp-json\/wp\/v2\/posts\/4492\/revisions"}],"predecessor-version":[{"id":4518,"href":"https:\/\/trementinalux.com\/Blog\/wp-json\/wp\/v2\/posts\/4492\/revisions\/4518"}],"wp:featuredmedia":[{"embeddable":true,"href":"https:\/\/trementinalux.com\/Blog\/wp-json\/wp\/v2\/media\/4496"}],"wp:attachment":[{"href":"https:\/\/trementinalux.com\/Blog\/wp-json\/wp\/v2\/media?parent=4492"}],"wp:term":[{"taxonomy":"category","embeddable":true,"href":"https:\/\/trementinalux.com\/Blog\/wp-json\/wp\/v2\/categories?post=4492"},{"taxonomy":"post_tag","embeddable":true,"href":"https:\/\/trementinalux.com\/Blog\/wp-json\/wp\/v2\/tags?post=4492"}],"curies":[{"name":"wp","href":"https:\/\/api.w.org\/{rel}","templated":true}]}}