{"id":4477,"date":"2015-05-27T21:01:29","date_gmt":"2015-05-27T21:01:29","guid":{"rendered":"http:\/\/trementinalux.com\/Blog\/?p=4477"},"modified":"2015-05-28T15:11:58","modified_gmt":"2015-05-28T15:11:58","slug":"la-camiseta-definitiva-monica-presidenta","status":"publish","type":"post","link":"https:\/\/trementinalux.com\/Blog\/la-camiseta-definitiva-monica-presidenta\/","title":{"rendered":"La Camiseta Definitiva: M\u00f3nica Presidenta"},"content":{"rendered":"<p>Quan la vaig veure en la Primavera Valenciana vaig pensar: Aquesta xica no t\u00e9 por?<br \/>\nQuan la vaig veure en el Cabanyal vaig pensar: Aquesta xica no t\u00e9 por?<br \/>\nQuan la vaig veure escarnir als poderosos vaig pensar: Aquesta xica no t\u00e9 por?<br \/>\nQuan la vaig veure presentar-se a Presidenta vaig pensar: Qu\u00e8 Valenta!<\/p>\n<p>En la televisi\u00f3 nacional la veten.<br \/>\nEn els mitjans locals la denominen radical.<br \/>\nJo l&#8217;he vist respondre a les persones en el carrer<br \/>\nmentre en els seus bra\u00e7os es dormia una beb\u00e8.<br \/>\nI em pregunte: per qu\u00e8 els d\u00f3na tanta por el seu valor?<\/p>\n<p>L&#8217;admire, perqu\u00e8 \u00e9s dona i progressista i valenta i propera i sobretot perqu\u00e8 \u00e9s <a href=\"http:\/\/cadenaser.com\/emisora\/2015\/04\/24\/radio_valencia\/1429853909_119699.html\">pionera<\/a> en el que ser\u00e0 la pol\u00edtica del nou segle.<br \/>\nUna realitat que els cacics d&#8217;aquesta terra, jugant a les butaques carpetovet\u00f3niques ni saben, ni volen entendre.<br \/>\nPer a\u00e7\u00f2 \u00e9s temps de samarretes.<br \/>\nJo li dedique aquesta, agra\u00efda perqu\u00e8 la seua valentia \u00e9s expansiva.<\/p>\n<p><strong>M\u00f3nica, molt amor, molta energia i molta sort com a Presidenta.<br \/>\n<strong>Gr\u00e0cies<\/strong><br \/>\nTREMENTINA LUX<\/strong><\/p>\n<p><strong>LA SAMARRETA DEFINITIVA. M\u00d3NICA PRESIDENTA.<\/strong><br \/>\nCuando la vi en la Primavera Valenciana pens\u00e9: \u00bfEsta chica no tiene miedo?<br \/>\nCuando la vi en el Cabanyal pens\u00e9: \u00bfEsta chica no tiene miedo?<br \/>\nCuando la vi escarnecer a los poderosos pens\u00e9: \u00bfEsta chica no tiene miedo?<br \/>\nCuando la vi presentarse a Presidenta pens\u00e9: \u00bfQu\u00e9 Valiente!<\/p>\n<p>En la televisi\u00f3n nacional la vetan.<br \/>\nEn los medios locales la llaman radical.<br \/>\nYo la he visto responder a las personas en la calle<br \/>\nmientras en su regazo se dorm\u00eda una beb\u00e9.<br \/>\nY me pregunto \u00bfPorqu\u00e9 les da tanto miedo su valor?<\/p>\n<p>La admiro, porque es mujer y progresista y valiente y cercana y sobre todo porque es <a href=\"http:\/\/cadenaser.com\/emisora\/2015\/04\/24\/radio_valencia\/1429853909_119699.html\">pionera<\/a> en lo que ser\u00e1 la pol\u00edtica del nuevo siglo.<br \/>\nAlgo que los caciques de esta tierra, jugando a los sillones carpetovet\u00f3nicos ni saben, ni quieren a\u00fan entender.<br \/>\nPor eso ahora es tiempo de camisetas.<br \/>\nY yo le dedico esta, agradecida porque su valent\u00eda, es expansiva.<\/p>\n<p><strong>M\u00f3nica, mucho amor, mucha energ\u00eda y mucha suerte como Presidenta.<br \/>\n<strong>Gracias<\/strong><br \/>\nTREMENTINA LUX<\/strong><\/p>\n<div id=\"attachment_4489\" style=\"width: 280px\" class=\"wp-caption alignnone\"><a href=\"http:\/\/trementinalux.com\/Blog\/wp-content\/uploads\/2015\/05\/TEMPS-DE-SAMARRETES.jpg\"><img decoding=\"async\" aria-describedby=\"caption-attachment-4489\" src=\"http:\/\/trementinalux.com\/Blog\/wp-content\/uploads\/2015\/05\/TEMPS-DE-SAMARRETES-270x300.jpg\" alt=\" SAMARRETA M\u00d3NICA\" width=\"270\" height=\"300\" class=\"size-medium wp-image-4489\" srcset=\"https:\/\/trementinalux.com\/Blog\/wp-content\/uploads\/2015\/05\/TEMPS-DE-SAMARRETES-270x300.jpg 270w, https:\/\/trementinalux.com\/Blog\/wp-content\/uploads\/2015\/05\/TEMPS-DE-SAMARRETES-580x643.jpg 580w, https:\/\/trementinalux.com\/Blog\/wp-content\/uploads\/2015\/05\/TEMPS-DE-SAMARRETES-380x421.jpg 380w, https:\/\/trementinalux.com\/Blog\/wp-content\/uploads\/2015\/05\/TEMPS-DE-SAMARRETES-280x310.jpg 280w, https:\/\/trementinalux.com\/Blog\/wp-content\/uploads\/2015\/05\/TEMPS-DE-SAMARRETES.jpg 639w\" sizes=\"(max-width: 270px) 100vw, 270px\" \/><\/a><p id=\"caption-attachment-4489\" class=\"wp-caption-text\">SAMARRETA M\u00d3NICA<\/p><\/div>\n","protected":false},"excerpt":{"rendered":"<p>Quan la vaig veure en la Primavera Valenciana vaig pensar: Aquesta xica no t\u00e9 por? Quan la vaig veure en el Cabanyal vaig pensar: Aquesta xica no t\u00e9 por? Quan la vaig veure escarnir als poderosos vaig pensar: Aquesta xica no t\u00e9 por? Quan la vaig veure presentar-se a Presidenta vaig pensar: Qu\u00e8 Valenta! En [&hellip;]<\/p>\n","protected":false},"author":1,"featured_media":4480,"comment_status":"open","ping_status":"open","sticky":false,"template":"","format":"standard","meta":{"rop_custom_images_group":[],"rop_custom_messages_group":[],"rop_publish_now":"initial","rop_publish_now_accounts":[],"rop_publish_now_history":[],"rop_publish_now_status":"pending","ngg_post_thumbnail":0,"_jetpack_memberships_contains_paid_content":false,"footnotes":""},"categories":[1],"tags":[286,239,177],"class_list":["post-4477","post","type-post","status-publish","format-standard","has-post-thumbnail","hentry","category-sin-categoria","tag-monica-oltra","tag-sheroes","tag-valencia"],"jetpack_featured_media_url":"https:\/\/trementinalux.com\/Blog\/wp-content\/uploads\/2015\/05\/MONICA-OLTRA.jpg","jetpack_likes_enabled":true,"jetpack_sharing_enabled":true,"_links":{"self":[{"href":"https:\/\/trementinalux.com\/Blog\/wp-json\/wp\/v2\/posts\/4477","targetHints":{"allow":["GET"]}}],"collection":[{"href":"https:\/\/trementinalux.com\/Blog\/wp-json\/wp\/v2\/posts"}],"about":[{"href":"https:\/\/trementinalux.com\/Blog\/wp-json\/wp\/v2\/types\/post"}],"author":[{"embeddable":true,"href":"https:\/\/trementinalux.com\/Blog\/wp-json\/wp\/v2\/users\/1"}],"replies":[{"embeddable":true,"href":"https:\/\/trementinalux.com\/Blog\/wp-json\/wp\/v2\/comments?post=4477"}],"version-history":[{"count":10,"href":"https:\/\/trementinalux.com\/Blog\/wp-json\/wp\/v2\/posts\/4477\/revisions"}],"predecessor-version":[{"id":4487,"href":"https:\/\/trementinalux.com\/Blog\/wp-json\/wp\/v2\/posts\/4477\/revisions\/4487"}],"wp:featuredmedia":[{"embeddable":true,"href":"https:\/\/trementinalux.com\/Blog\/wp-json\/wp\/v2\/media\/4480"}],"wp:attachment":[{"href":"https:\/\/trementinalux.com\/Blog\/wp-json\/wp\/v2\/media?parent=4477"}],"wp:term":[{"taxonomy":"category","embeddable":true,"href":"https:\/\/trementinalux.com\/Blog\/wp-json\/wp\/v2\/categories?post=4477"},{"taxonomy":"post_tag","embeddable":true,"href":"https:\/\/trementinalux.com\/Blog\/wp-json\/wp\/v2\/tags?post=4477"}],"curies":[{"name":"wp","href":"https:\/\/api.w.org\/{rel}","templated":true}]}}