{"id":4426,"date":"2015-04-27T13:05:07","date_gmt":"2015-04-27T13:05:07","guid":{"rendered":"http:\/\/trementinalux.com\/Blog\/?p=4426"},"modified":"2015-04-27T13:15:43","modified_gmt":"2015-04-27T13:15:43","slug":"creatividad-y-castracion-social-la-teoria-de-los-tres-embudos","status":"publish","type":"post","link":"https:\/\/trementinalux.com\/Blog\/creatividad-y-castracion-social-la-teoria-de-los-tres-embudos\/","title":{"rendered":"Creatividad y castraci\u00f3n social. La teor\u00eda de los tres embudos"},"content":{"rendered":"<p><strong>EMBUDO 1. \u00abYO NO S\u00c9\u00bb<\/strong><br \/>\n<strong>Entonces:<\/strong> -T\u00fa no y T\u00fa s\u00ed.<br \/>\n<strong>Criterio: <\/strong>El <a href=\"http:\/\/ddd.uab.cat\/pub\/athdig\/15788946n6\/15788946n6a19.htm\">Gusto<\/a><br \/>\n<strong>Lo oculto: <\/strong>Yo no s\u00e9 que no s\u00e9. Tengo miedo. Anulo mi malestar por no saber y no crear.<br \/>\n<strong>Consecuencia: <\/strong>Estigmatizo y rechazo. Destierro la creatividad de mi y de los otr@s. La cultura es jibarizada por la ignorancia.<br \/>\n<strong>Ejemplo:<\/strong> El arte considerado <a href=\"http:\/\/es.wikipedia.org\/wiki\/Arte_degenerado\">degenerado<\/a>. <\/p>\n<p><strong>EMBUDO 2. \u00abYO S\u00cd S\u00c9\u00bb<\/strong><br \/>\n<strong>Entonces:<\/strong> -T\u00fa no y T\u00fa s\u00ed. -S\u00ed T\u00fa s\u00ed: T\u00fa A, \u00f3 T\u00fa B, \u00f3 T\u00fa C.<br \/>\n<strong>Criterio:<\/strong> El juicio de valor est\u00e9tico y las taxonom\u00edas<br \/>\n<strong>Lo oculto:<\/strong> Yo creo que s\u00e9. Cuando juzgo y taxonomizo me coloco por encima de lo creado. Anulo mi malestar por no crear.<br \/>\n<strong>Consecuencia: <\/strong>Creo malestar en l@s que crean. Convierto la creatividad en una atracci\u00f3n de feria y cobro entrada. Pasen y vean.<br \/>\n<strong>Ejemplo:<\/strong> Los <a href=\"http:\/\/es.wikipedia.org\/wiki\/Vanguardismo\">ismos<\/a>. La diferencia (jer\u00e1rquica y excluyente) entre <a href=\"http:\/\/unnouparot.hol.es\/2015\/04\/anotacions-per-a-una-teoria-de-lart-de-les-falles\/\">tradici\u00f3n y vanguardia<\/a>.<\/p>\n<p><strong>EMBUDO 3. \u00abYO CREO\u00bb<\/strong><br \/>\n<strong>Entonces:<\/strong> -Yo soy, \u00bfY t\u00fa?<br \/>\n<strong>Criterio: <\/strong>Crear nos iguala. La creatividad nos afirma. El proceso creativo <a href=\"http:\/\/www.lavanguardia.com\/lacontra\/20110530\/54163306905\/cada-organo-danado-responde-a-un-sentimiento.html\">sana<\/a>, la energ\u00eda fluye.<br \/>\n<strong>Lo oculto: <\/strong>Libero mis emociones bajo una forma art\u00edstica. Acepto mi malestar y me transformo creando.<br \/>\n<strong>Consecuencia: <\/strong>El mundo se transforma. Todo est\u00e1 bien.<br \/>\n<strong>Ejemplo: <\/strong><a href=\"http:\/\/trementinalux.com\/Blog\/la-peligrosidad-de-la-pintura-y-otras-artes\/\"> Los Retratos simult\u00e1neos \u00a9<\/a>.<\/p>\n<p>Cuando creo, solo creo. No rechazo, no taxonomizo, no juzgo, no etiqueto. No me pongo por encima ni por debajo de lo creado, soy lo creado en sinton\u00eda con el haciendo. Cuando creo acepto el ser, en toda su magnitud, en toda su diferencia, en el aqu\u00ed y el ahora de la misma creaci\u00f3n. <\/p>\n<p><strong>Crear no nos hace libres, nos recuerda con inminencia que siempre lo somos. <\/strong><br \/>\n<a href=\"http:\/\/www.rtve.es\/television\/20110327\/todos-tenemos-capacidad-ser-creativos\/420223.shtml\">Tod@s somos creativ@s. <\/a> \u00bfLo dudas? Crea y deja crear.<br \/>\n<strong>TREMENTINA LUX<\/strong><\/p>\n","protected":false},"excerpt":{"rendered":"<p>EMBUDO 1. \u00abYO NO S\u00c9\u00bb Entonces: -T\u00fa no y T\u00fa s\u00ed. Criterio: El Gusto Lo oculto: Yo no s\u00e9 que no s\u00e9. Tengo miedo. Anulo mi malestar por no saber y no crear. Consecuencia: Estigmatizo y rechazo. Destierro la creatividad de mi y de los otr@s. La cultura es jibarizada por la ignorancia. Ejemplo: El [&hellip;]<\/p>\n","protected":false},"author":1,"featured_media":4431,"comment_status":"open","ping_status":"open","sticky":false,"template":"","format":"standard","meta":{"rop_custom_images_group":[],"rop_custom_messages_group":[],"rop_publish_now":"initial","rop_publish_now_accounts":[],"rop_publish_now_history":[],"rop_publish_now_status":"pending","ngg_post_thumbnail":0,"_jetpack_memberships_contains_paid_content":false,"footnotes":""},"categories":[8,113],"tags":[282,281,280,7,23,172,6,278],"class_list":["post-4426","post","type-post","status-publish","format-standard","has-post-thumbnail","hentry","category-arte-y-otras-delicias-vindicativas","category-obra","tag-arteterapia","tag-biodescodificacion","tag-bordieu","tag-breu","tag-cultura-libre","tag-fallas","tag-reflexion","tag-retrato-simultaneo"],"jetpack_featured_media_url":"https:\/\/trementinalux.com\/Blog\/wp-content\/uploads\/2015\/04\/TRES-EMBUDOS.jpg","jetpack_likes_enabled":true,"jetpack_sharing_enabled":true,"_links":{"self":[{"href":"https:\/\/trementinalux.com\/Blog\/wp-json\/wp\/v2\/posts\/4426","targetHints":{"allow":["GET"]}}],"collection":[{"href":"https:\/\/trementinalux.com\/Blog\/wp-json\/wp\/v2\/posts"}],"about":[{"href":"https:\/\/trementinalux.com\/Blog\/wp-json\/wp\/v2\/types\/post"}],"author":[{"embeddable":true,"href":"https:\/\/trementinalux.com\/Blog\/wp-json\/wp\/v2\/users\/1"}],"replies":[{"embeddable":true,"href":"https:\/\/trementinalux.com\/Blog\/wp-json\/wp\/v2\/comments?post=4426"}],"version-history":[{"count":14,"href":"https:\/\/trementinalux.com\/Blog\/wp-json\/wp\/v2\/posts\/4426\/revisions"}],"predecessor-version":[{"id":4441,"href":"https:\/\/trementinalux.com\/Blog\/wp-json\/wp\/v2\/posts\/4426\/revisions\/4441"}],"wp:featuredmedia":[{"embeddable":true,"href":"https:\/\/trementinalux.com\/Blog\/wp-json\/wp\/v2\/media\/4431"}],"wp:attachment":[{"href":"https:\/\/trementinalux.com\/Blog\/wp-json\/wp\/v2\/media?parent=4426"}],"wp:term":[{"taxonomy":"category","embeddable":true,"href":"https:\/\/trementinalux.com\/Blog\/wp-json\/wp\/v2\/categories?post=4426"},{"taxonomy":"post_tag","embeddable":true,"href":"https:\/\/trementinalux.com\/Blog\/wp-json\/wp\/v2\/tags?post=4426"}],"curies":[{"name":"wp","href":"https:\/\/api.w.org\/{rel}","templated":true}]}}