{"id":4273,"date":"2015-03-13T12:25:00","date_gmt":"2015-03-13T12:25:00","guid":{"rendered":"http:\/\/trementinalux.com\/Blog\/?p=4273"},"modified":"2019-03-25T13:50:12","modified_gmt":"2019-03-25T13:50:12","slug":"las-fallas-como-oportunidad-de-crecimiento-personal-volem-fer-falla-un-joc-quimeric","status":"publish","type":"post","link":"https:\/\/trementinalux.com\/Blog\/las-fallas-como-oportunidad-de-crecimiento-personal-volem-fer-falla-un-joc-quimeric\/","title":{"rendered":"Las fallas como oportunidad de crecimiento personal, \u00abVolem Fer Falla. Un Joc Quim\u00e8ric\u00bb\u00a9"},"content":{"rendered":"<p><strong>Mi realidad de primer orden<\/strong><br \/>\nYo nac\u00ed en el Barrio del Carmen, en Valencia, en los a\u00f1os 70. Esto significa que me cri\u00e9 entre amigas que cayeron en la hero\u00edna y nunca se levantaron. Que se embarazaron a los 14. Que nunca estudiaron una carrera. Que crec\u00ed entre cruces de navajas, vecin@s que ven\u00edan a mi casa a ver el \u00abUn dos tres\u00bb en la tele que mi padre hab\u00eda fabricado y benditas calles llenas de alma: oliveras, hueveras, lecheras, costureras, mercer\u00edas, cristaler\u00edas, hornos, garitos nocturnos de jazz, conventos, colegios de monjas y colegios p\u00fablicos desprestigiados, todo junto a un mercado nutricio, el de Mosen Sorell, que se expand\u00eda los martes con telas de colores una manzana entera y un poco m\u00e1s all\u00e1.<\/p>\n<p>Aprend\u00ed en la calle Beneficencia a ir en monopat\u00edn, en bici, a hacer la voltereta lateral, a jugar al balontiro y a comer pipas. El d\u00eda de mi cumplea\u00f1os abr\u00edamos la puerta del patio y mis amig@s sub\u00edan en n\u00famero infinito a comer tarta y a correr salvajemente por los pasillos de mi casa. Aprend\u00ed a subir a cenar en verano cuando mi madre me llamaba por el balc\u00f3n.<\/p>\n<p>Aprend\u00ed que la calle era un lugar de socializaci\u00f3n. Sin tr\u00e1fico, sin amenazas, y que la gente de mi barrio era tribal.<\/p>\n<p><strong> Una zona de significado limitado<\/strong><br \/>\nEn marzo, un d\u00eda llegaba el cami\u00f3n con volquete. El cami\u00f3n tra\u00eda la playa a mi calle. Era la se\u00f1al que inauguraba un estado de excepci\u00f3n. Esa noche las luces se encend\u00edan y los ni\u00f1@s bajabamos con nuestros sobres sorpresa llenos de soldados y tacitas de t\u00e9 a revolcarnos en un gigantesco y m\u00e1gico mont\u00f3n de bendita arena de mar.<\/p>\n<p>As\u00ed pasaban varios d\u00edas. Hasta que uno de ellos tu madre te levantaba por la ma\u00f1ana mirando por el balc\u00f3n y diciendo entusiasmada: !!Levanta!!! !!Que ya est\u00e1 ah\u00ed!! !!Ya han plantado la falla infantil!!! Y durante esa semana, toda la tribu en pleno, en un mar de calma y confianza, te alimentaba, te divert\u00eda, te cuidaba.<\/p>\n<p><strong>El esqu\u00ed<\/strong><br \/>\nDurante los primeros diez o doce a\u00f1os de vida no conoc\u00ed a nadie en el barrio que esquiara. En Valencia no nieva nunca. Yo vi la nieve por primera vez a los veintitr\u00e9s. Hacia los a\u00f1os ochenta una amiga comenz\u00f3 a irse en fallas a esquiar. Entonces no hab\u00eda grandes almacenes de ropa deportiva, ni estaciones de esqu\u00ed cercanas. Mi amiga se iba a Pirineos la semana de fallas, y se perd\u00eda la arena de mar y el olor a llama. Y Bel\u00e9n, que as\u00ed se llamaba, parec\u00eda feliz por ello, tanto como yo de no entender c\u00f3mo se lo pod\u00eda permitir. As\u00ed que aprend\u00ed que el car\u00edsimo equipaje de esqu\u00ed comprado en el Corte Ingl\u00e9s y el traje de fallera cosido amorosamente por mi madre, iban a convertirse ya desde ese momento en pesados s\u00edmbolos de experiencias vitales excluyentes. Y que mis mo\u00f1os y mis zapatos con pomp\u00f3n llevaban en la invisible contienda, pese a la gratificaci\u00f3n inmensa que me proporcionaban, todas las de perder. Intu\u00ed que jam\u00e1s podr\u00eda contagiar a Belen de algo que ella no hab\u00eda aprendido a querer. Y que a los veintitr\u00e9s ya es tarde para aprender con soltura, a esquiar. Sin embargo, nunca sent\u00ed envidia, sino compasi\u00f3n.<\/p>\n<p><strong>La emigraci\u00f3n y la gentrificaci\u00f3n<\/strong><br \/>\nFue en los a\u00f1os ochenta tambi\u00e9n cuando dej\u00e9 de tener amig@s que subieran a mi casa el d\u00eda de mi cumplea\u00f1os, se fueron a vivir a Paterna, a Moncada, a la periferia. Un d\u00eda me qued\u00e9 sola, frente a la tarta con las velas encendidas, con mi madre, mi padre y mis primos intentando consolarme. Fue en los a\u00f1os ochenta cuando cerraron la lecher\u00eda, la olivera, la huevera, los hornos, la cristaler\u00eda, la mercer\u00eda, cuando el mercado se encogi\u00f3. Cuando las casas sin amo empezaron a caerse y los especuladores empezaron a expulsar \u00abEl bicho\u00bb (la gente de mi tribu que no sab\u00eda esquiar) para poder demoler y crear bloques de edificios fuera de contexto, sin sentido \u00e9tico ni est\u00e9tico, costosas jaulas de cemento en el coraz\u00f3n de la ciudad, que no respetaban nada m\u00e1s que las alturas. <\/p>\n<p><strong>Mi realidad de segundo orden<\/strong><br \/>\nEn los a\u00f1os ochenta yo tom\u00e9 el pasaporte y me fui al Luis Vives a estudiar. Eso modific\u00f3 dr\u00e1sticamente ciertas verdades aprendidas, sobre todo las seculares. De ah\u00ed salt\u00e9 a Bellas Artes, en los noventa, y fue entonces cuando descubr\u00ed que hab\u00eda gente a la que no le pod\u00edas contar que en marzo te pon\u00edas los mo\u00f1os en lugar de los esqu\u00eds. Lo que en un momento parec\u00eda f\u00e1cil y benigno, ocultar que te lo pasas de muerte en fallas, siendo fallera y que no por ello dejas de pensar revolucionaria y art\u00edsticamente, sino todo lo contrario, se convirti\u00f3 a la larga en una dolorosa identidad estigmatizada, en un penoso proceso de biopoder que me llev\u00f3 a interiorizar que o bien era fallera, l\u00e9ase mujer florero, o bien era digna de pertenecer a la aldea, digamos, de la gente culta. Que ambas cosas eran contrapuestas y excluyentes, y que reunidas en una misma persona me hac\u00edan en el \u00e1mbito culto, socialmente inaceptable. Para entender mejor este p\u00e1rrafo puedes leer \u00abLa presentaci\u00f3n de la persona en la vida cotidiana\u00bb de Erving Goffman y \u00abVigilar y castigar. Nacimiento de la prisi\u00f3n\u00bb de Foucault.<\/p>\n<p>La realidad de primer orden, esa que aprendemos de facto mediante emociones en la m\u00e1s tierna infancia, es inalienable e incuestionable. La de segundo orden es la que se superpone a la primera y que se aprende con la apertura y las experiencias adultas. Una discordancia fuerte entre ambas puede ocasionar socializaciones problem\u00e1ticas, si en valores y actitudes la aprehensi\u00f3n social de ambas formas de entender la realidad cotidiana que nos rodea no es coincidente. Eso es lo que a m\u00ed me paso, socializada en la cultura popular de ni\u00f1a (la religi\u00f3n fallera como zona de significados limitados excepcionales) y socializada en la alta cultura, (la religi\u00f3n del arte) de mayor. Para entender mejor de lo que hablo te remito a \u00abLa construcci\u00f3n social de la realidad\u00bb de Peter L. Berger -y Thomas Luckmann.<\/p>\n<p>Fue en los ochenta y los noventa cuando empezaron a llegar al Carmen personas que quer\u00edan garajes y que no bajaban a jugar a la calle, ni entend\u00edan que los dem\u00e1s quisi\u00e9ramos seguir haci\u00e9ndolo donde leg\u00edtimamente hab\u00edamos aprendido a hacerlo como hij@s y niet@s de los habitantes m\u00e1s abor\u00edgenes. El territorio, en su funci\u00f3n, dejo de ser funcional y 358 d\u00edas al a\u00f1o, nos encerramos, como ellos en nuestras casas. <\/p>\n<p><strong>La caliente salida del armario<\/strong><br \/>\nEstamos en los dosmil y pico. Ahora las fallas, esa fiesta femenina, ancestral, horizontal, humilde, de barrio, est\u00e1n desbordadas por una p\u00e9sima gesti\u00f3n cultural mercantilista que pretende convertirlas en lo que no son, una fiesta vertical, eminentemente tur\u00edstica y discordante con los intereses vecinales, una din\u00e1mica autodestructiva. En este panorama hay artistas que se interesan por construir el monumento y librepensadores que aportan, muchas veces desde dentro, enfoques sensatos sobre el fen\u00f3meno. Es al albor de estas pr\u00e1cticas de emancipaci\u00f3n intelectual de la cultura popular, de hibridaci\u00f3n, donde yo he encontrado la oportunidad para demoler un muro tejido de intolerancia y salir del armario.<\/p>\n<p><strong>Cosas que he podido hacer<\/strong><br \/>\nDentro de la fiesta la mujer ocupa una posici\u00f3n ejecutiva en igualdad de condiciones con el hombre. Pero la figura simb\u00f3lica de la mujer florero est\u00e1 hipertrofiada y genera t\u00f3picos y estereotipos alejados de la realidad que son inoculados cruelmente en la sociedad y que llegan con especial fuerza y credibilidad a la parte de la sociedad m\u00e1s cultivada, y por tanto m\u00e1s aferrada a la distinci\u00f3n man\u00edquea entre la alta y baja cultura.<\/p>\n<p>Yo he sido la primera vicepresidenta de mi comisi\u00f3n, soy delegada de cultura desde hace m\u00e1s de una d\u00e9cada, en el 2001 escrib\u00ed mi primer texto feminista en un llibret y no lo hice antes porque no se me ocurri\u00f3. He escrito, pintado, levantado al tombe el monumento, gestionado partidas, cosido disfraces, discutido y defendido mi posici\u00f3n ideol\u00f3gica, all\u00ed dentro. En la gruta matrilocal que somos cambio de identidad tantas veces como quiero, y soy querida y aceptada, sin reservas por ser como soy, desde hace cuarenta a\u00f1os&#8230; No soy una excepci\u00f3n, todas asumimos la co-responsabilidad en la gesti\u00f3n, intergeneracionalmente, durante todo el a\u00f1o y adem\u00e1s, si nos da la gana, nos ponemos mo\u00f1os la semana de fallas. He tardado catorce a\u00f1os en disponer de un foro culto en el que poder decir esto y mostrarme como fallera y feminista ante personas que saben esquiar. Y me sent\u00eda como la mujer barbuda. Todo ha sucedido r\u00e1pido, en un fin de semana. El jueves sal\u00ed del armario como invitada en unas jornadas que Podem Val\u00e8ncia organiz\u00f3 sobre <a href=\"https:\/\/www.facebook.com\/PodemVLC\/photos\/pcb.842509209144263\/842506372477880\/?type=1&#038;theater\">fiestas populares<\/a>, y el s\u00e1bado en mesa de debate \u00abMuseu \u00e9s ciutat\u00bb del <a href=\"https:\/\/www.facebook.com\/IVAMonline\/photos\/pcb.858543150835585\/858542837502283\/?type=1&#038;theater\">IVAM<\/a>, para ver qu\u00e9 podemos hacer entre todos con el bendito solar&#8230;<\/p>\n<p><strong>Y ahora a lo que iba: La invenci\u00f3n del primer Llibret-Jugat: \u00abVolem Fer Falla. Un Joc Quim\u00e8ric\u00bb.\u00a9.<\/strong><br \/>\nY ahora escribo porque este a\u00f1o tenemos un proyecto brutal capitaneado por una Presidenta, y porque gracias a la generosidad y la confianza de mi tribu, que ha permitido la edici\u00f3n del prototipo, he creado, en colaboraci\u00f3n con el artista Giovanni Nard\u00edn, el primer Llibret-Jugat de la historia de las fallas. Y como es un proyecto innovador y candente y comercialmente muy atractivo quiero que quede constancia de que si a alguien le interesa el proyecto, plagiarlo es delito. Hay que ponerse en contacto con los autores porque legal y moralmente tenemos los derechos reservados a trav\u00e9s de la Ley de propiedad Intelectual y tambi\u00e9n en Creative Commons mediante el ep\u00edgrafe Renonocimiento no comercial sin obra derivada.<\/p>\n<p>El Llibret cl\u00e1sico es una edici\u00f3n anual que recoge aspectos administrativos, explica el monumento con los bocetos de l@s artistas y menciona patrocinios. En \u00abVolem Fer Falla. Un Joc Quim\u00e8ric\u00bb.\u00a9 este contenido ha sido reinventado y convertido una baraja inicial de 72 cartas que sobre todo pone en valor el Patrimonio Cultural Inmaterial de las Fallas, de su paisaje y de su paisanaje a trav\u00e9s de una estrategia l\u00fadica, did\u00e1ctica y experiencial.<\/p>\n<p>La din\u00e1mica del juego, as\u00ed como sus componentes, ha sido creada ex-profeso para derribar barreras simb\u00f3licas y dar a conocer una realidad mucho m\u00e1s profunda y cargada de significados. El objetivo del juego es dar a conocer y poner en valor la din\u00e1mica del ejercicio fallero, durante todo el a\u00f1o, con sus complejas tensiones entre personalidades opuestas y la intervenci\u00f3n de agentes sociales bien distintos. De dentro hacia afuera, con honestidad y conocimiento.<\/p>\n<p>El juego es intergeneracional, cooperativo y competitivo, posee anclajes verbales propios del lenguaje de la tribu, ilustraciones originales de Giovanni Nardin e ilustraciones cedidas para esta ocasi\u00f3n, por Victor Valero. Ha sido maquetado por L\u00b4Equip Massacor y lo hemos presentado al p\u00fablico y a los medios de comunicaci\u00f3n el d\u00eda 12 de Marzo, en el Palau de Pineda. Lo tendremos disponible para que puedas jugar estas fallas, en nuestra demarcaci\u00f3n. As\u00ed que te esperamos, felices y fuera del armario.<\/p>\n<p>Y que sepas que nunca dejar\u00e9 de sorprenderte, porque soy una y m\u00faltiples y todas est\u00e1n en m\u00ed&#8230;<br \/>\nTREMENTINA LUX<\/p>\n","protected":false},"excerpt":{"rendered":"<p>Mi realidad de primer orden Yo nac\u00ed en el Barrio del Carmen, en Valencia, en los a\u00f1os 70. Esto significa que me cri\u00e9 entre amigas que cayeron en la hero\u00edna y nunca se levantaron. Que se embarazaron a los 14. Que nunca estudiaron una carrera. Que crec\u00ed entre cruces de navajas, vecin@s que ven\u00edan a [&hellip;]<\/p>\n","protected":false},"author":1,"featured_media":4294,"comment_status":"open","ping_status":"open","sticky":false,"template":"","format":"standard","meta":{"rop_custom_images_group":[],"rop_custom_messages_group":[],"rop_publish_now":"initial","rop_publish_now_accounts":[],"rop_publish_now_history":[],"rop_publish_now_status":"pending","ngg_post_thumbnail":0,"_jetpack_memberships_contains_paid_content":false,"footnotes":""},"categories":[8,301,113],"tags":[279],"class_list":["post-4273","post","type-post","status-publish","format-standard","has-post-thumbnail","hentry","category-arte-y-otras-delicias-vindicativas","category-gender-studies","category-obra","tag-volem-fer-falla"],"jetpack_featured_media_url":"https:\/\/trementinalux.com\/Blog\/wp-content\/uploads\/2015\/03\/VOLEM-FER-FALLA-TREMENTINA-LUX.jpg","jetpack_likes_enabled":true,"jetpack_sharing_enabled":true,"_links":{"self":[{"href":"https:\/\/trementinalux.com\/Blog\/wp-json\/wp\/v2\/posts\/4273","targetHints":{"allow":["GET"]}}],"collection":[{"href":"https:\/\/trementinalux.com\/Blog\/wp-json\/wp\/v2\/posts"}],"about":[{"href":"https:\/\/trementinalux.com\/Blog\/wp-json\/wp\/v2\/types\/post"}],"author":[{"embeddable":true,"href":"https:\/\/trementinalux.com\/Blog\/wp-json\/wp\/v2\/users\/1"}],"replies":[{"embeddable":true,"href":"https:\/\/trementinalux.com\/Blog\/wp-json\/wp\/v2\/comments?post=4273"}],"version-history":[{"count":37,"href":"https:\/\/trementinalux.com\/Blog\/wp-json\/wp\/v2\/posts\/4273\/revisions"}],"predecessor-version":[{"id":4312,"href":"https:\/\/trementinalux.com\/Blog\/wp-json\/wp\/v2\/posts\/4273\/revisions\/4312"}],"wp:featuredmedia":[{"embeddable":true,"href":"https:\/\/trementinalux.com\/Blog\/wp-json\/wp\/v2\/media\/4294"}],"wp:attachment":[{"href":"https:\/\/trementinalux.com\/Blog\/wp-json\/wp\/v2\/media?parent=4273"}],"wp:term":[{"taxonomy":"category","embeddable":true,"href":"https:\/\/trementinalux.com\/Blog\/wp-json\/wp\/v2\/categories?post=4273"},{"taxonomy":"post_tag","embeddable":true,"href":"https:\/\/trementinalux.com\/Blog\/wp-json\/wp\/v2\/tags?post=4273"}],"curies":[{"name":"wp","href":"https:\/\/api.w.org\/{rel}","templated":true}]}}