{"id":4082,"date":"2014-11-11T14:45:07","date_gmt":"2014-11-11T14:45:07","guid":{"rendered":"http:\/\/trementinalux.com\/Blog\/?p=4082"},"modified":"2014-11-11T14:47:38","modified_gmt":"2014-11-11T14:47:38","slug":"la-peligrosidad-de-la-pintura-y-otras-artes","status":"publish","type":"post","link":"https:\/\/trementinalux.com\/Blog\/la-peligrosidad-de-la-pintura-y-otras-artes\/","title":{"rendered":"La peligrosidad de la pintura y otras artes"},"content":{"rendered":"<p><strong><em>\u00abLa actividad creadora del ser humano es la que hace de \u00e9l un ser proyectado hacia el futuro, un ser que crea y transforma su presente.\u00bb Lev Vigotsky.<\/em><br \/>\n<\/strong><br \/>\n<strong>Hicimos la rueda de retratos simult\u00e1neos. <\/strong><br \/>\nPusimos un tablero y unos caballetes, preparamos los materiales, sentamos las bases y empezamos a mirarnos escuchando el latido de aquella persona entre varias que se convertir\u00eda en nuestr@ modelo. Como en el Cluedo.<\/p>\n<p>Cuando alguien mira para atrapar, mira de diferente modo. Es una mirada honda y locuaz. Es una mirada que toca. \u00cdntima, irreverente, expl\u00edcita y l\u00facida. Pocas veces te han mirado as\u00ed, te lo aseguro. Por eso nos entr\u00f3 la risa.<\/p>\n<p><strong>Lo que sucedi\u00f3, m\u00e1gico, evolutivo y torrencial, no pienso contarlo. Si quieres saberlo tendr\u00e1s que dejar tus excusas y venir a la pr\u00f3xima rueda. El s\u00e1bado 15 a la misma hora.<\/strong><\/p>\n<div style=\"width: 405px;\" class=\"wp-video\"><!--[if lt IE 9]><script>document.createElement('video');<\/script><![endif]-->\n<video class=\"wp-video-shortcode\" id=\"video-4082-1\" width=\"405\" height=\"228\" preload=\"metadata\" controls=\"controls\"><source type=\"video\/mp4\" src=\"http:\/\/trementinalux.com\/Blog\/wp-content\/uploads\/2014\/11\/RETRATO-SIMULTANEO.mp4?_=1\" \/><a href=\"http:\/\/trementinalux.com\/Blog\/wp-content\/uploads\/2014\/11\/RETRATO-SIMULTANEO.mp4\">http:\/\/trementinalux.com\/Blog\/wp-content\/uploads\/2014\/11\/RETRATO-SIMULTANEO.mp4<\/a><\/video><\/div>\n<p>&nbsp;<\/p>\n<p><strong>Muchas personas no vinisteis porque hace mucho que no pint\u00e1is. Otras porque est\u00e1is bloqueadas. Lo s\u00e9.<\/strong> Sin embargo, un dato, los talleres infantiles de arte que se programan superan siempre el n\u00famero de asistentes previstos. Pregunta malintencionadamente hipsteriana: \u00bfPor qu\u00e9 pens\u00e1is que los progenitores apuntan a los ni\u00f1@s a todas las actividades creativas? \u00bfPara que disfruten antes de que se conviertan en adultos y dejen de hacerlo? \u00bfO para que nunca dejen de hacerlo?<\/p>\n<p><strong>Las personas que pintan, escriben, componen, danzan, leen, esculpen \u00bfson peligrosas?<\/strong><br \/>\nVindicamos en marea las ense\u00f1anzas art\u00edsticas y el respeto a la cultura y la creatividad, el derecho de las personas a dedicarse en su vida profesional a danzar, pintar, empoemarse&#8230; Aplaudimos que los \u00abgrandes genios\u00bb rechacen los premios nacionales de cultura como una lecci\u00f3n de sabia coherencia. !S\u00ed, qu\u00e9 los rechacen!<\/p>\n<p><strong>Pero cuando se nos plantea: -!venid y pintad! Algo tan sencillo y cavern\u00edcola, en primera persona, algo que nos implica y nos conecta, sin m\u00e1s transcendencia que la personal, -voy, y paso un buen rato liberando mi creatividad&#8230; \u00bfQu\u00e9 sucede?<\/strong><br \/>\nQu\u00e9 el miedo, la verg\u00fcenza o la indiferencia, (actitudes comprensibles y legitimadas por un sistema de biopoder que ha castrado eficazmente nuestro derecho a practicar la creatividad) reafirma las pol\u00edticas m\u00e1s privativas que podamos imaginar en materia art\u00edstica. Reafirma y valida la precariedad y la exclusi\u00f3n social de quienes intuimos que a cambiar el mundo se empieza creando, los y las artistas. Y t\u00fa lo sabes, tambi\u00e9n tuviste cinco a\u00f1os.<\/p>\n<p><strong>\u00bfLa frase es muy larga verdad? Resumo: que si crear te da p\u00e1nico y hacer shopping te relaja vamos mal. Concretamente hacia una sociedad de esclav@s.\u00a0<\/strong> \u00bfSon actividades antit\u00e9ticas? No, si no fueran excluyentes. Por eso los talleres infantiles est\u00e1n a tope. Pi\u00e9nsalo. Conscientes de nuestra p\u00e9rdida pensamos que en la educaci\u00f3n subyace la idea de la salvaci\u00f3n: !a\u00fan hay tiempo de salvar a la humanidad! \u00bfSeguro? O l@s ni\u00f1@s de hoy crecer\u00e1n y su pasi\u00f3n por la creatividad, como la nuestra, ser\u00e1 desactivada. \u00bfSer\u00e1n los talleres de arte su <a href=\"http:\/\/es.wikipedia.org\/wiki\/Citizen_Kane\">Rosebud<\/a> particular? \u00bfEs acaso el tuyo?<\/p>\n<p><strong>Un adulto que siente miedo, verg\u00fcenza o indiferencia cuando se le invita a crear est\u00e1 lanzando un mensaje claro de rechazo manifiesto y aprehensi\u00f3n social hacia la creatividad. De ah\u00ed que parezca hasta inapropiado vivir y cobrar dignamente por un trabajo <a href=\"http:\/\/www.nativa.cat\/2014\/11\/es-posible-una-economia-feminista-de-la-cultura\/\"> creativo.<\/a>\u00a0<\/strong> No hay personas geniales y personas vulgares. Solo personas que hacen y personas que dejan pasar la oportunidad de hacer. Nunca es tarde para permit\u00edrtelo.<\/p>\n<p>Gracias infinitas a las personas que vinisteis, Ana, Anna, Giovanni, Marc, Javi, Ricard, Alfredo y Cristina por vuestra generosidad, entusiasmo alegr\u00eda y credibilidad. Subo los retratos de \u00abAnna inacabada por el viento\u00bb !Qu\u00e9 fr\u00edo hac\u00eda! y \u00abRicard en cinco minutos para pasquinear\u00bb. El hurac\u00e1n fue simplemente genial.<\/p>\n<p><strong>Abrazos y temperas<\/strong><br \/>\n<strong> TREMENTINA LUX<\/strong><\/p>\n<p>*Puedes leer a Vigotsky, Lev &#8211; <a href=\"https:\/\/docs.google.com\/document\/d\/1Hlyoi_LRHY6eL5eCIGLtpXjet1ljuc6IsJFKoRFxp1s\/edit?pli=1\">La Imaginacion y el Arte en la Infancia<\/a><br \/>\nO a Gianni Rodari, \u00ab<a href=\"http:\/\/uacmtalleresliterarios.files.wordpress.com\/2011\/03\/rodari-gianni-la-gramatica-de-la-fantasia1.pdf\">Gram\u00e1tica de la fantas\u00eda<\/a>\u00bb O incluso a Sir Ken Robinson, \u00ab<a href=\"https:\/\/www.youtube.com\/watch?v=nPB-41q97zg\">Las escuelas matan la creatividad<\/a>\u00ab.<\/p>\n","protected":false},"excerpt":{"rendered":"<p>\u00abLa actividad creadora del ser humano es la que hace de \u00e9l un ser proyectado hacia el futuro, un ser que crea y transforma su presente.\u00bb Lev Vigotsky. Hicimos la rueda de retratos simult\u00e1neos. Pusimos un tablero y unos caballetes, preparamos los materiales, sentamos las bases y empezamos a mirarnos escuchando el latido de aquella [&hellip;]<\/p>\n","protected":false},"author":1,"featured_media":4095,"comment_status":"open","ping_status":"open","sticky":false,"template":"","format":"standard","meta":{"rop_custom_images_group":[],"rop_custom_messages_group":[],"rop_publish_now":"initial","rop_publish_now_accounts":[],"rop_publish_now_history":[],"rop_publish_now_status":"pending","ngg_post_thumbnail":0,"_jetpack_memberships_contains_paid_content":false,"footnotes":""},"categories":[8,113],"tags":[278],"class_list":["post-4082","post","type-post","status-publish","format-standard","has-post-thumbnail","hentry","category-arte-y-otras-delicias-vindicativas","category-obra","tag-retrato-simultaneo"],"jetpack_featured_media_url":"https:\/\/trementinalux.com\/Blog\/wp-content\/uploads\/2014\/11\/ANNAIRICARD.jpg","jetpack_likes_enabled":true,"jetpack_sharing_enabled":true,"_links":{"self":[{"href":"https:\/\/trementinalux.com\/Blog\/wp-json\/wp\/v2\/posts\/4082","targetHints":{"allow":["GET"]}}],"collection":[{"href":"https:\/\/trementinalux.com\/Blog\/wp-json\/wp\/v2\/posts"}],"about":[{"href":"https:\/\/trementinalux.com\/Blog\/wp-json\/wp\/v2\/types\/post"}],"author":[{"embeddable":true,"href":"https:\/\/trementinalux.com\/Blog\/wp-json\/wp\/v2\/users\/1"}],"replies":[{"embeddable":true,"href":"https:\/\/trementinalux.com\/Blog\/wp-json\/wp\/v2\/comments?post=4082"}],"version-history":[{"count":35,"href":"https:\/\/trementinalux.com\/Blog\/wp-json\/wp\/v2\/posts\/4082\/revisions"}],"predecessor-version":[{"id":4120,"href":"https:\/\/trementinalux.com\/Blog\/wp-json\/wp\/v2\/posts\/4082\/revisions\/4120"}],"wp:featuredmedia":[{"embeddable":true,"href":"https:\/\/trementinalux.com\/Blog\/wp-json\/wp\/v2\/media\/4095"}],"wp:attachment":[{"href":"https:\/\/trementinalux.com\/Blog\/wp-json\/wp\/v2\/media?parent=4082"}],"wp:term":[{"taxonomy":"category","embeddable":true,"href":"https:\/\/trementinalux.com\/Blog\/wp-json\/wp\/v2\/categories?post=4082"},{"taxonomy":"post_tag","embeddable":true,"href":"https:\/\/trementinalux.com\/Blog\/wp-json\/wp\/v2\/tags?post=4082"}],"curies":[{"name":"wp","href":"https:\/\/api.w.org\/{rel}","templated":true}]}}