{"id":3971,"date":"2014-10-17T20:09:56","date_gmt":"2014-10-17T20:09:56","guid":{"rendered":"http:\/\/trementinalux.com\/Blog\/?p=3971"},"modified":"2014-10-17T20:17:29","modified_gmt":"2014-10-17T20:17:29","slug":"tras-los-muros-las-personas-una-rueda-de-retratos-simultaneo","status":"publish","type":"post","link":"https:\/\/trementinalux.com\/Blog\/tras-los-muros-las-personas-una-rueda-de-retratos-simultaneo\/","title":{"rendered":"\u00abTras los muros las personas\u00bb. Una rueda de Retratos Simult\u00e1neos."},"content":{"rendered":"<p><strong>Entre el 7 y el 16 de noviembre en la Ciutat Vella de Valencia se celebra <a href=\"http:\/\/intramurs.org\/es\/actividades\/actividad\/tras-los-muros-las-personas\/\">Intramurs<\/a>. He presentado un proyecto de intervenci\u00f3n art\u00edstica basado en el \u00abRetrato Simult\u00e1neo\u00bb y lo he titulado \u00abTras los muros, las personas\u00bb. Salvando las distancias este t\u00edtulo me recuerda a un slogan de Mayo del 68, \u00ab<a href=\"http:\/\/www.filosofia.net\/materiales\/articulos\/a_17.html\">Sous les pav\u00e9s, la plage<\/a>\u00ab.<\/strong><\/p>\n<p><strong>\u00bfQu\u00e9 es el retrato simultaneo?<\/strong><br \/>\nTu me miras y me pintas, yo te miro y te pinto. Simult\u00e1neamente.<br \/>\nLa sesi\u00f3n dura aproximadamente una hora.<br \/>\nEstamos en movimiento, indag\u00e1ndonos.<br \/>\nCada cual viene con sus materiales y podemos compartir paleta, la mezcla es estimulante.<br \/>\nTambi\u00e9n podemos compartir almuerzo o aperitivo.<\/p>\n<p><strong>\u00bfEsto del doble posado-pintado, es un proyecto propio?<\/strong><br \/>\nPues s\u00ed. Empec\u00e9 la experiencia en 2012. Desde entonces nos hemos pintado m\u00fatua y simult\u00e1neamente unas veinte personas. La imagen que ves aqu\u00ed arriba es el fruto de su trabajo en nuestras sesiones. Por cierto: \u00a1Gracias! Puedes leer m\u00e1s informaci\u00f3n en otros post: <a href=\"http:\/\/trementinalux.com\/Blog\/salir-del-espejo-un-proyecto-de-retratos-simultaneos\/\">aqu\u00ed<\/a>, <a href=\"http:\/\/trementinalux.com\/Blog\/hija-mientras-de-la-sombra-y-los-adioses\/\">aqu\u00ed<\/a> y <a href=\"http:\/\/trementinalux.com\/Blog\/yo-como-antena-y-tamarindo\/\">aqu\u00ed<\/a>.<\/p>\n<p><strong>\u00bfImporta que sepas pintar?<\/strong><br \/>\nEvidentemente No. Por varias razones.<br \/>\nLa primera es que lo importante es el proceso creativo. El estar enfrente. La energ\u00eda que fluye. El emocionalmente perfecto <a href=\"http:\/\/www.quieroleer.com.ar\/libros\/inteligencia-emocional\/64.html\">estado de flujo<\/a>. El contagio, la inversi\u00f3n y el cuestionamiento de la subjetividad. <\/p>\n<p>Y la segunda raz\u00f3n es que la pintura es hoy una tecnolog\u00eda extinta, de ah\u00ed que este proyecto tenga por objetivo su puesta en valor desde la base, a pie de calle. Quien hoy aprende a pintar est\u00e1 practicando una nueva tecnolog\u00eda. Pues no hay patrimonio inmaterial que custodie los saberes, ni existen los materiales que permitan emular el oficio antiguo, condiciones indispensables para que pueda darse lo que entendemos por la transmisi\u00f3n del \u00absaber pintar\u00bb. <\/p>\n<p><strong>\u00bfQu\u00e9 sucede?<\/strong><br \/>\nTe lo dir\u00e9 en una palabra. Si t\u00fa lo permites sucede LA MAGIA.<\/p>\n<p><strong>\u00bfQu\u00e9 propongo en \u00abTras los muros, las personas\u00bb?<\/strong><br \/>\nUna rueda de retratos simult\u00e1neos, en la calle Beneficencia, en la B-Side del IVAM.<br \/>\nEl s\u00e1bado 8 y el s\u00e1bado 15, de 12 a 14 horas.<br \/>\nDentro del programa de <a href=\"http:\/\/intramurs.org\/es\/inicio\/\">Intramurs<\/a>.<\/p>\n<p><strong>\u00bfC\u00f3mo funciona la rueda de retratos simult\u00e1neos?<\/strong><br \/>\nSi venimos tres cada persona pinta a otra, en c\u00edrculo, encadenando nuestras experiencias. Si venimos seis lo mismo, as\u00ed hasta el infinito. Al acabar la hora giramos el sentido de la mirada y hacemos otra ronda. <\/p>\n<p><strong>\u00bfTe preguntar\u00e1s por los materiales&#8230;?<\/strong><br \/>\nLo mejor es que traigas varios soportes, lienzo, un papel, un cart\u00f3n, madera, etc. Y materiales para uso propio o si lo deseas para compartir. A m\u00ed me gusta compartir, compartir es vivir y descubrir. Yo llevar\u00e9 acr\u00edlicos.<\/p>\n<p><strong>\u00bfQu\u00e9 haremos con las piezas?<\/strong><br \/>\nVincularlas al muro trasero del IVAM. El c\u00f3mo, lo decidiremos in-situ. \u00abTras los muros las personas\u00bb es un derribo simb\u00f3lico de las barreras museol\u00f3gicas y las fronteras de la subjetividad. Una reflexi\u00f3n sobre la conservaci\u00f3n y la degradaci\u00f3n, sobre la cultura viva y la cultura zombie, sobre el proceso y el residuo, sobre las personas y los objetos personales. <\/p>\n<p>Pero sobre todo una apuesta por el contagio de lo dentro y lo de fuera a trav\u00e9s de la energ\u00eda y el flujo creativo. De lo tuyo y lo m\u00edo. Porque tod@s somos un@ y lo mism@ y esto que vivimos y construimos juntos, es el principio del Siglo XXI.<\/p>\n<p><strong>Os espero.<br \/>\nComparte, difunde, ilusiona.<br \/>\nTREMENTINA LUX \u00a9 2014<\/strong><\/p>\n<p>#TrasLosMurosLasPersonas<br \/>\n#RetratoSimultaneo<br \/>\n#TrementinaLuxIntramurs<\/p>\n","protected":false},"excerpt":{"rendered":"<p>Entre el 7 y el 16 de noviembre en la Ciutat Vella de Valencia se celebra Intramurs. He presentado un proyecto de intervenci\u00f3n art\u00edstica basado en el \u00abRetrato Simult\u00e1neo\u00bb y lo he titulado \u00abTras los muros, las personas\u00bb. Salvando las distancias este t\u00edtulo me recuerda a un slogan de Mayo del 68, \u00abSous les pav\u00e9s, [&hellip;]<\/p>\n","protected":false},"author":1,"featured_media":3972,"comment_status":"open","ping_status":"open","sticky":false,"template":"","format":"standard","meta":{"rop_custom_images_group":[],"rop_custom_messages_group":[],"rop_publish_now":"initial","rop_publish_now_accounts":[],"rop_publish_now_history":[],"rop_publish_now_status":"pending","ngg_post_thumbnail":0,"_jetpack_memberships_contains_paid_content":false,"footnotes":""},"categories":[8,113],"tags":[],"class_list":["post-3971","post","type-post","status-publish","format-standard","has-post-thumbnail","hentry","category-arte-y-otras-delicias-vindicativas","category-obra"],"jetpack_featured_media_url":"https:\/\/trementinalux.com\/Blog\/wp-content\/uploads\/2014\/10\/SIMULTANEO-OK1.jpg","jetpack_likes_enabled":true,"jetpack_sharing_enabled":true,"_links":{"self":[{"href":"https:\/\/trementinalux.com\/Blog\/wp-json\/wp\/v2\/posts\/3971","targetHints":{"allow":["GET"]}}],"collection":[{"href":"https:\/\/trementinalux.com\/Blog\/wp-json\/wp\/v2\/posts"}],"about":[{"href":"https:\/\/trementinalux.com\/Blog\/wp-json\/wp\/v2\/types\/post"}],"author":[{"embeddable":true,"href":"https:\/\/trementinalux.com\/Blog\/wp-json\/wp\/v2\/users\/1"}],"replies":[{"embeddable":true,"href":"https:\/\/trementinalux.com\/Blog\/wp-json\/wp\/v2\/comments?post=3971"}],"version-history":[{"count":24,"href":"https:\/\/trementinalux.com\/Blog\/wp-json\/wp\/v2\/posts\/3971\/revisions"}],"predecessor-version":[{"id":3994,"href":"https:\/\/trementinalux.com\/Blog\/wp-json\/wp\/v2\/posts\/3971\/revisions\/3994"}],"wp:featuredmedia":[{"embeddable":true,"href":"https:\/\/trementinalux.com\/Blog\/wp-json\/wp\/v2\/media\/3972"}],"wp:attachment":[{"href":"https:\/\/trementinalux.com\/Blog\/wp-json\/wp\/v2\/media?parent=3971"}],"wp:term":[{"taxonomy":"category","embeddable":true,"href":"https:\/\/trementinalux.com\/Blog\/wp-json\/wp\/v2\/categories?post=3971"},{"taxonomy":"post_tag","embeddable":true,"href":"https:\/\/trementinalux.com\/Blog\/wp-json\/wp\/v2\/tags?post=3971"}],"curies":[{"name":"wp","href":"https:\/\/api.w.org\/{rel}","templated":true}]}}