{"id":3933,"date":"2014-09-24T12:28:03","date_gmt":"2014-09-24T12:28:03","guid":{"rendered":"http:\/\/trementinalux.com\/Blog\/?p=3933"},"modified":"2014-09-24T12:29:31","modified_gmt":"2014-09-24T12:29:31","slug":"las-hormigas-del-arte-y-la-espalda-de-hormigon-primera-walking-gallery-valencia","status":"publish","type":"post","link":"https:\/\/trementinalux.com\/Blog\/las-hormigas-del-arte-y-la-espalda-de-hormigon-primera-walking-gallery-valencia\/","title":{"rendered":"Las hormigas del Arte y la espalda de hormig\u00f3n. Primera Walking Gallery Valencia."},"content":{"rendered":"<p><strong>Estamos de enhorabuena<\/strong><br \/>\nMi objetivo es dinamizar esto. \u00bfSabes qu\u00e9 es? Es la cara B del IVAM. La B-SIDE del IVAM. Ciento cuarenta metros de muros que separan la concepci\u00f3n museol\u00f3gica del siglo XX de la del XXI. Una enorme espalda de hormig\u00f3n.<\/p>\n<p>De momento, las noticias sobre la nueva direcci\u00f3n y los cargos de confianza van siendo tan alentadores que he dejado aparcada mi carta abierta, m\u00e1s que nada para cambiarle el tono, que no los contenidos, en la l\u00ednea del post <a href=\"http:\/\/trementinalux.com\/Blog\/nuestra-vecina-elisa-la-banera-de-mi-madre-y-la-b-side-del-ivam\/\">\u00abNuestra vecina Elisa, la ba\u00f1era de mi madre y la B-side del IVAM\u2026\u00bb<\/a>. Porque me consta que aunque voluntariosos, conectados con la ciudadan\u00eda e ilusionados siguen enfocados en la puesta en valor del resultado, m\u00e1s que en el proceso y la energ\u00eda creadora.<\/p>\n<p><strong>Tal que hormigas del Arte, con el arte a nuestras espaldas, donde el IVAM ha venido dando la espalda a la ciudad, convocamos nuestra primera cita.<\/strong><\/p>\n<p>Por ello, celebrando y aprovechando este impulso innovador y aperturista de nuestro, entre flamante y decadente, INSTITUTO VALENCIANO DE ARTE MODERNO, queda convocada la primera Walking Gallery Valencia el d\u00eda 5 de octubre, a las 11:30 en la Cara B del IVAM, Calle Beneficencia 17, para hacer un delicioso paseo obra en mano por el concurrido centro hist\u00f3rico de la ciudad. <\/p>\n<p><strong>Para despistados<\/strong><br \/>\nLa Walking Gallery es una iniciativa que nace en Barcelona de la mano de Jos\u00e9 Puig y se exporta a Milan, Londres, Sao Paulo, Bilbao y numerosas ciudades. Yo llevo tiempo paseando en solitario mi obra as\u00ed que es un honor que la figura del ArtWalker exista y podamos compartirla y ampliarla en Valencia. M\u00e1s info sobre el movimiento global <a href=\"http:\/\/www.walkinggallery.com\/\">aqu\u00ed<\/a>.<\/p>\n<p><strong>\u00bfQu\u00e9 puedes hacer? Comparte, difunde, trae tu obra y ven a la primera Walking Gallery Valencia. Es una iniciativa abierta y pural.<\/strong><\/p>\n<p>Gracias y besos. !Nos vemos!<br \/>\nTREMENTINA LUX \u00a9 2014<br \/>\n#PrimeraWalkingGalleryValencia<br \/>\n#YosoyArtWalker<\/p>\n","protected":false},"excerpt":{"rendered":"<p>Estamos de enhorabuena Mi objetivo es dinamizar esto. \u00bfSabes qu\u00e9 es? Es la cara B del IVAM. La B-SIDE del IVAM. Ciento cuarenta metros de muros que separan la concepci\u00f3n museol\u00f3gica del siglo XX de la del XXI. Una enorme espalda de hormig\u00f3n. De momento, las noticias sobre la nueva direcci\u00f3n y los cargos de [&hellip;]<\/p>\n","protected":false},"author":1,"featured_media":3936,"comment_status":"open","ping_status":"open","sticky":false,"template":"","format":"standard","meta":{"rop_custom_images_group":[],"rop_custom_messages_group":[],"rop_publish_now":"initial","rop_publish_now_accounts":[],"rop_publish_now_history":[],"rop_publish_now_status":"pending","ngg_post_thumbnail":0,"_jetpack_memberships_contains_paid_content":false,"footnotes":""},"categories":[8,113,87],"tags":[273],"class_list":["post-3933","post","type-post","status-publish","format-standard","has-post-thumbnail","hentry","category-arte-y-otras-delicias-vindicativas","category-obra","category-vindicaciones-nomadas","tag-walking-gallery-valencia"],"jetpack_featured_media_url":"https:\/\/trementinalux.com\/Blog\/wp-content\/uploads\/2014\/09\/PRIMERA-CITA-WGV1.jpg","jetpack_likes_enabled":true,"jetpack_sharing_enabled":true,"_links":{"self":[{"href":"https:\/\/trementinalux.com\/Blog\/wp-json\/wp\/v2\/posts\/3933","targetHints":{"allow":["GET"]}}],"collection":[{"href":"https:\/\/trementinalux.com\/Blog\/wp-json\/wp\/v2\/posts"}],"about":[{"href":"https:\/\/trementinalux.com\/Blog\/wp-json\/wp\/v2\/types\/post"}],"author":[{"embeddable":true,"href":"https:\/\/trementinalux.com\/Blog\/wp-json\/wp\/v2\/users\/1"}],"replies":[{"embeddable":true,"href":"https:\/\/trementinalux.com\/Blog\/wp-json\/wp\/v2\/comments?post=3933"}],"version-history":[{"count":14,"href":"https:\/\/trementinalux.com\/Blog\/wp-json\/wp\/v2\/posts\/3933\/revisions"}],"predecessor-version":[{"id":3948,"href":"https:\/\/trementinalux.com\/Blog\/wp-json\/wp\/v2\/posts\/3933\/revisions\/3948"}],"wp:featuredmedia":[{"embeddable":true,"href":"https:\/\/trementinalux.com\/Blog\/wp-json\/wp\/v2\/media\/3936"}],"wp:attachment":[{"href":"https:\/\/trementinalux.com\/Blog\/wp-json\/wp\/v2\/media?parent=3933"}],"wp:term":[{"taxonomy":"category","embeddable":true,"href":"https:\/\/trementinalux.com\/Blog\/wp-json\/wp\/v2\/categories?post=3933"},{"taxonomy":"post_tag","embeddable":true,"href":"https:\/\/trementinalux.com\/Blog\/wp-json\/wp\/v2\/tags?post=3933"}],"curies":[{"name":"wp","href":"https:\/\/api.w.org\/{rel}","templated":true}]}}