{"id":383,"date":"2011-02-25T12:20:58","date_gmt":"2011-02-25T12:20:58","guid":{"rendered":"http:\/\/trementinalux.com\/Blog\/?p=383"},"modified":"2018-11-23T09:38:50","modified_gmt":"2018-11-23T09:38:50","slug":"hagamos-de-la-b-side-del-ivam-una-kunsthaus-tacheles","status":"publish","type":"post","link":"https:\/\/trementinalux.com\/Blog\/hagamos-de-la-b-side-del-ivam-una-kunsthaus-tacheles\/","title":{"rendered":"HAGAMOS DE LA B-SIDE DEL IVAM UNA KUNSTHAUS TACHELES"},"content":{"rendered":"<p><a href=\"http:\/\/trementinalux.com\/Blog\/hagamos-de-la-b-side-del-ivam-una-kunsthaus-tacheles\/kunt\/\" rel=\"attachment wp-att-683\">&nbsp;<\/a><\/p>\n<p><iframe title=\"YouTube video player\" src=\"http:\/\/www.youtube.com\/embed\/uw4wbjwA0pw\" width=\"640\" height=\"390\" frameborder=\"0\" allowfullscreen=\"allowfullscreen\"><\/iframe><\/p>\n<p><strong>Vemos lo que (nos cuentan) que sucede en Libia. En Egipto. En T\u00fanez.&nbsp;Escucho en la radio que Gadafi insta a la poblaci\u00f3n a alzarse contra esa panda de j\u00f3venes drogadictos manipulados por -no-se-qui\u00e9n- para aguarle la dictadura. Esto sucede al mismo tiempo que aqu\u00ed algunos estudiantes se manifiestan para evitar el cierre de los repetidores de TV3 en la Comunidad Valenciana.<\/strong><\/p>\n<p>Nunca nos enviar\u00e1n ayuda internacional. La democracia mal entendida es un balneario para los aut\u00f3cratas. S\u00f3lo nos tenemos a nosotr@s.<\/p>\n<p>M\u00e1s de doscientas personas se mudaron en los a\u00f1os ochenta a las casas nuevas, casas de grandes pasillos, luminosas, amplias, calientes. Est\u00e1s que veis aqu\u00ed desalojadas. Yo no s\u00e9 nada. Que ya no est\u00e1n, eso es evidente.<\/p>\n<p>Amo esa manzana. La que ha sufrido una degradaci\u00f3n programada por expertos urbanistas. Sigue estando viva, caliente, llena de gente entra\u00f1able y primeras veces. Expropiaron las viviendas. Dejaron que la gente muriera lejos de su barrio, que los hogares se incendiaran. Ahora no tienen presupuesto para ampliar el mausoleo, eso que iba a ser \u00abel faro del arte\u00bb&#8230; Y \u00bfpara qu\u00e9 ampliarlo? Si el criterio expositivo es totalmente autocr\u00e1tico.<\/p>\n<p>Esto propongo, un movimiento cultural de toda la poblaci\u00f3n civil, vecinos, artistas, asociaciones culturales, garitos del Carmen: hagamos en la B-SIDE del IVAM una Kunsthaus Tacheles, reclamemos ese espacio como espacio vivo y ciudadano con un modelo de convivencia cultural libre y autogestionado.<\/p>\n<p>La Kunsthaus Tacheles de Berl\u00edn huele a orines, est\u00e1 recientemente amenazada porque el banco que la ha adquirido quiere derribarla. Yo he tenido la suerte de visitarla funcionando. Es un extravagante, delicioso y ejemplar centro de arte de vanguardia en el que los artistas disponen de sus espacios para crear, exponer y vender obra. Hay caf\u00e9s, bares, cines, teatros y talleres conviviendo en un entorno tan degradado y pestilente que las casas de La Bene son palacios a su lado.<\/p>\n<p>No hay dinero para el derribo, no hay dinero para ampliar, \u00bfno hay posibilidad de devolver la B-SIDE a sus leg\u00edtimos due\u00f1os? Pues dejad que los artistas urbanos se acerquen al IVAM, que tomen el IVAM, que lo reconviertan en algo que nos enorgullezca, que nos permita crecer culturalmente, no desde la mostraci\u00f3n de los dudosos productos comerciales del \u00abGran Arte\u00bb sino desde el impulso de la creaci\u00f3n y el trabajo art\u00edstico de generaciones enteras de personas con talento que agonizan en esta \u00e1rida tierra capitaneada por cobardes.<\/p>\n<p>Propongo que comencemos con una jornada de arte urbano en la Calle Beneficencia. Pintura, <em>ready made<\/em>, instalaciones, <em>performances,<\/em> conciertos, montajes teatrales, tomando como referencia la belleza vergonzante de la B-SIDE. Venid con la m\u00fasica, los ni\u00f1@s, los mayores. Y luego, todo ese material colectivo sin \u00e1nimo de lucro lo llevamos all\u00ed, al otro lado, para empapelar un domingo entero la cara A del IVAM, visibilizando la ca\u00f3gena situaci\u00f3n a la que nos han conducido, positivando y reclamando para el bien de la ciudad ese posible escenario de humanidad, artisteo y mecenazgo democr\u00e1tico.<\/p>\n<p>\u00bfQu\u00e9 os parece, ya que el 18 de Mayo es el d\u00eda Internacional de los Museos, si nos organizamos para realizar esta acci\u00f3n el domingo 29 de mayo de 2011 a eso de las 10:00 de la ma\u00f1ana?<\/p>\n<p>!!!!A los pinceles!!!!!!<br \/>\nTREMENTINA LUX<\/p>\n<p>Web de la Kunsthaus Tacheles de Berl\u00edn:<br \/>\nhttp:\/\/super.tacheles.de\/cms\/<\/p>\n","protected":false},"excerpt":{"rendered":"<p>&nbsp; Vemos lo que (nos cuentan) que sucede en Libia. En Egipto. En T\u00fanez.&nbsp;Escucho en la radio que Gadafi insta a la poblaci\u00f3n a alzarse contra esa panda de j\u00f3venes drogadictos manipulados por -no-se-qui\u00e9n- para aguarle la dictadura. Esto sucede al mismo tiempo que aqu\u00ed algunos estudiantes se manifiestan para evitar el cierre de los [&hellip;]<\/p>\n","protected":false},"author":1,"featured_media":0,"comment_status":"open","ping_status":"open","sticky":false,"template":"","format":"standard","meta":{"rop_custom_images_group":[],"rop_custom_messages_group":[],"rop_publish_now":"initial","rop_publish_now_accounts":[],"rop_publish_now_history":[],"rop_publish_now_status":"pending","ngg_post_thumbnail":0,"_jetpack_memberships_contains_paid_content":false,"footnotes":""},"categories":[8,87],"tags":[],"class_list":["post-383","post","type-post","status-publish","format-standard","hentry","category-arte-y-otras-delicias-vindicativas","category-vindicaciones-nomadas"],"jetpack_featured_media_url":"","jetpack_likes_enabled":true,"jetpack_sharing_enabled":true,"_links":{"self":[{"href":"https:\/\/trementinalux.com\/Blog\/wp-json\/wp\/v2\/posts\/383","targetHints":{"allow":["GET"]}}],"collection":[{"href":"https:\/\/trementinalux.com\/Blog\/wp-json\/wp\/v2\/posts"}],"about":[{"href":"https:\/\/trementinalux.com\/Blog\/wp-json\/wp\/v2\/types\/post"}],"author":[{"embeddable":true,"href":"https:\/\/trementinalux.com\/Blog\/wp-json\/wp\/v2\/users\/1"}],"replies":[{"embeddable":true,"href":"https:\/\/trementinalux.com\/Blog\/wp-json\/wp\/v2\/comments?post=383"}],"version-history":[{"count":24,"href":"https:\/\/trementinalux.com\/Blog\/wp-json\/wp\/v2\/posts\/383\/revisions"}],"predecessor-version":[{"id":6137,"href":"https:\/\/trementinalux.com\/Blog\/wp-json\/wp\/v2\/posts\/383\/revisions\/6137"}],"wp:attachment":[{"href":"https:\/\/trementinalux.com\/Blog\/wp-json\/wp\/v2\/media?parent=383"}],"wp:term":[{"taxonomy":"category","embeddable":true,"href":"https:\/\/trementinalux.com\/Blog\/wp-json\/wp\/v2\/categories?post=383"},{"taxonomy":"post_tag","embeddable":true,"href":"https:\/\/trementinalux.com\/Blog\/wp-json\/wp\/v2\/tags?post=383"}],"curies":[{"name":"wp","href":"https:\/\/api.w.org\/{rel}","templated":true}]}}