{"id":3102,"date":"2014-03-23T20:16:53","date_gmt":"2014-03-23T20:16:53","guid":{"rendered":"http:\/\/trementinalux.com\/Blog\/?p=3102"},"modified":"2014-03-23T22:23:42","modified_gmt":"2014-03-23T22:23:42","slug":"evolucion-del-yo","status":"publish","type":"post","link":"https:\/\/trementinalux.com\/Blog\/evolucion-del-yo\/","title":{"rendered":"Evoluci\u00f3n del Yo"},"content":{"rendered":"<p><strong>\u201cIncluso en la reproducci\u00f3n mejor acabada falta algo: el aqu\u00ed y el ahora de la obra de arte, su existencia irrepetible en el lugar en el que se encuentra. En dicha existencia singular, y en ninguna otra cosa, se realiz\u00f3 la historia a la que ha estado sometida en el curso de su perduraci\u00f3n. Tambi\u00e9n cuentan las alteraciones que haya padecido en su estructura f\u00edsica a lo largo del tiempo, as\u00ed como sus eventuales cambios de propietario.No podemos seguir el rastro de las primeras m\u00e1s que por medio de an\u00e1lisis f\u00edsicos o qu\u00edmicos impracticables sobre una reproducci\u00f3n; el de los segundos es tema de una tradici\u00f3n cuya b\u00fasqueda ha de partir del lugar de origen de la obra. El aqu\u00ed y ahora del original constituye el concepto de su autenticidad.\u201d *<\/strong><\/p>\n<p>El viernes estuve en la peluquer\u00eda, cort\u00e1ndome el flequillo. Mi peluquera me confes\u00f3 que su deseo es montar un prost\u00edbulo para mujeres. Lo tienes f\u00e1cil, le dije yo, recordando la pel\u00edcula \u201c<a href=\"https:\/\/es-la.facebook.com\/EvelynLaPelicula\">Evelyn<\/a>\u201d de <a href=\"http:\/\/www.isabeldeocampo.com\/\">Isabel de Ocampo<\/a> y la <a href=\"http:\/\/club.levante-emv.com\/acto.jsp?pIdActo=1097\">master class<\/a> que dio en Valencia. Enga\u00f1as a veinte o treinta hombres para que abandonen su pa\u00eds buscando un futuro mejor, los traes ilusionados habi\u00e9ndote encargado de limpiarles en el viaje todos sus ahorros, y cuando llegan aqu\u00ed les quitas el carnet y con un sistema de deudas y amenazas los encierras en un hotel de carretera que te has comprado antes y les convences de que follen veinte veces al d\u00eda y sean amables y cari\u00f1osos con las clientas. A las que por cierto tambi\u00e9n tendr\u00e1s que convencer de que acudan libremente al burdel a ser amadas por un profesional. <\/p>\n<p>-Algo falla en nosotras, t\u00eda. Me dijo ella pensativa. -Me reventar\u00edan el local en una semana. A las t\u00edas nos falta agresividad, \u00bfverdad\u2026? <\/p>\n<p>Ambas nos preguntamos porqu\u00e9 un tipo que busca sexo en un burdel no se pone en las esquinas de un pol\u00edgono a reclamarlo, es decir, a buscar clientas. Y sobre todo por qu\u00e9 vivimos en un asqueroso momento de <a href=\"http:\/\/www.publico.es\/504698\/un-curso-para-ser-prostituta-indigna-a-sectores-feministas-catalanes\">puesta en valor de la prostituci\u00f3n<\/a>, cuando el <a href=\"http:\/\/www.osezlefeminisme.fr\/article\/pour-labolition-du-systeme-prostitueur-0\">sistema prostituidor<\/a>, como ya lo llaman en Francia, es absolutamente desigual, esclavista y discriminatorio, por decirlo de forma suave. <\/p>\n<p>A Molly, que me hablaba asombrada de las rutas tur\u00edsticas que han organizado para recordar lo que fue el <a href=\"http:\/\/www.valenciaplaza.com\/ver\/123675\/la-leyenda-del-gran-burdel-medieval-de-valencia-se-convierte-en-ruta-turistica.html\">mayor prost\u00edbulo del Mediterr\u00e1neo<\/a>, a saber el del Barrio del Carmen de Valencia, le recomend\u00e9 leer un cl\u00e1sico \u201c<a href=\"http:\/\/www.traficantes.net\/libros\/caliban-y-la-bruja\">Caliban y la bruja<\/a>\u201d de <a href=\"http:\/\/es.wikipedia.org\/wiki\/Silvia_Federici\">Silvia Federici<\/a>, para entender el papel de la puesta en valor institucional de la prostituci\u00f3n en el paso del feudalismo al capitalismo m\u00e1s salvaje. Y apreciar mejor lo que la historia bien contada nos cuenta del hip\u00f3crita tratamiento del tema, ayer y hoy. Como dir\u00eda <a href=\"http:\/\/www.circulobellasartes.com\/benjamin\/termino.php?id=21\">Benjamin<\/a>: para aproximarse m\u00e1s a \u00abLa manifestaci\u00f3n irrepetible de una lejan\u00eda, por cercana que pueda estar\u00bb.<\/p>\n<p>Respecto al cuadro es un autorretrato que mide dos metros por metro y medio, pongo los enchufes para que os hag\u00e1is cargo de la dimensi\u00f3n. Lo he pintado en tres sesiones, voil\u00e0 el proceso. La primera al volver de la exposici\u00f3n \u00ab<a href=\"http:\/\/www.cacabelos.org\/marca\/index.php?elementoID=289\">Ahora Nosotras<\/a>\u00bb del Festival Miradas de Mujeres en Cacabelos, donde est\u00e1 expuesta la \u00ab<a href=\"http:\/\/trementinalux.com\/Blog\/el-traslado-de-la-pussy\/\" title=\"EL TRASLADO DE LA PUSSY\">Pussy<\/a>\u00bb ni que decir tiene fortalecida y empoderada por el viaje. La segunda al d\u00eda siguiente, un martes de lavadoras y realidad, y la tercera un mi\u00e9rcoles, ocho d\u00edas despu\u00e9s, al entender que mi \u00abYO\u00bb no es \u00abYO\u00bb de comedor sino de <a href=\"http:\/\/luismontolio.com\/\">medianeras<\/a>. Gracias a todas las personas que <a href=\"http:\/\/www.rtve.es\/alacarta\/audios\/hoy-empieza-todo-con-jose-manuel-sebastian\/het-jm-sebastian-170314\/2452228\/\">est\u00e1is aqu\u00ed<\/a> cuando el aqu\u00ed es el ahora. <\/p>\n<p>Gracias a quienes hac\u00e9is posible la \u00abEvoluci\u00f3n del Yo\u00bb.<br \/>\nTREMENTINA LUX<\/p>\n<p>*<em>Walter Benjamin<br \/>\n\u00abLa obra de arte en la \u00e9poca de su reproductibilidad t\u00e9cnica\u00bb Discursos Interrumpidos I, Taurus, Buenos Aires, 1989.<\/em><\/p>\n","protected":false},"excerpt":{"rendered":"<p>\u201cIncluso en la reproducci\u00f3n mejor acabada falta algo: el aqu\u00ed y el ahora de la obra de arte, su existencia irrepetible en el lugar en el que se encuentra. En dicha existencia singular, y en ninguna otra cosa, se realiz\u00f3 la historia a la que ha estado sometida en el curso de su perduraci\u00f3n. Tambi\u00e9n [&hellip;]<\/p>\n","protected":false},"author":1,"featured_media":3119,"comment_status":"open","ping_status":"open","sticky":false,"template":"","format":"standard","meta":{"rop_custom_images_group":[],"rop_custom_messages_group":[],"rop_publish_now":"initial","rop_publish_now_accounts":[],"rop_publish_now_history":[],"rop_publish_now_status":"pending","ngg_post_thumbnail":0,"_jetpack_memberships_contains_paid_content":false,"footnotes":""},"categories":[113,87],"tags":[150,143,149,148,114,145,147,151,144,146,142],"class_list":["post-3102","post","type-post","status-publish","format-standard","has-post-thumbnail","hentry","category-obra","category-vindicaciones-nomadas","tag-aura","tag-autenticidad","tag-autorretrato","tag-barrio-del-carmen","tag-festival-miradas-de-mujeres","tag-isabel-de-ocampo","tag-peluqueria","tag-pussy","tag-silvia-federici","tag-sistema-prostituidor","tag-walter-benjamin"],"jetpack_featured_media_url":"https:\/\/trementinalux.com\/Blog\/wp-content\/uploads\/2014\/03\/EVOLUCION-DEL-YOfull1-e1395606549582.jpg","jetpack_likes_enabled":true,"jetpack_sharing_enabled":true,"_links":{"self":[{"href":"https:\/\/trementinalux.com\/Blog\/wp-json\/wp\/v2\/posts\/3102","targetHints":{"allow":["GET"]}}],"collection":[{"href":"https:\/\/trementinalux.com\/Blog\/wp-json\/wp\/v2\/posts"}],"about":[{"href":"https:\/\/trementinalux.com\/Blog\/wp-json\/wp\/v2\/types\/post"}],"author":[{"embeddable":true,"href":"https:\/\/trementinalux.com\/Blog\/wp-json\/wp\/v2\/users\/1"}],"replies":[{"embeddable":true,"href":"https:\/\/trementinalux.com\/Blog\/wp-json\/wp\/v2\/comments?post=3102"}],"version-history":[{"count":17,"href":"https:\/\/trementinalux.com\/Blog\/wp-json\/wp\/v2\/posts\/3102\/revisions"}],"predecessor-version":[{"id":3122,"href":"https:\/\/trementinalux.com\/Blog\/wp-json\/wp\/v2\/posts\/3102\/revisions\/3122"}],"wp:featuredmedia":[{"embeddable":true,"href":"https:\/\/trementinalux.com\/Blog\/wp-json\/wp\/v2\/media\/3119"}],"wp:attachment":[{"href":"https:\/\/trementinalux.com\/Blog\/wp-json\/wp\/v2\/media?parent=3102"}],"wp:term":[{"taxonomy":"category","embeddable":true,"href":"https:\/\/trementinalux.com\/Blog\/wp-json\/wp\/v2\/categories?post=3102"},{"taxonomy":"post_tag","embeddable":true,"href":"https:\/\/trementinalux.com\/Blog\/wp-json\/wp\/v2\/tags?post=3102"}],"curies":[{"name":"wp","href":"https:\/\/api.w.org\/{rel}","templated":true}]}}