{"id":310,"date":"2009-09-04T16:24:39","date_gmt":"2009-09-04T16:24:39","guid":{"rendered":"http:\/\/trementinalux.com\/Blog\/?p=310"},"modified":"2014-02-11T20:04:38","modified_gmt":"2014-02-11T20:04:38","slug":"a-la-vera-del-rio-bochin","status":"publish","type":"post","link":"https:\/\/trementinalux.com\/Blog\/a-la-vera-del-rio-bochin\/","title":{"rendered":"A la vera del R\u00edo Boch\u00edn"},"content":{"rendered":"<p><strong>Ayer, de madrugada, estaba leyendo en el sof\u00e1 \u201cEl bosque de la noche\u201d. Deb\u00ed quedarme dormida, no lo recuerdo, andamiada como estaba por cojines de lentejuelas y personajes circenses.<\/strong> Le\u00eda en ese momento el fragmento en el que el boch\u00edn sujeta entre los dientes un clavel rojo mientras afila su cuchilla y resonaba en mi memoria la sentencia, dos p\u00e1ginas m\u00e1s atr\u00e1s en la que dice: \u201cEl hombre lo que quiere es, una de dos: encontrar a alguien que sea tan est\u00fapido como para poder mentirle, o amar hasta el punto de que el objeto de su amor pueda mentirle a \u00e9l\u201d&#8230; Y no recuerdo m\u00e1s&#8230;<\/p>\n<p><strong>Despert\u00e9 con los brazos extendidos como palomas y no reconoc\u00ed mi alrededor.<\/strong> Quiero decir que durante unos segundos no ten\u00eda sentido el orden espacial, no parec\u00eda entender la distancia entre un objeto y el que le precede, ni el arriba, ni el abajo, ni las ventanas, ni los muros, ni las luces, ni las sombras y no hablemos del tiempo, el tiempo transcurrido o el porvenir. Mis ojos se hab\u00edan abierto, pero mi conciencia preguntaba angustiada: \u00bfD\u00f3nde est\u00e1s? \u00bfQu\u00e9 es esto\u2026? Por un momento, sent\u00ed p\u00e1nico.<\/p>\n<p><strong>Ve\u00eda sin ver o ve\u00eda sin entender.<\/strong> La parte motriz de mi visi\u00f3n funcionaba, la parte consciente, interpretativa, la que dota de sentido a lo que vemos y tan real nos parece, no.  En la nuca se acomodaba un hormigueo, tambi\u00e9n en los brazos. Me sent\u00e9 de un salto, empujada por una extra\u00f1a furia de supervivencia que a\u00fan empeor\u00f3 m\u00e1s la situaci\u00f3n y segu\u00ed observ\u00e1ndolo todo, mareada, muy mareada oblig\u00e1ndome a recordar, dici\u00e9ndome, &#8211; si est\u00e1s aqu\u00ed, es porque has llegado\u2026 Pues dime, \u00bfqu\u00e9 es esto? \u00bfd\u00f3nde est\u00e1s? Debes saberlo \u00bfno?&#8230; Ten\u00eda autoconciencia del enga\u00f1o, de mentirme quiz\u00e1s a m\u00ed misma (tanto me amo) ten\u00eda palabras y nada m\u00e1s. Y solo con las palabras y esa visi\u00f3n despose\u00edda de significados no lograba superar la trampa perceptiva, no lograba ver \u201cla verdad\u201d, estaba dentro de un laberinto de Escher, v\u00edctima de la la hostilidad de lo dom\u00e9stico.<\/p>\n<p>Cerr\u00e9 las ventanas en un acto instintivo y me fui a la cama, tambi\u00e9n por instinto. Cerr\u00e9 fuerte los ojos y trat\u00e9 de olvidar, me di cuenta entonces de que ni si quiera recordaba, de que no sab\u00eda donde estaba porque no sab\u00eda nada de m\u00ed y esa p\u00e9rdida transitoria de memoria me hizo mucho bien. Me dorm\u00ed, pl\u00e1cidamente sin ayer, disfrutando de la sana ausencia de la ley, de la ley y la gravedad.<\/p>\n<p><strong>Hoy he despertado instalada en el mismo \u201cdonde siempre\u201d. <\/strong>Recuerdo el trance, como un suceso inexplicable. Veo mi casa, el mirador donde la luna se arrastraba entre las venecianas y reconozco la estancia. La profunda fosa que anoche se abri\u00f3 en mi conciencia ha cicatrizado dejando solamente la huella que una inquietante sospecha. Creo que me dorm\u00ed en una mala postura y alguna parte de mi cerebro qued\u00f3 moment\u00e1neamente separada de m\u00ed, como si el boch\u00edn hubiera comenzado a segar mi cuello, aristocr\u00e1ticamente, sin dejar caer el clavel de su boca. <\/p>\n<p><strong>Este verano he practicado el nudismo y el nomadismo en Portugal, desde el Algarve hasta Viana do Castello y traspasando fronteras, junto al R\u00edo Verdugo, en Pontevedra, el mundo, mi casa.<\/strong> Al final, despu\u00e9s de quince d\u00edas sin ropa y sin hogar acab\u00e9 en Madrid viendo la exposici\u00f3n de Juan Mu\u00f1oz. El desplazamiento, el nomadismo y la alienaci\u00f3n son sus temas principales, y los he experimentado mucho, placenteramente, como si el destino jugara a ser redundante. <\/p>\n<p><strong>Anthony Vidler habla en el cat\u00e1logo de \u201centornos vagabundos\u201d para referirse a lugares que rechazan los t\u00f3picos del hogar con el fin de expresar las incertidumbres de la tierra de nadie<\/strong>, que son los equivalentes m\u00e1s directos de la otredad que anida en el fondo del yo moderno\u2026 Creo que para entendernos se trata, haciendo un paralelismo, del p\u00e1nico y el vac\u00edo que expresaban las hermanas Schlegel ante la invasiva presencia de la nueva urbe y sus rescoldos de humanidad en \u201cRegreso a Howards End\u201d, libro entra\u00f1able y lucid\u00edsimo que os aconsejo leer en una en una Manor House, en Sintra, de noche, que es cuando la plaga tur\u00edstica se ha ido a desovar.<\/p>\n<p>En Portugal he descubierto que las diosas que habitan en m\u00ed, seg\u00fan Jean Shinoda Bolen, una psicoanalista Junguiana que acabo de conocer (hay teor\u00edas para todo&#8230;), est\u00e1n mutando. Que he dejado de ser un poco Pers\u00e9fone, un poco Atenea, un poco Hestia, para ser muy Afrodita, que aunque suene Chic, es lo pero que puede pasarle a una mujer en esta sociedad mediocre. S\u00ed, he descubierto que soy alqu\u00edmica, creativa. Vamos, que lo he sido siempre y lo soy m\u00e1s ahora que no tengo ra\u00edces y de noche, cuando leo en el bosque me da por perder la conciencia. Aunque seg\u00fan Bataille, al resistirme, al rebelarme, no tengo porque perder la cabeza\u2026 \u00a1Ah! lo sospechaba: boch\u00edn travieso\u2026 \u00a1Devu\u00e9lveme mi yugular!.<\/p>\n<p><strong>Por eso hoy me he levantado cuestion\u00e1ndomelo todo.<\/strong> Lo primero que me cuestiono es porque las mentes creativas se ponen al servicio de las historias arquet\u00edpicas. Porque los guionistas siguen planteando sus guiones basados en el conflicto, porque repetimos esquemas morales absurdos que van a seguir castrando generaciones y generaciones. Por qu\u00e9, si en un momento de lucidez, todo deja de ser lo que parece\u2026 \u00bfPor qu\u00e9 lo que parece puede constre\u00f1ir nuestra vida, meterla en un botijo, domesticar el flujo de nuestra libertad espiritual y afectiva? \u00bfNo es acaso esa perpetuaci\u00f3n de una realidad castrante, el mayor de los enga\u00f1os? A los que cre\u00e1is el futuro con vuestras creaciones, va dirigido esto.<\/p>\n<p><strong>Tachad lo que ya se ha dicho, escribid otro camino.<\/strong><br \/>\nLa desnudez n\u00f3mada del alma, lo superfluos que somos en la inmensidad del universo, esa es la \u00fanica verdad. A disfrutar.<\/p>\n<p>TREMENTINA LUX<\/p>\n","protected":false},"excerpt":{"rendered":"<p>Ayer, de madrugada, estaba leyendo en el sof\u00e1 \u201cEl bosque de la noche\u201d. Deb\u00ed quedarme dormida, no lo recuerdo, andamiada como estaba por cojines de lentejuelas y personajes circenses<\/p>\n","protected":false},"author":1,"featured_media":311,"comment_status":"open","ping_status":"open","sticky":false,"template":"","format":"standard","meta":{"rop_custom_images_group":[],"rop_custom_messages_group":[],"rop_publish_now":"initial","rop_publish_now_accounts":[],"rop_publish_now_history":[],"rop_publish_now_status":"pending","ngg_post_thumbnail":0,"_jetpack_memberships_contains_paid_content":false,"footnotes":""},"categories":[87],"tags":[],"class_list":["post-310","post","type-post","status-publish","format-standard","has-post-thumbnail","hentry","category-vindicaciones-nomadas"],"jetpack_featured_media_url":"https:\/\/trementinalux.com\/Blog\/wp-content\/uploads\/2011\/01\/lisboaescher3.jpg","jetpack_likes_enabled":true,"jetpack_sharing_enabled":true,"_links":{"self":[{"href":"https:\/\/trementinalux.com\/Blog\/wp-json\/wp\/v2\/posts\/310","targetHints":{"allow":["GET"]}}],"collection":[{"href":"https:\/\/trementinalux.com\/Blog\/wp-json\/wp\/v2\/posts"}],"about":[{"href":"https:\/\/trementinalux.com\/Blog\/wp-json\/wp\/v2\/types\/post"}],"author":[{"embeddable":true,"href":"https:\/\/trementinalux.com\/Blog\/wp-json\/wp\/v2\/users\/1"}],"replies":[{"embeddable":true,"href":"https:\/\/trementinalux.com\/Blog\/wp-json\/wp\/v2\/comments?post=310"}],"version-history":[{"count":4,"href":"https:\/\/trementinalux.com\/Blog\/wp-json\/wp\/v2\/posts\/310\/revisions"}],"predecessor-version":[{"id":2940,"href":"https:\/\/trementinalux.com\/Blog\/wp-json\/wp\/v2\/posts\/310\/revisions\/2940"}],"wp:featuredmedia":[{"embeddable":true,"href":"https:\/\/trementinalux.com\/Blog\/wp-json\/wp\/v2\/media\/311"}],"wp:attachment":[{"href":"https:\/\/trementinalux.com\/Blog\/wp-json\/wp\/v2\/media?parent=310"}],"wp:term":[{"taxonomy":"category","embeddable":true,"href":"https:\/\/trementinalux.com\/Blog\/wp-json\/wp\/v2\/categories?post=310"},{"taxonomy":"post_tag","embeddable":true,"href":"https:\/\/trementinalux.com\/Blog\/wp-json\/wp\/v2\/tags?post=310"}],"curies":[{"name":"wp","href":"https:\/\/api.w.org\/{rel}","templated":true}]}}