{"id":2656,"date":"2014-01-01T12:09:44","date_gmt":"2014-01-01T12:09:44","guid":{"rendered":"http:\/\/trementinalux.com\/Blog\/?p=2656"},"modified":"2014-02-05T22:49:42","modified_gmt":"2014-02-05T22:49:42","slug":"uno-de-enero-la-secuencia-de-la-felicitacion-3-24-12-16-7","status":"publish","type":"post","link":"https:\/\/trementinalux.com\/Blog\/uno-de-enero-la-secuencia-de-la-felicitacion-3-24-12-16-7\/","title":{"rendered":"Uno de enero. La secuencia de la felicitaci\u00f3n: 3-24-12-16-7"},"content":{"rendered":"<p>Voy en el coche, de vuelta a casa. Recibo decenas de mensajes felicitando el a\u00f1o. Pienso en una secuencia, pienso: cuando llegue a la librer\u00eda de mi estudio tomar\u00e9 el libro que se encuentre en el vig\u00e9simocuarto lugar de la tercera estanter\u00eda, lo abrir\u00e9 por la p\u00e1gina doce, contar\u00e9 hasta la l\u00ednea diecis\u00e9is y utilizar\u00e9, como mensaje para despedir-recibir el a\u00f1o 2013-14 a mis seres queridos, las siete siguientes l\u00edneas. Sea cual sea el significado que aparezca. Anoto la secuencia para no olvidarla. Extra\u00f1amente no necesito hacerlo, los n\u00fameros est\u00e1n grabados en mi memoria sin posibilidad de que puedan ser otros. Y no la utilizo para el fin que la pensaba. No creo que nadie lo entendiera. La traigo hoy aqu\u00ed, su lugar.<\/p>\n<p>Me acerco a la librer\u00eda, sigo el ritual, cuento met\u00f3dicamente. Esto es lo que encuentro (os a\u00f1ado la primera y la \u00faltima frase para completar el sentido).<\/p>\n<p>3-24-12-16-7<br \/>\n\u00abDobl\u00e1bamos la falda de una colina. Uno de mis compa\u00f1eros me toc\u00f3 en el brazo, oblig\u00e1ndome a fijarme en el elevado pico de una monta\u00f1a que parec\u00eda estar enfrente de nosotros.<br \/>\n-!Mire! !El asiento de Dios!<br \/>\nSeguidamente se santigu\u00f3 con reverencia e impresionado.<br \/>\nEl sol se hund\u00eda cada vez m\u00e1s detr\u00e1s de nosotros, a medida que avanz\u00e1bamos por el camino zigzagueante. Las sombras de la noche comenzaron a envolvernos. La cumbre nevada tom\u00f3 un tono rosado, muy bello.\u00bb<\/p>\n<p>\u00abDr\u00e1cula\u00bb de Bram Stoker.<br \/>\nLa emoci\u00f3n es el \u00fanico significado universal que mueve el universo.<\/p>\n<p>TREMENTINA LUX<br \/>\n<em>\u00abS\u00edsifa\u00bb<br \/>\nObra gestada para \u00abT\u00e9 Tela\u00bb, exposici\u00f3n y subasta solidaria, 2 de enero 2014.<\/em><\/p>\n","protected":false},"excerpt":{"rendered":"<p>Dobl\u00e1bamos la falda de una colina. Uno de mis compa\u00f1eros me toc\u00f3 en el brazo, oblig\u00e1ndome a fijarme en el elevado pico de una monta\u00f1a que parec\u00eda estar enfrente de nosotros.<\/p>\n","protected":false},"author":1,"featured_media":2657,"comment_status":"open","ping_status":"open","sticky":false,"template":"","format":"standard","meta":{"rop_custom_images_group":[],"rop_custom_messages_group":[],"rop_publish_now":"initial","rop_publish_now_accounts":[],"rop_publish_now_history":[],"rop_publish_now_status":"pending","ngg_post_thumbnail":0,"_jetpack_memberships_contains_paid_content":false,"footnotes":""},"categories":[113],"tags":[],"class_list":["post-2656","post","type-post","status-publish","format-standard","has-post-thumbnail","hentry","category-obra"],"jetpack_featured_media_url":"https:\/\/trementinalux.com\/Blog\/wp-content\/uploads\/2014\/01\/sisifaok1-e1391087289706.jpg","jetpack_likes_enabled":true,"jetpack_sharing_enabled":true,"_links":{"self":[{"href":"https:\/\/trementinalux.com\/Blog\/wp-json\/wp\/v2\/posts\/2656","targetHints":{"allow":["GET"]}}],"collection":[{"href":"https:\/\/trementinalux.com\/Blog\/wp-json\/wp\/v2\/posts"}],"about":[{"href":"https:\/\/trementinalux.com\/Blog\/wp-json\/wp\/v2\/types\/post"}],"author":[{"embeddable":true,"href":"https:\/\/trementinalux.com\/Blog\/wp-json\/wp\/v2\/users\/1"}],"replies":[{"embeddable":true,"href":"https:\/\/trementinalux.com\/Blog\/wp-json\/wp\/v2\/comments?post=2656"}],"version-history":[{"count":24,"href":"https:\/\/trementinalux.com\/Blog\/wp-json\/wp\/v2\/posts\/2656\/revisions"}],"predecessor-version":[{"id":2802,"href":"https:\/\/trementinalux.com\/Blog\/wp-json\/wp\/v2\/posts\/2656\/revisions\/2802"}],"wp:featuredmedia":[{"embeddable":true,"href":"https:\/\/trementinalux.com\/Blog\/wp-json\/wp\/v2\/media\/2657"}],"wp:attachment":[{"href":"https:\/\/trementinalux.com\/Blog\/wp-json\/wp\/v2\/media?parent=2656"}],"wp:term":[{"taxonomy":"category","embeddable":true,"href":"https:\/\/trementinalux.com\/Blog\/wp-json\/wp\/v2\/categories?post=2656"},{"taxonomy":"post_tag","embeddable":true,"href":"https:\/\/trementinalux.com\/Blog\/wp-json\/wp\/v2\/tags?post=2656"}],"curies":[{"name":"wp","href":"https:\/\/api.w.org\/{rel}","templated":true}]}}