{"id":2489,"date":"2013-11-17T10:56:34","date_gmt":"2013-11-17T10:56:34","guid":{"rendered":"http:\/\/trementinalux.com\/Blog\/?p=2489"},"modified":"2016-03-29T07:08:46","modified_gmt":"2016-03-29T07:08:46","slug":"el-traslado-de-la-pussy","status":"publish","type":"post","link":"https:\/\/trementinalux.com\/Blog\/el-traslado-de-la-pussy\/","title":{"rendered":"EL TRASLADO DE LA PUSSY"},"content":{"rendered":"<p>C\u00d3MO EMPEZ\u00d3 TODO&#8230;<\/p>\n<p>La primera semana de noviembre estaba preparando un lienzo de dos metros y medio de tafet\u00e1n violeta para pintar un enorme retrato all-over de una mujer c\u00e9lebre. Ten\u00eda varios estudios hechos y varias candidatas. Pero me enter\u00e9 casualmente de la desaparici\u00f3n de Nadezhda Tolokonnikova, una integrante de las Pussy Riot, mientras estaba siendo trasladada de una prisi\u00f3n a otra. Empec\u00e9 a informarme y encontr\u00e9 que Nadezhda hab\u00eda realizado dos huelgas de hambre denunciando <a href=\"http:\/\/www.theguardian.com\/music\/2013\/sep\/23\/pussy-riot-hunger-strike-nadezhda-tolokonnikova\">malos tratos en la prisi\u00f3n<\/a>, que tiene una <a href=\"http:\/\/rbth.co.uk\/society\/2013\/03\/08\/daughter_of_pussy_riot_member_visits_mother_in_prison_23651.html\">hija de cinco a\u00f1os, Gera<\/a>, y que se escribe con <a href=\"http:\/\/www.theguardian.com\/music\/2013\/nov\/15\/pussy-riot-nadezhda-tolokonnikova-slavoj-zizek\">Slavoj \u017di\u017eek<\/a>.<\/p>\n<p>QU\u00c9 SALI\u00d3 AL PINTAR A NADEZDHA&#8230;<br \/>\nPor eso pint\u00e9 a Nadezhda, para enviarle amor universal y que apareciera, y estuviera bien, por eso lo subtitul\u00e9 \u00abAham Prema sobre tafet\u00e1n violeta\u00bb y durante todo el fin de semana estuvo expuesto con velas y margaritas. El caso es que al abrir el estudio en <a href=\"http:\/\/ciutatvellaoberta.org\/?page_id=1850\">Ciutat Vella Oberta<\/a> muchas personas vieron en la imagen de Nadezhda la imagen de una virgen dolorosa, tambi\u00e9n de una muerta insigne. Sin ser esta mi intenci\u00f3n, reconozco el parecido iconogr\u00e1fico y reconozco que la situaci\u00f3n de Nadezhda supera con creces cualquier ingenua acci\u00f3n que pueda desde aqu\u00ed buscar el reconocimiento y conocimiento de su admirable y doloros\u00edsima heroicidad.<\/p>\n<p>EL ORIGEN DEL TRASLADO<br \/>\nAl invitarme a participar en <a href=\"http:\/\/seumostra.blogspot.com.es\/\">Seu Mostra<\/a> y ver los espacios disponibles, me enamor\u00e9 del zaguan del estudio de arquitectura Vetges Tu, en la Calle Aparisi Guijarro, 5. Pero el zaguan est\u00e1 perp\u00e9tuamente abierto, sin vigilancia, y eso dificultaba la exhibici\u00f3n de la obra. Por lo que he pensado realizar como gesto simb\u00f3lico, el \u00abTraslado de Nadezhda\u00bb desde mi estudio, en el Barrio del Carmen de Valencia, hasta el barrio teologal, el barrio de la Seu Xerea. Mientras pensaba en ello parece ser que Nadezhda <a href=\"http:\/\/www.bbc.co.uk\/news\/world-europe-24938951\">ha aparecido ya<\/a>. Espero que no esperen que el bacilo de Koch haga con ella lo que el r\u00e9gimen de Putin parece no poder hacer, doblegarla.<\/p>\n<p>CUANDO SER\u00c1 EL TRASLADO Y POR D\u00d3NDE IR\u00c1&#8230;<br \/>\n<strong>El d\u00eda 22 de noviembre, viernes, a las 19:00 salida desde Calle Ripalda 30.<\/strong> Seguramente lo anunciar\u00e1 una traca, estamos en Valencia. El recorrido est\u00e1 previsto por: Calle Ripalda a Calle Alta, Calle Caballeros, Plaza de La Virgen, Plaza de la Almoina, Plaza del arzobispo, Calle Palau, Plaza N\u00e1poles y Sicilia y Calle Aparisi Guijarro 5. Poco m\u00e1s de un kil\u00f3metro a pie.<\/p>\n<p>\u00bfPOR QU\u00c9 ES NECESARIA VUESTRA PRESENCIA?<br \/>\nPrimero porque se trata de una acci\u00f3n l\u00fadico art\u00edstica gestada sin \u00e1nimo de lucro, por amor al arte, emergente, enmarcada en la resistencia cultural de los barrios, y apoyar eso, en esta ciudad tan Siberiana en lo cultural, importa, es importante. Segundo, \u00bfporque d\u00f3nde se ha visto que una dolorosa vaya sola en procesi\u00f3n? Tercero, porque mide dos metros y no pesa mucho pero hay que llevarla entre varias personas y esto puede producir un aut\u00e9ntico S\u00edndrome de Stendhal colectivo. Y cuarto porque cuando lleguemos a la Seu nos espera una Jam Sesion en la terraza del Vetges Tu.<\/p>\n<p>Convocados y convocadas qued\u00e1is al \u00abTraslado de la Pussy\u00bb.<br \/>\nOs esperamos, con velas y vestid@s de riguroso negro.<\/p>\n<p>Un abrazo<br \/>\nTREMENTINA LUX<\/p>\n","protected":false},"excerpt":{"rendered":"<p>La primera semana de noviembre estaba preparando un lienzo de dos metros y medio de tafet\u00e1n violeta para pintar un enorme retrato all-over de una mujer c\u00e9lebre. Ten\u00eda varios estudios hechos y varias candidatas. Pero me enter\u00e9 casualmente de la desaparici\u00f3n de Nadezhda Tolokonnikova<\/p>\n","protected":false},"author":1,"featured_media":2475,"comment_status":"open","ping_status":"open","sticky":false,"template":"","format":"standard","meta":{"rop_custom_images_group":[],"rop_custom_messages_group":[],"rop_publish_now":"initial","rop_publish_now_accounts":[],"rop_publish_now_history":[],"rop_publish_now_status":"pending","ngg_post_thumbnail":0,"_jetpack_memberships_contains_paid_content":false,"footnotes":""},"categories":[8,113,300,87],"tags":[299,115],"class_list":["post-2489","post","type-post","status-publish","format-standard","has-post-thumbnail","hentry","category-arte-y-otras-delicias-vindicativas","category-obra","category-secuenciadelamoruniversal","category-vindicaciones-nomadas","tag-amor-universal","tag-seu-mostra"],"jetpack_featured_media_url":"https:\/\/trementinalux.com\/Blog\/wp-content\/uploads\/2013\/11\/EL-TRASLADO-DELA-PUSSYLR1.jpg","jetpack_likes_enabled":true,"jetpack_sharing_enabled":true,"_links":{"self":[{"href":"https:\/\/trementinalux.com\/Blog\/wp-json\/wp\/v2\/posts\/2489","targetHints":{"allow":["GET"]}}],"collection":[{"href":"https:\/\/trementinalux.com\/Blog\/wp-json\/wp\/v2\/posts"}],"about":[{"href":"https:\/\/trementinalux.com\/Blog\/wp-json\/wp\/v2\/types\/post"}],"author":[{"embeddable":true,"href":"https:\/\/trementinalux.com\/Blog\/wp-json\/wp\/v2\/users\/1"}],"replies":[{"embeddable":true,"href":"https:\/\/trementinalux.com\/Blog\/wp-json\/wp\/v2\/comments?post=2489"}],"version-history":[{"count":24,"href":"https:\/\/trementinalux.com\/Blog\/wp-json\/wp\/v2\/posts\/2489\/revisions"}],"predecessor-version":[{"id":2814,"href":"https:\/\/trementinalux.com\/Blog\/wp-json\/wp\/v2\/posts\/2489\/revisions\/2814"}],"wp:featuredmedia":[{"embeddable":true,"href":"https:\/\/trementinalux.com\/Blog\/wp-json\/wp\/v2\/media\/2475"}],"wp:attachment":[{"href":"https:\/\/trementinalux.com\/Blog\/wp-json\/wp\/v2\/media?parent=2489"}],"wp:term":[{"taxonomy":"category","embeddable":true,"href":"https:\/\/trementinalux.com\/Blog\/wp-json\/wp\/v2\/categories?post=2489"},{"taxonomy":"post_tag","embeddable":true,"href":"https:\/\/trementinalux.com\/Blog\/wp-json\/wp\/v2\/tags?post=2489"}],"curies":[{"name":"wp","href":"https:\/\/api.w.org\/{rel}","templated":true}]}}