{"id":2378,"date":"2013-09-25T22:04:54","date_gmt":"2013-09-25T22:04:54","guid":{"rendered":"http:\/\/trementinalux.com\/Blog\/?p=2378"},"modified":"2014-01-30T20:07:55","modified_gmt":"2014-01-30T20:07:55","slug":"hija-mientras-de-la-sombra-y-los-adioses","status":"publish","type":"post","link":"https:\/\/trementinalux.com\/Blog\/hija-mientras-de-la-sombra-y-los-adioses\/","title":{"rendered":"Hija mientras de la sombra y los adioses"},"content":{"rendered":"<p><strong>Salir del espejo II. Galer\u00eda de retratos simult\u00e1neos<\/strong><\/p>\n<p>E. Es hija de una amiga, tiene 12 a\u00f1os. Yo soy amiga de su madre porque sus padres y los m\u00edos eran amigos. As\u00ed me ve, como una perfecta desconocida. As\u00ed la vi, con la magnificencia del estigma de la virgen, del todo sacrosanto por ser, pureza, inocencia (falsa) y madurez proclive.<\/p>\n<p>Dejar la lumbre que fuiste<br \/>\nEn manos otras<br \/>\nEn labios otros<br \/>\nPegada al r\u00edo<br \/>\nLa hierba que crece<br \/>\nHija mientras<br \/>\nDe la sombra y los adioses.<\/p>\n<p>TREMENTINA LUX<\/p>\n","protected":false},"excerpt":{"rendered":"<p>Salir del espejo II. Galer\u00eda de retratos simult\u00e1neos<br \/>\nE. Es hija de una amiga, tiene 12 a\u00f1os. Yo soy amiga de su madre porque sus padres y los m\u00edos eran amigos. <\/p>\n","protected":false},"author":1,"featured_media":2379,"comment_status":"open","ping_status":"open","sticky":false,"template":"","format":"standard","meta":{"rop_custom_images_group":[],"rop_custom_messages_group":[],"rop_publish_now":"initial","rop_publish_now_accounts":[],"rop_publish_now_history":[],"rop_publish_now_status":"pending","ngg_post_thumbnail":0,"_jetpack_memberships_contains_paid_content":false,"footnotes":""},"categories":[113],"tags":[],"class_list":["post-2378","post","type-post","status-publish","format-standard","has-post-thumbnail","hentry","category-obra"],"jetpack_featured_media_url":"https:\/\/trementinalux.com\/Blog\/wp-content\/uploads\/2013\/09\/SIMULTANEO3-e1391112463188.jpg","jetpack_likes_enabled":true,"jetpack_sharing_enabled":true,"_links":{"self":[{"href":"https:\/\/trementinalux.com\/Blog\/wp-json\/wp\/v2\/posts\/2378","targetHints":{"allow":["GET"]}}],"collection":[{"href":"https:\/\/trementinalux.com\/Blog\/wp-json\/wp\/v2\/posts"}],"about":[{"href":"https:\/\/trementinalux.com\/Blog\/wp-json\/wp\/v2\/types\/post"}],"author":[{"embeddable":true,"href":"https:\/\/trementinalux.com\/Blog\/wp-json\/wp\/v2\/users\/1"}],"replies":[{"embeddable":true,"href":"https:\/\/trementinalux.com\/Blog\/wp-json\/wp\/v2\/comments?post=2378"}],"version-history":[{"count":12,"href":"https:\/\/trementinalux.com\/Blog\/wp-json\/wp\/v2\/posts\/2378\/revisions"}],"predecessor-version":[{"id":2821,"href":"https:\/\/trementinalux.com\/Blog\/wp-json\/wp\/v2\/posts\/2378\/revisions\/2821"}],"wp:featuredmedia":[{"embeddable":true,"href":"https:\/\/trementinalux.com\/Blog\/wp-json\/wp\/v2\/media\/2379"}],"wp:attachment":[{"href":"https:\/\/trementinalux.com\/Blog\/wp-json\/wp\/v2\/media?parent=2378"}],"wp:term":[{"taxonomy":"category","embeddable":true,"href":"https:\/\/trementinalux.com\/Blog\/wp-json\/wp\/v2\/categories?post=2378"},{"taxonomy":"post_tag","embeddable":true,"href":"https:\/\/trementinalux.com\/Blog\/wp-json\/wp\/v2\/tags?post=2378"}],"curies":[{"name":"wp","href":"https:\/\/api.w.org\/{rel}","templated":true}]}}