{"id":2334,"date":"2013-09-19T11:12:35","date_gmt":"2013-09-19T11:12:35","guid":{"rendered":"http:\/\/trementinalux.com\/Blog\/?p=2334"},"modified":"2013-09-21T11:42:06","modified_gmt":"2013-09-21T11:42:06","slug":"salir-del-espejo-un-proyecto-de-retratos-simultaneos","status":"publish","type":"post","link":"https:\/\/trementinalux.com\/Blog\/salir-del-espejo-un-proyecto-de-retratos-simultaneos\/","title":{"rendered":"Salir del espejo. Un proyecto de retratos simult\u00e1neos."},"content":{"rendered":"<p><a href=\"http:\/\/trementinalux.com\/Blog\/?attachment_id=2338\" rel=\"attachment wp-att-2338\"><img decoding=\"async\" src=\"http:\/\/trementinalux.com\/Blog\/wp-content\/uploads\/2013\/09\/SIMULTANEO-TREMENTINANOELYA-300x195.jpg\" alt=\"\" title=\"SIMULTANEO TREMENTINANOELYA\" width=\"300\" height=\"195\" class=\"alignnone size-medium wp-image-2338\" srcset=\"https:\/\/trementinalux.com\/Blog\/wp-content\/uploads\/2013\/09\/SIMULTANEO-TREMENTINANOELYA-300x195.jpg 300w, https:\/\/trementinalux.com\/Blog\/wp-content\/uploads\/2013\/09\/SIMULTANEO-TREMENTINANOELYA-150x97.jpg 150w, https:\/\/trementinalux.com\/Blog\/wp-content\/uploads\/2013\/09\/SIMULTANEO-TREMENTINANOELYA.jpg 1180w\" sizes=\"(max-width: 300px) 100vw, 300px\" \/><\/a><\/p>\n<p>Todo empez\u00f3 no s\u00e9 como. S\u00ed, ten\u00eda necesidad de pintar personas, rostros, y propuse aqu\u00ed y all\u00e1: -Ven conmigo a dejarte pintar. Hasta que top\u00e9 con alguien que pintaba y me dijo: -No sabr\u00e9 estar dos horas quieto&#8230; Y entonces le dije: -Pues me pintas tu a m\u00ed, y yo a t\u00ed. Ese alguien acept\u00f3 encantado y empezamos a gesticular en el aire esa danza tribal de los pintores que se miran y se miden en el aire. El caso es que ese <a href=\"http:\/\/www.eldeih.com\/\">alguien<\/a> a\u00fan no ha venido a dejarse la piel en la pintura, pero dej\u00f3 su huella en el proyecto.<\/p>\n<p>Si que han venido al estudio cerca de quince personas. A medida que avanzaba el proyecto me daba cuenta de que las cosas que suced\u00edan cuando nos desnud\u00e1bamos ante la pintura pertenecer\u00edan de por vida al patrimonio de la intimidad y que s\u00f3lo ser\u00eda visible al resto, incluso a la memoria, el residuo del acontecer, el indicio de lo acontecido. Los rituales de preparar la paleta, los pinceles, elegir los soportes, el posado, el t\u00e9 y las pastas, o la fruta compartida se convirtieron en rituales disuasorios del \u00abHorror vacui\u00bb y personas ne\u00f3fitas y personas entendidas salieron del estudio transformados, siempre y sin excepci\u00f3n, transform\u00e1ndome.<\/p>\n<p>Lo cierto es que entre la magia y la pregnancia, las quince sesiones me condujeron no s\u00f3lo a un discreto agotamiento nervioso sino a un replanteamiento del proyecto. \u00abSalir del espejo\u00bb no acabar\u00e1 pues con la exhibici\u00f3n de los resultados obtenidos en estas sesiones, sino con el retorno al principio. Es decir, retom\u00e1ndolo pero conociendo esta vez la magnitud de lo que acontece, y prepar\u00e1ndome, como la <a href=\"http:\/\/www.youtube.com\/watch?v=OS0Tg0IjCp4\">Abramovi\u0107<\/a>, pero con un poquito m\u00e1s de riesgo.<\/p>\n<p>LOS PRIMEROS RESULTADOS<br \/>\nAhora tengo quince retratos de mi apariencia que no se parecen nada entre s\u00ed. Y quince retratos de personas muy diferentes que guardan entre ellos un aire de familia sobrenatural. Lo que pone en evidencia que cuando retratamos nos retratamos y que lo que sale se parece tanto a nosotros como a quien nos sirve de referente. O incluso, m\u00e1s. El parecido pues, se declara as\u00ed imposible. Porque lo que sale no se parece a lo que parece que somos, sino a lo escondemos tras nuestra apariencia, en ese preciso momento, adem\u00e1s. Vamos, que pone en jaque la propia noci\u00f3n de identidad, objetividad y subjetividad, dentro y fuera, tuyo y m\u00edo. Por eso tal vez algunas personas que deseaban ardientemente venir a pintar y ser pintadas a\u00fan no han venido. Y por eso espero que alg\u00fan d\u00eda bajen sus defensas y vengan, porque&#8230;\u00bbmola\u00bb \ud83d\ude09<br \/>\nEl primer retrato simult\u00e1neo que subo aqu\u00ed es el que hicimos Noelya, (<a href=\"http:\/\/artnube.wix.com\/noelyavaquero\">Artnub\u00e9<\/a>) y yo. Planteamos la sesi\u00f3n una tarde de julio, muy tarde, ella me dijo llegado un momento: -\u00bfTe importa que te pinte con el pelo negro? No me funciona el blanco&#8230; Y yo dije, por supuesto, mientras azotaba el lienzo con agua y trapos y pinceles y pensaba, mira, como cuando nos conocimos&#8230; -Me has salido lluviosa. Le dije yo viendo la alta probabilidad de dejar el trabajo inacabado, -no entiendo el porqu\u00e9. <\/p>\n<p>Al dar por cerrada la sesi\u00f3n, nos despedimos con un abrazo y nos fuimos cada una por su lado. Caminando por el centro nos pill\u00f3 a ambas un aguacero estival, nocturno, que dej\u00f3 el cielo exactamente con los mismos matices con los que la hab\u00eda pintado a ella, azul p\u00e1lido, tierras y grises anochecidos de lluvia de verano bienvenida, &#8211; \u00bf\u00bf!!!Has visto los colores del cielo!!!?? Le escrib\u00ed en un whatsapp, -!Incre\u00edble!, contestamos ambas.<\/p>\n<p>Noelya y yo compartimos estudio. Nos conocimos (amor a primera vista) estudiando la carrera y al acabar nos separamos durante muuuuuchos a\u00f1os sin saber nada apenas la una de la otra. Un d\u00eda de noviembre, este a\u00f1o pasado busqu\u00e9 su foto, una muy antigua y muy graciosa que hicimos en anatom\u00eda art\u00edstica, donde ella sujeta un esqueleto clandestinamente, para poder dibujarle las v\u00e9rtebras en casa. La busqu\u00e9 porque ten\u00eda necesidad de pintarla, de pintar su cara. Tard\u00e9 horas en encontrarla entre cajas y cajas de fotograf\u00edas en papel, ya ves, en papel, pero la encontr\u00e9 y la dej\u00e9 ah\u00ed, sobre mi mesa de dibujo, toda la noche, con sus enormes ojos negros, sujetando el esqueleto. <\/p>\n<p>De forma inexplicable, d\u00eda siguiente nos encontramos por la calle y charlamos durante horas paseando por el r\u00edo. En enero de este a\u00f1o inauguramos nuestro estudio juntas. <\/p>\n<p>Y Aqu\u00ed estamos. Deliciosamente mezcladas.<br \/>\nGracias Noe.<\/p>\n<p>TREMENTINA LUX<\/p>\n","protected":false},"excerpt":{"rendered":"<p>Todo empez\u00f3 no s\u00e9 como. S\u00ed, ten\u00eda necesidad de pintar personas, rostros, y propuse aqu\u00ed y all\u00e1: -Ven conmigo a dejarte pintar. Hasta que top\u00e9 con alguien que pintaba y me dijo: -No sabr\u00e9 estar dos horas quieto&#8230; Y entonces le dije: -Pues me pintas tu a m\u00ed, y yo a t\u00ed. Ese alguien acept\u00f3 [&hellip;]<\/p>\n","protected":false},"author":1,"featured_media":0,"comment_status":"open","ping_status":"open","sticky":false,"template":"","format":"standard","meta":{"rop_custom_images_group":[],"rop_custom_messages_group":[],"rop_publish_now":"initial","rop_publish_now_accounts":[],"rop_publish_now_history":[],"rop_publish_now_status":"pending","ngg_post_thumbnail":0,"_jetpack_memberships_contains_paid_content":false,"footnotes":""},"categories":[8],"tags":[],"class_list":["post-2334","post","type-post","status-publish","format-standard","hentry","category-arte-y-otras-delicias-vindicativas"],"jetpack_featured_media_url":"","jetpack_likes_enabled":true,"jetpack_sharing_enabled":true,"_links":{"self":[{"href":"https:\/\/trementinalux.com\/Blog\/wp-json\/wp\/v2\/posts\/2334","targetHints":{"allow":["GET"]}}],"collection":[{"href":"https:\/\/trementinalux.com\/Blog\/wp-json\/wp\/v2\/posts"}],"about":[{"href":"https:\/\/trementinalux.com\/Blog\/wp-json\/wp\/v2\/types\/post"}],"author":[{"embeddable":true,"href":"https:\/\/trementinalux.com\/Blog\/wp-json\/wp\/v2\/users\/1"}],"replies":[{"embeddable":true,"href":"https:\/\/trementinalux.com\/Blog\/wp-json\/wp\/v2\/comments?post=2334"}],"version-history":[{"count":32,"href":"https:\/\/trementinalux.com\/Blog\/wp-json\/wp\/v2\/posts\/2334\/revisions"}],"predecessor-version":[{"id":2368,"href":"https:\/\/trementinalux.com\/Blog\/wp-json\/wp\/v2\/posts\/2334\/revisions\/2368"}],"wp:attachment":[{"href":"https:\/\/trementinalux.com\/Blog\/wp-json\/wp\/v2\/media?parent=2334"}],"wp:term":[{"taxonomy":"category","embeddable":true,"href":"https:\/\/trementinalux.com\/Blog\/wp-json\/wp\/v2\/categories?post=2334"},{"taxonomy":"post_tag","embeddable":true,"href":"https:\/\/trementinalux.com\/Blog\/wp-json\/wp\/v2\/tags?post=2334"}],"curies":[{"name":"wp","href":"https:\/\/api.w.org\/{rel}","templated":true}]}}