{"id":20,"date":"2010-10-26T17:35:29","date_gmt":"2010-10-26T17:35:29","guid":{"rendered":"http:\/\/trementinalux.com\/Blog\/?p=20"},"modified":"2019-03-25T13:50:57","modified_gmt":"2019-03-25T13:50:57","slug":"la-bragueta-inteligente","status":"publish","type":"post","link":"https:\/\/trementinalux.com\/Blog\/la-bragueta-inteligente\/","title":{"rendered":"La Bragueta Inteligente"},"content":{"rendered":"<p><!--more--><a href=\"http:\/\/trementinalux.com\/Blog\/wp-content\/uploads\/2010\/12\/braguetainteligent.jpg\"><img decoding=\"async\" class=\"alignnone size-full wp-image-21\" title=\"braguetainteligente\" src=\"http:\/\/trementinalux.com\/Blog\/wp-content\/uploads\/2010\/12\/braguetainteligent.jpg\" alt=\"\" width=\"591\" height=\"394\" srcset=\"https:\/\/trementinalux.com\/Blog\/wp-content\/uploads\/2010\/12\/braguetainteligent.jpg 591w, https:\/\/trementinalux.com\/Blog\/wp-content\/uploads\/2010\/12\/braguetainteligent-300x200.jpg 300w\" sizes=\"(max-width: 591px) 100vw, 591px\" \/><\/a><\/p>\n<p>Aviso: sigo con fiebre y leyendo a Foucault y a Teresa de Laurentis. El\/la que quiera seguirme por esta senda de vocablos pir\u00e9ticos que se suba la temperatura, el m\u00e9todo que lo elija cada cual, y despu\u00e9s, que linke en los textitos de marras.<\/p>\n<p>Cuando est\u00e9is de subid\u00f3n, al otro lado del tel\u00f3n del g\u00e9nero, seguid leyendo si os place y si no, buscad el placer all\u00e1 donde las tormentas abren monta\u00f1as. La temperatura me permitir\u00e1 escuchar vuestros gemidos y aplaudirlos con los latidos de mis jarabes.<br \/>\nTomar conciencia de g\u00e9nero implica esto, ser\u00e9 escueta: estar dentro del sistema y fuera de \u00e9l a un tiempo, o por un tiempo, el tiempo de la fiebre.<br \/>\nCuando se est\u00e1 dentro y fuera de un sistema de pensamiento una se apercibe de cosas como esta: \u00bfPor qu\u00e9 las mujeres no meamos de pie? La hija de una amiga m\u00eda de\u00a0cuatro a\u00f1os lo hace, imita a su padre, yo he visto a otras ni\u00f1as intentarlo y s\u00e9 que una conocida que entr\u00f3 en el ejercito tuvo que aprender a hacerlo de inmediato, mear de cuclillas es darle mucha ventaja al enemigo.<\/p>\n<p>Pensamos que no es \u00abcultural\u00bb sino \u00abnatural\u00bb mear sentadas porque la tecnolog\u00eda occidental de las tazas de wc y el dise\u00f1o moda nos lo pone bastante dif\u00edcil para hacerlo de otra forma. Tambi\u00e9n porque las cremalleras o los botones de los vaqueros no nos sirven para nada ah\u00ed, donde est\u00e1n situados.<\/p>\n<p>Primero, \u00bfPor qu\u00e9 se llaman braguetas?<br \/>\nSegundo, \u00bfPor qu\u00e9 las braguetas est\u00e1n situadas ah\u00ed?<\/p>\n<p>S\u00f3lo se me ocurre una raz\u00f3n (disculpadme, no estoy formada en esto) para que los chicos teng\u00e1is total accesibilidad a vuestro miembro y os la saqu\u00e9is cuando os plazca sin que esto suponga un descr\u00e9dito para ninguno de vosotros, sino m\u00e1s bien un ritual felizmente compartido. No es mi intenci\u00f3n ponerme escatol\u00f3gica.<\/p>\n<p>Sigo. La bragueta que nosotras necesitamos en los vaqueros deber\u00eda empezar y continuar m\u00e1s abajo. Pero claro, esto se confundir\u00eda con una manifiesta accesibilidad sexual, que no urinaria, y la reputaci\u00f3n, repito, re-putaci\u00f3n, cuando no la integridad f\u00edsica de la portante de tan ingeniosa prenda se ver\u00eda en entredicho, as\u00ed siguen siendo las cosas y por estas cosas se siguen tirando piedras a la cabeza de las ad\u00falteras.<\/p>\n<p>Los dise\u00f1adores de vaqueros no hacen m\u00e1s que sacar modelos nuevos para mujeres; que si slim, que si culo latino, que si caderas tal, vientre tal y el talle cada vez m\u00e1s bajo, y a ninguno se le ocurre poner la bendita cremallera en la entrepierna, con la de horas de fiesta que nos garantizar\u00eda no tener que andar esperando en los aseos p\u00fablicos tanto rato en mitad de por ejemplo, un concierto. Y exactamente lo mismo vale para las medias, ni siquiera en el sexshop he podido encontrar algo parecido. Y cuando digo fiesta, tambi\u00e9n me refiero a fiesta, claro.<\/p>\n<p>Lo revolucionario de la bragueta inteligente no es la idea en s\u00ed, se puede ver en ciertas prendas rubber, sino en su\u00a0uso\u00a0urbanita, cotidiano, \u00bfPodr\u00eda la prenda implantarse masivamente con naturalidad o se convertir\u00eda en una rareza, un fetiche sexual para usos espec\u00edficos?<br \/>\nCreo que nos falta mucho para aspirar a mear de pie, a ver quien es la primera en abrir la mano. Y otro d\u00eda, hablar\u00e9 de los tacones.<br \/>\nEsto es tomar conciencia de g\u00e9nero. Darte cuenta de que estamos metidos\/as en un sistema absurdo que bien poco podemos hacer por cambiar, lo que nos condena, al menos temporalmente, a convertirnos en mediocres visionarias o en recalcitrantes vindicadoras capaces de aburrir incluso a los antipir\u00e9ticos.<br \/>\nSomos victimas y verdugos de un sistema de mercado hip\u00f3crita que nos segmenta en lo m\u00e1s absurdo creando bicis, pianos, guitarras, rosas o azules (los colores no son hembras o machos, son colores y los pianos, pianos y las guitarras, guitarras, y las bicis, bicis) y nos deja en un limbo de incomodidad en las necesidades m\u00e1s primarias, las fisiol\u00f3gicas (valga el ejemplo de la bragueta inteligente) seg\u00fan la pir\u00e1mide de Maslow.<br \/>\nCreo que\u00a0Natasha Walter en su libro \u201cMu\u00f1ecas vivientes\u201d lo explica mejor que yo, que sigo con fiebre&#8230; Ella denuncia estas cosas; la abusiva segmentaci\u00f3n de mercado y el sospechoso determinismo biol\u00f3gico que lo fundamenta, os lo cito:<\/p>\n<p>\u201cMi hija est\u00e1 creciendo en un mundo que potencia valores medievales, en el que todas las ni\u00f1as son princesas y los ni\u00f1os, luchadores; en el que todas las ni\u00f1as llevan hadas y todos los ni\u00f1os, superh\u00e9roes en los estuches del colegio\u201d<br \/>\nConoc\u00ed a P. hace dos meses.\u00a0Tiene 26 a\u00f1os, es un chico inteligente, h\u00e1bil, despierto aunque siempre parece aletargado, hace las cosas con calma aunque transmite una serena preocupaci\u00f3n. Tiene estudios y hace tiempo que no va al cine a ver una pel\u00edcula de miedo. Lo dice con tristeza en el almuerzo, mientras conversamos sobre \u201cBuried\u201d. Yo no sab\u00eda nada de P. No sab\u00eda nada de \u00e9l hasta que supe que solo ve pel\u00edculas de la \u201cpava esa y sus amigas\u201d, la Jennifer nosequ\u00e9. No supe nada de \u00e9l hasta que dijo, \u201ces que voy a ser padre en enero\u201d. Entonces le\u00ed mejor su expresi\u00f3n de miedo mim\u00e9tico.<br \/>\nP. que fue educado con soldaditos, coches, metralletas, dragones y otros objetos azules con superh\u00e9roes agresivos, ama el f\u00fatbol, las carreras, las pelis de miedo y acci\u00f3n, pero el sistema le aboca a formar una familia heterosexual con una princesa, llam\u00e9mosla S. que educada, ahogada mejor dicho, en un universo rosa, de purpurina, canciones ligeras, amor cort\u00e9s, biberones y ternura, detesta todo lo que \u00e9l ama. \u00c9l prefer\u00eda un chico, aunque dice, la querr\u00e1 igual. El prefer\u00eda un aliado y P. dijo esto con resignaci\u00f3n, pero sin letargo.<br \/>\nLa segmentaci\u00f3n de mercado es una plaga. Es un argumento destructivo y alienador que nos subsume en un \u201cdeber ser\u201d,\u201cdeber demostrar\u201c constante ante los otros y nos impide desarrollarnos como personas explorando todos nuestros potenciales.<br \/>\nP y S est\u00e1n abocados al fracaso en su vida compartida porque al tiempo que son hijos de un mercado segmentado y sus gustos son antit\u00e9ticos, irreconciliables, son tambi\u00e9n hijos de un sistema hegem\u00f3nico, consensuado, que prima la pareja heterosexual y la familia tradicional como n\u00facleo fundamental de la reproducci\u00f3n del poder y la creaci\u00f3n de nuevas generaciones de trabajadores alienados. (Esto es Foucaltiano, Hala.)<br \/>\nNo tienen escapatoria. Ya no. \u00bfO s\u00ed? -Ed\u00facala como una persona, le dije abrumada por su tristeza, intentando hacerle un poco m\u00e1s feliz, -no se nace mujer, ni hombre, el hombre y la mujer, se hacen. (Y esto es de Beauvoir)<\/p>\n<p>No quiero ponerme seria, he empezado a tomar antibi\u00f3tico y ahora puedo iluminarme m\u00e1s, incluso sobreexponerme hasta desaparecer. Sigo, y acabo. Aquello que no se nombra no existe. Una sociedad que no tiene palabras en su vocabulario para nombrar un concepto, no podr\u00e1 aplicar, asimilar, entender, discutir, valorar, hacer propio, ese concepto.<\/p>\n<p>Os pongo un ejemplo y os dejo reflexionando. La palabra que l\u00e9xicamente deber\u00eda corresponderse a feminismo es machismo. Sin embargo, estas son sus acepciones seg\u00fan el diccionario:<br \/>\nFeminismo.<\/p>\n<p>1. Doctrina social favorable a la mujer, a quien concede capacidad y derechos reservados antes a los hombres.<br \/>\n2. Movimiento que exige para las mujeres iguales derechos que para los hombres.<br \/>\nMachismo.<\/p>\n<p>1. Actitud de prepotencia de los varones respecto de las mujeres<br \/>\nMientras que el feminismo tiene el rango de doctrina social y movimiento, el machismo es tan solo una actitud. Mientras que el feminismo es favorable a la igualdad el machismo es prepotencia.<br \/>\n\u00bfCu\u00e1ndo tendr\u00e9is los varones un t\u00e9rmino propio, capaz de definirse como un movimiento social que persiga la justa igualdad entre los sexos y no un t\u00e9rmino que os degrade como colectivo prepotente?<br \/>\n\u00a1Ah, queridos! Nosotras seguiremos meando sentaditas y vosotros seg\u00fan os apetezca, pero lo que es innegable es que os est\u00e1is perdiendo una barbaridad de d\u00edas de descanso por baja paternal y un mundo de sensaciones, purpurinas y colores apasionante.<br \/>\nVoy a recostarme un rato. So\u00f1ar\u00e9 con el sexo de las sirenas y las braguetas de los mamelucos.<br \/>\nAh! y mi enhorabuena a Ll\u00fc\u00edsa Cunill\u00e9 por el Nacional de Literatura Dram\u00e1tica y\u00a0a La Hongaresa por la cercan\u00eda que le toca,\u00a0con noticias como estas\u00a0 \u00abEl alma se serena\u00bb.<\/p>\n<p>TREMENTINA GENDERLUX<\/p>\n<p>Link al articulito de Teresa de Laurentis.<\/p>\n<p><a href=\"http:\/\/www.msplinks.com\/MDFodHRwOi8vd3d3LmRpc2lkZW5jaWFzZXh1YWwuY2wvMjAwOS8wMy9sYS10ZWNub2xvZ2lhLWRlbC1nZW5lcm8v\" target=\"_blank\">http:\/\/www.disidenciasexual.cl\/2009\/03\/la-tecnologia-del-genero\/<\/a><\/p>\n<p>Link a la p\u00e1gina de Natasha Walter. Atenci\u00f3n a la diferencia de las im\u00e1genes entre las portadas de la edici\u00f3n anglosajona y la espa\u00f1ola. Es obvio que se ha buscado des-atractivar la edici\u00f3n espa\u00f1ola, porque pasar de una foto valiente, con gancho, combativa, a una ilustraci\u00f3n monocrom\u00e1tica, peque\u00f1a y en plan poupee rota que pasar\u00e1 totalmente desapercibida en la selva editorial no da pie a pensar en positivo\u2026digo yo, pero es una opini\u00f3n\u2026<\/p>\n<p><a href=\"http:\/\/www.msplinks.com\/MDFodHRwOi8vbmF0YXNoYXdhbHRlci5jb20v\" target=\"_blank\">http:\/\/natashawalter.com\/<\/a><!--more--><\/p>\n","protected":false},"excerpt":{"rendered":"","protected":false},"author":1,"featured_media":0,"comment_status":"open","ping_status":"open","sticky":false,"template":"","format":"standard","meta":{"rop_custom_images_group":[],"rop_custom_messages_group":[],"rop_publish_now":"initial","rop_publish_now_accounts":[],"rop_publish_now_history":[],"rop_publish_now_status":"pending","ngg_post_thumbnail":0,"_jetpack_memberships_contains_paid_content":false,"footnotes":""},"categories":[301,87],"tags":[6],"class_list":["post-20","post","type-post","status-publish","format-standard","hentry","category-gender-studies","category-vindicaciones-nomadas","tag-reflexion"],"jetpack_featured_media_url":"","jetpack_likes_enabled":true,"jetpack_sharing_enabled":true,"_links":{"self":[{"href":"https:\/\/trementinalux.com\/Blog\/wp-json\/wp\/v2\/posts\/20","targetHints":{"allow":["GET"]}}],"collection":[{"href":"https:\/\/trementinalux.com\/Blog\/wp-json\/wp\/v2\/posts"}],"about":[{"href":"https:\/\/trementinalux.com\/Blog\/wp-json\/wp\/v2\/types\/post"}],"author":[{"embeddable":true,"href":"https:\/\/trementinalux.com\/Blog\/wp-json\/wp\/v2\/users\/1"}],"replies":[{"embeddable":true,"href":"https:\/\/trementinalux.com\/Blog\/wp-json\/wp\/v2\/comments?post=20"}],"version-history":[{"count":6,"href":"https:\/\/trementinalux.com\/Blog\/wp-json\/wp\/v2\/posts\/20\/revisions"}],"predecessor-version":[{"id":3026,"href":"https:\/\/trementinalux.com\/Blog\/wp-json\/wp\/v2\/posts\/20\/revisions\/3026"}],"wp:attachment":[{"href":"https:\/\/trementinalux.com\/Blog\/wp-json\/wp\/v2\/media?parent=20"}],"wp:term":[{"taxonomy":"category","embeddable":true,"href":"https:\/\/trementinalux.com\/Blog\/wp-json\/wp\/v2\/categories?post=20"},{"taxonomy":"post_tag","embeddable":true,"href":"https:\/\/trementinalux.com\/Blog\/wp-json\/wp\/v2\/tags?post=20"}],"curies":[{"name":"wp","href":"https:\/\/api.w.org\/{rel}","templated":true}]}}