{"id":159,"date":"2010-05-24T09:50:34","date_gmt":"2010-05-24T09:50:34","guid":{"rendered":"http:\/\/trementinalux.com\/Blog\/?p=159"},"modified":"2014-02-21T14:00:05","modified_gmt":"2014-02-21T14:00:05","slug":"haz-el-amor-y-no-la-guerra-en-la-playa-de-valencia","status":"publish","type":"post","link":"https:\/\/trementinalux.com\/Blog\/haz-el-amor-y-no-la-guerra-en-la-playa-de-valencia\/","title":{"rendered":"Haz el amor y no la guerra, en la playa de Valencia"},"content":{"rendered":"<p><a href=\"http:\/\/trementinalux.com\/Blog\/haz-el-amor-y-no-la-guerra-en-la-playa-de-valencia\/playano\/\" rel=\"attachment wp-att-179\"><img decoding=\"async\" src=\"http:\/\/trementinalux.com\/Blog\/wp-content\/uploads\/2010\/05\/playano.jpg\" alt=\"\" title=\"playano\" width=\"551\" height=\"368\" class=\"alignnone size-full wp-image-179\" srcset=\"https:\/\/trementinalux.com\/Blog\/wp-content\/uploads\/2010\/05\/playano.jpg 551w, https:\/\/trementinalux.com\/Blog\/wp-content\/uploads\/2010\/05\/playano-150x100.jpg 150w, https:\/\/trementinalux.com\/Blog\/wp-content\/uploads\/2010\/05\/playano-300x200.jpg 300w\" sizes=\"(max-width: 551px) 100vw, 551px\" \/><\/a><\/p>\n<p><em>Cuando los nazis vinieron a llevarse a los comunistas,<br \/>\nguard\u00e9 silencio,\u2028 porque yo no era comunista,<br \/>\nCuando encarcelaron a los socialdem\u00f3cratas,<br \/>\nguard\u00e9 silencio,\u2028 porque yo no era socialdem\u00f3crata,<br \/>\nCuando vinieron a buscar a los sindicalistas,<br \/>\nno protest\u00e9,\u2028 porque yo no era sindicalista,<br \/>\nCuando vinieron a llevarse a los jud\u00edos,<br \/>\nno protest\u00e9, porque yo no era jud\u00edo,<br \/>\nCuando vinieron a buscarme,<br \/>\nno hab\u00eda nadie m\u00e1s que pudiera protestar.<\/em><\/p>\n<p><em>Martin Niem\u00f6ller<br \/>\nAlemania,1946.<\/em><\/p>\n<p>Hace un d\u00eda soleado, entre el 7 de junio y el 7 de septiembre (\u00e9poca de ba\u00f1o). La semana pasada conociste a una persona muy especial y hoy hab\u00e9is quedado para ir a la playa de la Malvarrosa. Ella tiene perro, un cachorro de Collie, pong\u00e1monos id\u00edlicos, t\u00fa has montado una cesta de merienda con todo lo necesario, botellines de cerveza fresca, algo de comida frugal, una toalla grande y una sombrilla peque\u00f1a, para estar m\u00e1s apretados&#8230; Y antes de salir de casa te has animado a coger la guitarra, por si se hace la tarde y os pilla el sol cayendo sobre las espaldas. !Ah! Has pensado: tal vez podamos dormir all\u00ed en la arena, con las estrellas por todo techo&#8230; y decirle entonces !Te amo! Qued\u00e1is en el cruce del Jard\u00edn de Viveros, ella lleva una bici de estilo holand\u00e9s, muy aristocr\u00e1tica y te sorprende con una ca\u00f1a de pescar plegable, cubos para hacer castillos en la arena y paletas para echar una partida en la orilla. Y as\u00ed os vais los tres, ella, tu y el cachorro, sorteando los sem\u00e1foros de Blasco Ib\u00e1\u00f1ez con vuestras bicis, camino del mar mediterr\u00e1neo, cuna de las civilizaciones.<\/p>\n<p>La tarde promete.<\/p>\n<p>Pero lo que ni t\u00fa ni ella sab\u00e9is es que en Valencia estas actitudes no son actitudes \u00abnormales\u00bb son actitudes que los gobernantes consideran \u00abespeciales\u00bb actitudes ilegales que os van a costar la ruina. Estamos en la era de la barbarie. La barbarie entendida como la entend\u00edan los de Frankfurt.<\/p>\n<p>S\u00ed, va en serio. Los que ya vivimos aqu\u00ed somos prisioneros y solo nos queda el exilio a playas v\u00edrgenes, los que no est\u00e1is aqu\u00ed y os han hablado de la calidad de nuestras playas, pensadlo muy bien antes de venir.<\/p>\n<p>Estaba practicando del doremi con el teclado, pero no he podido permanecer callada al enterarme de que la nueva \u00abOrdenanza municipal de utilizaci\u00f3n de las playas y zonas adyacentes\u00bb publicada en el BOP con fecha 18-05-2010 prohibe expresamente estas y otras muchas cuestiones y las multa, abrid bien los bolsillos: entre 750 euros, si la falta es leve y 3.000 euros si es muy grave.<\/p>\n<p>T\u00fa, y ella, llev\u00e1is una tarde id\u00edlica, casi cursi, pero os hab\u00e9is portado mal:<br \/>\n1. Por ir en bici por el paseo (molestando a los paseantes)<br \/>\n2. Por dejar que el perro se ba\u00f1e y haga agujeros en la arena (molestando a los paseantes)<br \/>\n3. Por jugar a las paletas en la orilla (molestando a los paseantes)<br \/>\n4. Por entrar botellines de cristal<br \/>\n5. Por beber alcohol (si os embriagais, molestar\u00e9is..)<br \/>\n6. Por tocar la guitarra (los instrumentos musicales se consideran productores de ruido&#8230; molestan)<br \/>\n7. Por hacer castillos de arena fuera del \u00e1rea se\u00f1alizada<br \/>\n8. Porque la gente os tirara monedas en ese castillo (\u00e1nimo de lucro)<br \/>\n9. Por pescar, o intentarlo (supongo que molestando a los paseantes)<br \/>\n10. Por poner la sombrilla a menos de 6 metros de la l\u00ednea de mar (y molestar a los paseantes)<br \/>\n11. Por dejar la toalla y la sombrilla abandonada un buen rato (d\u00f3nde estar\u00edais&#8230;)<br \/>\n12. Por dormir, o intentarlo con la arena por toda cama y las estrellas por todo cielo<br \/>\n13. Y por hacer pis en el mar, en secreto, como la adolescente del otro post&#8230; (y no es que moleste es que es una guarrada)<\/p>\n<p>Menos mal que no os hab\u00e9is ba\u00f1ado con bandera roja que no hab\u00e9is hecho una fogata para asar el pescadito y que el surf no es lo vuestro. A\u00fan as\u00ed son unas 13 faltas, a grosso modo, unos 9.000 euros de multa por asumir en la playa un comportamiento manifiestamente incivilizado.<\/p>\n<p>Repito: 9.000, con tres ceros y vuestra sombrilla y vuestra toalla y las bicis han sido requisadas, pero tranquilos, si sois capaces de acreditar que son vuestras os las devuelven&#8230; \u00bfTen\u00e9is la factura en la cesta del picnic? Nooo, que l\u00e1stima&#8230;<\/p>\n<p>\u00bfEs intolerable ponerle l\u00edmites al cielo? No debe de serlo cuando como ciudadanos, lo toleramos. El poder dominante considera que la playa es para \u00abpasear, estar o ba\u00f1arse\u00bb y cualquier otro uso es \u00abespecial\u00bb y al parecer pernicioso. Esa maldita integraci\u00f3n de lo \u00abdiferente\u00bb en lo \u00abnormal\u00bb es de una perversi\u00f3n supina. Nada es \u00abnormal\u00bb nada es \u00abespecial\u00bb. \u00bfAcaso hay algo anormal en esta id\u00edlica historia? \u00bfVa a convertirse ya en mera e inalcanzable fantas\u00eda? En las playas valencianas, s\u00ed.<\/p>\n<p>Los que propugnan estas nobles leyes abogan por un uso pac\u00edfico del espacio p\u00fablico \u00bfEs acaso pac\u00edfica esta lucrativa y absurda ordenanza? \u00bfEs honesto gravar econ\u00f3micamente al pueblo por estas acciones de lo m\u00e1s leg\u00edtimas, en los publicitados tiempos de crisis? \u00bfSois conscientes de la cantidad de personas que van a pagar como v\u00edctimas desnudas por esta ordenanza surrealista y sacrificial?<\/p>\n<p>\u00bfY sab\u00e9is qui\u00e9n disfruta ahora de la playa de Valencia? Yo os lo digo. La gente de la ciudad. La gente que trabaja en verano, o la gente que no dispone de una segunda residencia. La gente que no tiene calas privadas, ni coches de lujo ni trajes caros. Y os digo m\u00e1s, el paisanaje humano de la Malvarrosa es en los \u00faltimos a\u00f1os de una belleza multirracial que quita el hipo. Bounarroti podr\u00eda haberse inspirado aqu\u00ed para pintar su maravillosa Capilla Sixtina, paisaje de pieles donde los haya. Esa es la gente que va a pagar. A mi me indigna. Porque hoy todos tenemos perro y bici y una guitarra y ganas de dormir bajo las estrellas, pac\u00edficamente y adem\u00e1s a\u00fan no conocemos bien el idioma de esta tierra que nos acoge y nos estrangula con el mismo ardor.<\/p>\n<p>Menos mal que el hip\u00f3crita puritanismo de esos pol\u00edticos, que no pisan la playa sino para pisar a sus gentes, no les ha hecho caer en la cuenta de que el cuerpo existe. Busco la palabra \u00abdesnudo\u00bb, busco la palabra \u00abcoito\u00bb en esa est\u00fapida sarta de prohibiciones y no las encuentro (aunque puede que est\u00e9n en otra ordenanza \u00abespecial\u00bb) As\u00ed que como dijo uno de los grandes: La ley permite lo que no prohibe. No ser\u00e9 yo quien os invite a un pac\u00edfico desacato.<\/p>\n<p>Que alguien nos salve, nos ahogamos&#8230; \u00bfD\u00f3nde est\u00e1n los socorristas?<br \/>\nTREMENTINA LUX<\/p>\n","protected":false},"excerpt":{"rendered":"<p>Cuando los nazis vinieron a llevarse a los comunistas, guard\u00e9 silencio,\u2028 porque yo no era comunista, Cuando encarcelaron a los socialdem\u00f3cratas, guard\u00e9 silencio,\u2028 porque yo no era socialdem\u00f3crata, Cuando vinieron a buscar a los sindicalistas, no protest\u00e9,\u2028 porque yo no era sindicalista, Cuando vinieron a llevarse a los jud\u00edos, no protest\u00e9, porque yo no era [&hellip;]<\/p>\n","protected":false},"author":1,"featured_media":0,"comment_status":"open","ping_status":"open","sticky":false,"template":"","format":"standard","meta":{"rop_custom_images_group":[],"rop_custom_messages_group":[],"rop_publish_now":"initial","rop_publish_now_accounts":[],"rop_publish_now_history":[],"rop_publish_now_status":"pending","ngg_post_thumbnail":0,"_jetpack_memberships_contains_paid_content":false,"footnotes":""},"categories":[87],"tags":[],"class_list":["post-159","post","type-post","status-publish","format-standard","hentry","category-vindicaciones-nomadas"],"jetpack_featured_media_url":"","jetpack_likes_enabled":true,"jetpack_sharing_enabled":true,"_links":{"self":[{"href":"https:\/\/trementinalux.com\/Blog\/wp-json\/wp\/v2\/posts\/159","targetHints":{"allow":["GET"]}}],"collection":[{"href":"https:\/\/trementinalux.com\/Blog\/wp-json\/wp\/v2\/posts"}],"about":[{"href":"https:\/\/trementinalux.com\/Blog\/wp-json\/wp\/v2\/types\/post"}],"author":[{"embeddable":true,"href":"https:\/\/trementinalux.com\/Blog\/wp-json\/wp\/v2\/users\/1"}],"replies":[{"embeddable":true,"href":"https:\/\/trementinalux.com\/Blog\/wp-json\/wp\/v2\/comments?post=159"}],"version-history":[{"count":4,"href":"https:\/\/trementinalux.com\/Blog\/wp-json\/wp\/v2\/posts\/159\/revisions"}],"predecessor-version":[{"id":3059,"href":"https:\/\/trementinalux.com\/Blog\/wp-json\/wp\/v2\/posts\/159\/revisions\/3059"}],"wp:attachment":[{"href":"https:\/\/trementinalux.com\/Blog\/wp-json\/wp\/v2\/media?parent=159"}],"wp:term":[{"taxonomy":"category","embeddable":true,"href":"https:\/\/trementinalux.com\/Blog\/wp-json\/wp\/v2\/categories?post=159"},{"taxonomy":"post_tag","embeddable":true,"href":"https:\/\/trementinalux.com\/Blog\/wp-json\/wp\/v2\/tags?post=159"}],"curies":[{"name":"wp","href":"https:\/\/api.w.org\/{rel}","templated":true}]}}