{"id":1510,"date":"2012-09-12T16:32:04","date_gmt":"2012-09-12T16:32:04","guid":{"rendered":"http:\/\/trementinalux.com\/Blog\/?p=1510"},"modified":"2012-09-13T10:51:36","modified_gmt":"2012-09-13T10:51:36","slug":"nacer","status":"publish","type":"post","link":"https:\/\/trementinalux.com\/Blog\/nacer\/","title":{"rendered":"Nacer"},"content":{"rendered":"<p><a href=\"http:\/\/trementinalux.com\/Blog\/?attachment_id=1528\" rel=\"attachment wp-att-1528\"><img decoding=\"async\" src=\"http:\/\/trementinalux.com\/Blog\/wp-content\/uploads\/2012\/09\/nacer14.jpg\" alt=\"\" title=\"nacer1\" width=\"1004\" height=\"684\" class=\"alignnone size-full wp-image-1528\" srcset=\"https:\/\/trementinalux.com\/Blog\/wp-content\/uploads\/2012\/09\/nacer14.jpg 1004w, https:\/\/trementinalux.com\/Blog\/wp-content\/uploads\/2012\/09\/nacer14-150x102.jpg 150w, https:\/\/trementinalux.com\/Blog\/wp-content\/uploads\/2012\/09\/nacer14-300x204.jpg 300w\" sizes=\"(max-width: 1004px) 100vw, 1004px\" \/><\/a><\/p>\n<p>La semana que escrib\u00ed la entrada anterior le\u00eda una <a href=\"http:\/\/www.edicionesb.com\/catalogo\/autor\/luis-racionero\/774\/libro\/el-craneo-de-akenaton_2046.html\">novelita<\/a> de Luis Racionero comprada en el supermercado m\u00e1s cercano a la aldea en la que me encontraba, en gran parte incomunicada. En la novelita ambientada en el moderno Egipto, Racionero, experto en est\u00e9tica tao\u00edsta, lanzaba una hip\u00f3tesis que me hizo pensar. <\/p>\n<p>Viene a decir algo as\u00ed como que el ser humano, lejos de ser un animal evolucionado es un animal cuyo cerebro ha crecido tanto en tan poco espacio que ha visto apretujadas sus capacidades, por eso dicen que utilizamos s\u00f3lo un 10%,  y por eso siguiendo este hilo narrativo las mujeres, cuya masa cerebral es discretamente menor, somos m\u00e1s intuitivas que los hombres. Tenemos m\u00e1s espacio para que fluyan las sinapsis en las autopistas neuronales. <\/p>\n<p>Por eso entre nosotros los espacios de la comunicaci\u00f3n han desaparecido, oprimidos, y es por ello que somos el \u00fanico animal que no se entiende con los suyos mediante conexiones supraverbales. El \u00fanico animal idiota que requiere de un idioma que aprende tarde y con tales variables dialectales que hace dificil, sino imposible el entendimiento con los suyos. En la naturaleza los seres siguen utilizando m\u00e9todos de comunicaci\u00f3n suprasensorial, los peces se transmiten las direcciones, los \u00e1rboles los peligros, las aves las alegr\u00edas, hasta los gatos nacen sabiendo comunicarse. Est\u00e1n conectados consigo mismos y con su entorno, sin necesidad de hablar, sin necesidad de preguntarse por el sentido de la vida, porque la vida, es el sentido. <\/p>\n<p>En esta teor\u00eda el lenguaje se convierte en esa pr\u00f3tesis, tan loada, que lejos de legitimarnos como seres desarrollados nos convierte en verdad en aut\u00e9nticos ignorantes.<\/p>\n<p>La semana que escrib\u00ed <a href=\"http:\/\/trementinalux.com\/Blog\/?p=1456\">la historia de M<\/a>. esa mujer que pierde a su hijo a los 7 meses, una persona a la que amo profundamente sufr\u00eda algo parecido. Yo no lo sab\u00eda. Pero la fuerza de la letra fue tal que no com\u00ed en d\u00edas escribi\u00e9ndolo, hasta que estuvo acabado. Y la firmeza bestial con la que aquello sal\u00eda de m\u00ed, esa necesidad rabiosa y decidida, sin tregua, me asustaba, -\u00bfPorqu\u00e9 sale esto, as\u00ed? -me preguntaba sin poder dejar de escribir, sin importarme. La fuerza del dolor fue tal que v\u00ed a M. salir resucitada, de entre las piedras y llenarse de tinta en la p\u00e1gina: la dibuj\u00e9. Tan excepcional fue todo, que la dibuj\u00e9.<\/p>\n<p>Yo no lo sab\u00eda, no sab\u00eda esto, lo de mi amiga amada. Lo supe ayer. Y pens\u00e9 que tal vez algo en mi, aislada como estaba en aquella aldea, sin m\u00f3viles, ni internet, ni tecnolog\u00eda alguna que no fuera la del alma, conect\u00f3 con ella, con su sufrimiento, con sus gritos extenuados, con su angustia y su ira, y su rabia y su sentimiento maldito de culpa e impotencia, con ella, vac\u00eda. Hasta tal extremo que en las mismas horas en las que ella perd\u00eda a su hijo a cientos de kil\u00f3metros de distancia, yo creaba esa ficci\u00f3n sobre una mujer fuerte, valiente, que regresa de la tumba para seguir viva, despu\u00e9s de todo, para contarlo. <\/p>\n<p>No es la primera vez que siento, presiento y conecto en la lejan\u00eda con las emociones de los seres a quien amo, y a\u00fan as\u00ed no puedo explicarlo. Intentar hacerlo es otra historia. S\u00f3lo s\u00e9 que las palabras y los abrazos en silencio son ahora la fuerza bruta que nos mantiene vivas. <\/p>\n<p>El libro de Racionero no es muy bueno.<br \/>\nTREMENTINA LUX<\/p>\n","protected":false},"excerpt":{"rendered":"<p>La semana que escrib\u00ed la entrada anterior le\u00eda una novelita de Luis Racionero comprada en el supermercado m\u00e1s cercano a la aldea en la que me encontraba, en gran parte incomunicada. En la novelita ambientada en el moderno Egipto, Racionero, experto en est\u00e9tica tao\u00edsta, lanzaba una hip\u00f3tesis que me hizo pensar. Viene a decir algo [&hellip;]<\/p>\n","protected":false},"author":1,"featured_media":0,"comment_status":"open","ping_status":"open","sticky":false,"template":"","format":"standard","meta":{"rop_custom_images_group":[],"rop_custom_messages_group":[],"rop_publish_now":"initial","rop_publish_now_accounts":[],"rop_publish_now_history":[],"rop_publish_now_status":"pending","ngg_post_thumbnail":0,"_jetpack_memberships_contains_paid_content":false,"footnotes":""},"categories":[1],"tags":[],"class_list":["post-1510","post","type-post","status-publish","format-standard","hentry","category-sin-categoria"],"jetpack_featured_media_url":"","jetpack_likes_enabled":true,"jetpack_sharing_enabled":true,"_links":{"self":[{"href":"https:\/\/trementinalux.com\/Blog\/wp-json\/wp\/v2\/posts\/1510","targetHints":{"allow":["GET"]}}],"collection":[{"href":"https:\/\/trementinalux.com\/Blog\/wp-json\/wp\/v2\/posts"}],"about":[{"href":"https:\/\/trementinalux.com\/Blog\/wp-json\/wp\/v2\/types\/post"}],"author":[{"embeddable":true,"href":"https:\/\/trementinalux.com\/Blog\/wp-json\/wp\/v2\/users\/1"}],"replies":[{"embeddable":true,"href":"https:\/\/trementinalux.com\/Blog\/wp-json\/wp\/v2\/comments?post=1510"}],"version-history":[{"count":37,"href":"https:\/\/trementinalux.com\/Blog\/wp-json\/wp\/v2\/posts\/1510\/revisions"}],"predecessor-version":[{"id":1549,"href":"https:\/\/trementinalux.com\/Blog\/wp-json\/wp\/v2\/posts\/1510\/revisions\/1549"}],"wp:attachment":[{"href":"https:\/\/trementinalux.com\/Blog\/wp-json\/wp\/v2\/media?parent=1510"}],"wp:term":[{"taxonomy":"category","embeddable":true,"href":"https:\/\/trementinalux.com\/Blog\/wp-json\/wp\/v2\/categories?post=1510"},{"taxonomy":"post_tag","embeddable":true,"href":"https:\/\/trementinalux.com\/Blog\/wp-json\/wp\/v2\/tags?post=1510"}],"curies":[{"name":"wp","href":"https:\/\/api.w.org\/{rel}","templated":true}]}}