{"id":1069,"date":"2011-10-23T09:49:49","date_gmt":"2011-10-23T09:49:49","guid":{"rendered":"http:\/\/trementinalux.com\/Blog\/?p=1069"},"modified":"2014-02-21T13:55:24","modified_gmt":"2014-02-21T13:55:24","slug":"mentiras-derechos-humanos-y-cintas-de-video","status":"publish","type":"post","link":"https:\/\/trementinalux.com\/Blog\/mentiras-derechos-humanos-y-cintas-de-video\/","title":{"rendered":"Mentiras, derechos humanos y cintas de v\u00eddeo&#8230;"},"content":{"rendered":"<p><a href=\"http:\/\/trementinalux.com\/Blog\/mentiras-derechos-humanos-y-cintas-de-video\/foco\/\" rel=\"attachment wp-att-1073\"><img decoding=\"async\" src=\"http:\/\/trementinalux.com\/Blog\/wp-content\/uploads\/2011\/10\/foco.jpg\" alt=\"\" title=\"foco\" width=\"686\" height=\"500\" class=\"alignnone size-full wp-image-1073\" srcset=\"https:\/\/trementinalux.com\/Blog\/wp-content\/uploads\/2011\/10\/foco.jpg 686w, https:\/\/trementinalux.com\/Blog\/wp-content\/uploads\/2011\/10\/foco-150x109.jpg 150w, https:\/\/trementinalux.com\/Blog\/wp-content\/uploads\/2011\/10\/foco-300x218.jpg 300w\" sizes=\"(max-width: 686px) 100vw, 686px\" \/><\/a><\/p>\n<p>Hace dos noches ven\u00eda escuchando la radio mientras conduc\u00eda. Por la tarde antes de llegar al destino la noticia estrella era la muerte de un dictador \u00e1rabe a manos de la OTAN. Al regresar a casa la noticia era el cese de la violencia armada y la muerte del dictador \u00e1rabe a manos de los \u201c<a href=\"http:\/\/buscon.rae.es\/draeI\/SrvltConsulta?TIPO_BUS=3&#038;LEMA=rebelde\">rebeldes<\/a>\u201d, los \u201ccombatientes\u201d. Por la noche puse la tele y entr\u00e9 un ratito en las redes sociales. Comprob\u00e9 que al igual que en el caso del 15M la <a href=\"http:\/\/en.wikipedia.org\/wiki\/Agenda-setting_theory\">agenda<\/a> de los medios no es la agenda de las redes.<\/p>\n<p>En la tele se vieron dos v\u00eddeos que tambi\u00e9n los grandes portales online ofrec\u00edan en primera p\u00e1gina con un simple clic. <a href=\"http:\/\/www.youtube.com\/watch?v=zCzpudQckoc\">Uno es un v\u00eddeo<\/a> hecho probablemente con una handycam sobre un tr\u00edpode, est\u00e1 rodado en un interior iluminado, el espacio est\u00e1 decorado con banderas y tras una mesa aparecen tres encapuchados pr\u00e1cticamente inm\u00f3viles y una voz <a href=\"http:\/\/books.google.es\/books?id=Tdjdt-Up-uUC&#038;pg=PA146&#038;dq=acusmetro&#038;hl=es&#038;ei=ZtqjTp3uBoKN8gPhxqDXBQ&#038;sa=X&#038;oi=book_result&#038;ct=result&#038;resnum=1&#038;ved=0CDEQ6AEwAA#v=onepage&#038;q=acusmetro&#038;f=false\">acusmatizada<\/a>, es decir, se supone que quien habla es uno de ellos, el del centro, tal vez, pero es imposible conocer este supuesto ya que todas las bocas permanecen ocultas tras la capucha. Se trata de un plano secuencia fijo que da pie a una narraci\u00f3n institucional, con su atrezzo, su gui\u00f3n, su escenograf\u00eda y sus actores, es decir simb\u00f3lica, firmemente convencionalizada y teatralizada. <\/p>\n<p><a href=\"http:\/\/www.youtube.com\/verify_controversy?next_url=http%3A\/\/www.youtube.com\/watch%3Fv%3DFYYN8VDwryg\">El otro v\u00eddeo<\/a> pertenece a un conjunto de fragmentos breves con la misma tem\u00e1tica. Est\u00e1n rodados con un dispositivo m\u00f3vil en un espacio exterior, tambi\u00e9n parece un plano secuencia, aunque el movimiento inusual de la c\u00e1mara impide determinar esto con claridad. La mayor\u00eda de los hombres que aparecen y desaparecen del encuadre no llevan capucha, son visibles, pero tambi\u00e9n an\u00f3nimos. Est\u00e1n asesinando al dictador, a plena luz del d\u00eda. Al dictador se le ve la cara por un momento, y ese momento ha sido ralentizado en posproducci\u00f3n para poder ver que efectivamente el sujeto reconocible parece poder ser reconocido antes de morir. De quien ha podido posproducir este v\u00eddeo \u201cdom\u00e9stico\u201d nada se dice. <\/p>\n<p>En un v\u00eddeo se habla del fin de los asesinatos con la cara tapada, en el otro varias decenas de hombres con la cara descubierta y la cabeza bien alta linchan a otro hombre y se felicitan por ello. Sin embargo, los medios recogen las dos noticias y engloban ambos sucesos bajo rimbombantes ep\u00edgrafes: el d\u00eda de la liberaci\u00f3n, la libertad y el triunfo de la democracia.<\/p>\n<p>Personalmente me confunde mucho esta sociedad bipolar y psicop\u00e1tica. Los dirigentes, ellos, hicieron declaraciones institucionales sobre los tipos de la capucha. Y luego, ellos otra vez, los dirigentes occidentales aparecieron en unos cortes del telediario estrechando la mano del dictador, ampulosos y rid\u00edculos, al que al parecer le fueron entregadas por Gallard\u00f3n incluso las llaves de la ciudad de Madrid.<\/p>\n<p>En la radio dec\u00edan, refiri\u00e9ndose a los encapuchados, que a cualquier persona de bien le repugnar\u00eda estrechar la mano de un asesino. En el telediario Sarkozy, Obama, Zapatero, Aznar, Mandela, el rey de aqu\u00ed, Gallard\u00f3n, incluso el italiano este bajito que sodomiza Italia, se codearon con el dictador, le recibieron, le invitaron, le sonrieron, le dieron la mano, las llaves y la confianza.<\/p>\n<p>No entiendo nada, si seg\u00fan los medios la liberaci\u00f3n comienza por el asesinato del dictador a manos del pueblo y las democracias occidentales y sus l\u00edderes, sometidos a la dictadura de los mercados est\u00e1n mundialmente puestos en entredicho, \u00bfa qu\u00e9 tipo de lectura nos est\u00e1n abocando? \u00bfTiene algo que ver este tipo de lectura con la <a href=\"http:\/\/marichams.files.wordpress.com\/2011\/10\/indignados-marilungo-15o.jpeg\">criminalizaci\u00f3n irresponsable por parte de los medios<\/a>, voceros del poder, de los movimientos pac\u00edficos, democr\u00e1ticos, solidarios, mundiales y bastante inteligentes del verdadero <a href=\"http:\/\/www.democraciarealya.es\/blog\/tag\/15m\/\">15 M<\/a>?<\/p>\n<p>Y es que frente a los viejos modos de contar, los m\u00f3viles con captura de v\u00eddeo estrenan un nuevo modo de producir la realidad, donde la escenograf\u00eda, el atrezzo, el gui\u00f3n y los actores no saben que lo son, es decir, que la puesta en escena debe ser previa y meticulosamente calculada, sin ingenuidades, para servir a la representaci\u00f3n ilusoria del m\u00e1s exhaustivo directo, ya que no hay posibilidad de segundas tomas cuando la v\u00edctima ha muerto, esto en argot es <a href=\"http:\/\/es.wikipedia.org\/wiki\/Tesis_(pel%C3%ADcula)\">cine snuff<\/a> y en lenguaje cabal, pornograf\u00eda. <\/p>\n<p>Es decir, que los que ejecutan est\u00e1n metidos en la acci\u00f3n f\u00edlmica, pero quien desea la muerte, incluso quien la dirige est\u00e1 precisamente al otro lado de la c\u00e1mara, no filmando, sino <a href=\"http:\/\/www.taringa.net\/posts\/noticias\/10562771\/Diario-ultraortodoxo-borra-a-Hilary_-foto-muerte-Osama-bin.html\">viendo con mayor o menor obsceno deleite<\/a> los sangrientos resultados de la planificaci\u00f3n. El caso es que ya van tres asesinatos de \u00e1rabes \u00abmalvados y poderosos\u00bb en riguroso directo, lo que entiendo como un espeluznante atentado contra los derechos humanos, como un claro exponente m\u00e1s de terrorismo visual al que nos habit\u00faan, con visos de canonizaci\u00f3n. Un especialista podr\u00eda determinar que la salud mental de la sociedad occidental padece en su conjunto al menos cuatro, sino cinco psicopatolog\u00edas graves: fobia, obsesi\u00f3n, compulsi\u00f3n, psicopat\u00eda y transtorno bipolar\u2026 \u00bfLlevar\u00eda Gadafi en su bolsillo, al morir, las llaves de Madrid?<\/p>\n<p>No entiendo nada, pero tengo una propuesta. Primero, para ser dirigente hay que ser mitad hombre mitad mujer. Ya est\u00e1 bien de que \u00abellos\u00bb se maten, se den la mano, se la corten, se digan si son buenos o malos y se escuchen a si mismos repetir un modelo de mundo basado en el despotismo y la barbarie, que no funciona: \u00a1no funciona! \u00bfQu\u00e9 eso no nos garantizar\u00eda nada? Bueno, es hora de comprobarlo, lo que me lleva a pensar otra vez qu\u00e9 demonios le dir\u00edan los dichosos varones a Carme Chac\u00f3n para obligarla a renunciar a su candidatura con esa cara de<a href=\"http:\/\/blogs.eluniversal.com.mx\/weblogs_detalle14604.html\"> osa a la que le extraen a la fuerza la bilis<\/a>&#8230;<\/p>\n<p>No s\u00e9 qu\u00e9 aprenden en las facultades de pol\u00edtica pero me sumo a la propuesta de evaluar la salud mental de los dirigentes mundiales, de modo que para dirigir un pa\u00eds cada candidato y cada candidata realicen terapia y que en funci\u00f3n de su grado de salud mental puedan o no seguir cursando estudios pr\u00e1cticos de gobierno avanzado y proponerse como representantes de alguien. Estos estudios de gobierno avanzado consisten b\u00e1sicamente en situaciones experienciales. Se trata de realizar al menos diez a\u00f1os de trabajo asistencial con animales, plantas, personas y personas con necesidades especiales. Pueden en este per\u00edodo cobrar un sueldo de 400 euros al mes, que es el m\u00e1ximo sueldo al que puede aspirar un docente contratado como asociado en la universidad p\u00fablica.<\/p>\n<p>El programa de formaci\u00f3n de dirigentes puede ser el siguiente, aunque se aceptan sugerencias por consenso ciudadano: dos a\u00f1os en guarder\u00edas dando cuidados, haciendo re\u00edr y aprendiendo a compartir, dos en residencias geri\u00e1tricas levantando, acostando y paseando personas, conversando y abrazando, dos a\u00f1os m\u00e1s conviviendo con personas con discapacidad f\u00edsica o mental, dos a\u00f1os m\u00e1s encima de una secuoya amenazada de tala indiscriminada, dos a\u00f1os m\u00e1s conviviendo con ind\u00edgenas en peligro de extinci\u00f3n, dos a\u00f1os m\u00e1s intentando conseguir los papeles mientras trabajan a la fuerza fingiendo placer en un club de carretera, dos a\u00f1os m\u00e1s prestando servicios en un campamento de refugiados, dos a\u00f1os m\u00e1s pasando hambrunas, dos a\u00f1os m\u00e1s combatiendo con armas occidentales en las guerras africanas, dos a\u00f1os m\u00e1s estudiando en un colegio p\u00fablico en barracones, dos a\u00f1os m\u00e1s viviendo en un barrio amenazado por la especulaci\u00f3n inmobiliaria, dos a\u00f1os m\u00e1s sin vivienda por no poder pagar la hipoteca, dos a\u00f1os m\u00e1s comiendo en comedores de caridad, dos a\u00f1os m\u00e1s pintando caricaturas en la calle, dos a\u00f1os m\u00e1s trabajando en los frigor\u00edficos de una f\u00e1brica de congelados, dos a\u00f1os m\u00e1s trabajando en unos grandes almacenes que abran los domingos, dos a\u00f1os m\u00e1s ejerciendo de payasos en los hospitales, dos a\u00f1os m\u00e1s en\u2026 \u00bfUy, llevo m\u00e1s de diez?<\/p>\n<p>TREMENTINA LUX<br \/>\nLeyendo a Herta M\u00fcller y pensando c\u00f3mo crear huertos sostenibles en los cientos de solares de propiedad p\u00fablica que hay en la ciudad.<\/p>\n","protected":false},"excerpt":{"rendered":"<p>Hace dos noches ven\u00eda escuchando la radio mientras conduc\u00eda. Por la tarde antes de llegar al destino la noticia estrella era la muerte de un dictador \u00e1rabe a manos de la OTAN. Al regresar a casa la noticia era el cese de la violencia armada y la muerte del dictador \u00e1rabe a manos de los [&hellip;]<\/p>\n","protected":false},"author":1,"featured_media":0,"comment_status":"open","ping_status":"open","sticky":false,"template":"","format":"standard","meta":{"rop_custom_images_group":[],"rop_custom_messages_group":[],"rop_publish_now":"initial","rop_publish_now_accounts":[],"rop_publish_now_history":[],"rop_publish_now_status":"pending","ngg_post_thumbnail":0,"_jetpack_memberships_contains_paid_content":false,"footnotes":""},"categories":[87],"tags":[17,86],"class_list":["post-1069","post","type-post","status-publish","format-standard","hentry","category-vindicaciones-nomadas","tag-15m","tag-videos"],"jetpack_featured_media_url":"","jetpack_likes_enabled":true,"jetpack_sharing_enabled":true,"_links":{"self":[{"href":"https:\/\/trementinalux.com\/Blog\/wp-json\/wp\/v2\/posts\/1069","targetHints":{"allow":["GET"]}}],"collection":[{"href":"https:\/\/trementinalux.com\/Blog\/wp-json\/wp\/v2\/posts"}],"about":[{"href":"https:\/\/trementinalux.com\/Blog\/wp-json\/wp\/v2\/types\/post"}],"author":[{"embeddable":true,"href":"https:\/\/trementinalux.com\/Blog\/wp-json\/wp\/v2\/users\/1"}],"replies":[{"embeddable":true,"href":"https:\/\/trementinalux.com\/Blog\/wp-json\/wp\/v2\/comments?post=1069"}],"version-history":[{"count":47,"href":"https:\/\/trementinalux.com\/Blog\/wp-json\/wp\/v2\/posts\/1069\/revisions"}],"predecessor-version":[{"id":3042,"href":"https:\/\/trementinalux.com\/Blog\/wp-json\/wp\/v2\/posts\/1069\/revisions\/3042"}],"wp:attachment":[{"href":"https:\/\/trementinalux.com\/Blog\/wp-json\/wp\/v2\/media?parent=1069"}],"wp:term":[{"taxonomy":"category","embeddable":true,"href":"https:\/\/trementinalux.com\/Blog\/wp-json\/wp\/v2\/categories?post=1069"},{"taxonomy":"post_tag","embeddable":true,"href":"https:\/\/trementinalux.com\/Blog\/wp-json\/wp\/v2\/tags?post=1069"}],"curies":[{"name":"wp","href":"https:\/\/api.w.org\/{rel}","templated":true}]}}